{"id":76997,"date":"2023-02-22T22:15:06","date_gmt":"2023-02-22T21:15:06","guid":{"rendered":"https:\/\/www.brennerbasisdemokratie.eu\/?p=76997"},"modified":"2025-05-29T21:19:31","modified_gmt":"2025-05-29T19:19:31","slug":"mit-urzi-die-autonomie-wiederherstellen","status":"publish","type":"post","link":"https:\/\/www.brennerbasisdemokratie.eu\/?p=76997","title":{"rendered":"Mit Urz\u00ec die Autonomie wiederherstellen."},"content":{"rendered":"<p>Der italienische Regionenminister, <a title=\"Calderoli wegen Rassismus verurteilt.\" href=\"https:\/\/www.brennerbasisdemokratie.eu\/?p=45112\" rel=\"\">Rassist<\/a>&nbsp;Roberto Calderoli <em>(Lega),<\/em>&nbsp;hat Alessandro Urz\u00ec (<abbr title=\"Fratelli d\u2019Italia\">FdI<\/abbr>) zum Mitglied der Sechserkommission ernannt, deren Aufgabe die Ausarbeitung von Durchf\u00fchrungsbestimmungen zum Autonomiestatut ist. So sieht also der erste konkrete Schritt zur <a title=\"Vergifteter Apfel.\" href=\"https:\/\/www.brennerbasisdemokratie.eu\/?p=74619\" rel=\"\">in Aussicht gestellten Wiederherstellung<\/a>&nbsp;der verlorenen Zust\u00e4ndigkeiten aus: es wird ein Zentralist und Ultranationalist ins daf\u00fcr zust\u00e4ndige Gremium entsandt. Einer, der die Annexion unseres Landes durch Italien <a title=\"Sudtirolo liberato dalla \u00abtirannia\u00bb austroungarica.\" href=\"https:\/\/www.brennerbasisdemokratie.eu\/?p=30235\" rel=\"\">als Befreiung von der Tyrannei betrachtet<\/a>, stets jede \u00dcberwindung faschistischen Unrechts bek\u00e4mpft hat und nie m\u00fcde wurde zu betonen, dass sein \u00bbeinziges Interesse\u00ab den Italienerinnen gilt, die er sogar als <a title=\"Urz\u00ec difensore della (non) minoranza.\" href=\"https:\/\/www.brennerbasisdemokratie.eu\/?p=73860\" rel=\"\">die eigentliche Minderheit im Lande<\/a>&nbsp;betrachtet.<\/p>\n<p>Wenn das ein Omen ist, ist es mit Sicherheit kein erfreuliches. Gut m\u00f6glich nat\u00fcrlich, dass der ehemalige Landtagsabgeordnete versucht, als Mitglied der Sechserkommission ein wenig \u00fcber seinen Schatten zu springen, um sich als Nachfolger der <em>Lega<\/em> als Koalitionspartner der <abbr title=\"S\u00fcdtiroler Volkspartei\">SVP<\/abbr> in Position zu bringen. Das w\u00fcrde sich dann allerdings sp\u00e4testens nach der kommenden Landtagswahl r\u00e4chen.<\/p>\n<p><strong><span style=\"font-family: Helvetica, Arial, sans-serif; text-transform: uppercase;\">C\u00ebla enghe:<\/span><\/strong> <a title=\"Urz\u00ec will U-Ausschuss mit Bombenjahren befassen.\" href=\"https:\/\/www.brennerbasisdemokratie.eu\/?p=76666\"><code>01<\/code><\/a> <a title=\"Toponomastik: Urz\u00ec gibt den Ton an.\" href=\"https:\/\/www.brennerbasisdemokratie.eu\/?p=48964\"><code>02<\/code><\/a> <a title=\"Urz\u00ec gegen S\u00e8n Jan.\" href=\"https:\/\/www.brennerbasisdemokratie.eu\/?p=34776\"><code>03<\/code><\/a> <a title=\"Landeshauptmann Urz\u00ec.\" href=\"https:\/\/www.brennerbasisdemokratie.eu\/?p=33960\"><code>04<\/code><\/a> <span style=\"font-family: Helvetica, Arial, sans-serif; font-weight: normal;\">||<\/span> <a title=\"FdI gegen Schutzfunktion \u00d6sterreichs.\" href=\"https:\/\/www.brennerbasisdemokratie.eu\/?p=77472\"><span style=\"color: #ff8c00\"><code>01<\/code><\/span><\/a> <a title=\"Urz\u00ec sitzt Sechserkommission vor.\" href=\"https:\/\/www.brennerbasisdemokratie.eu\/?p=77767\"><span style=\"color: #ff8c00\"><code>02<\/code><\/span><\/a> <a title=\"Autonomie: Urz\u00ec lehnt Schutzklauseln ab.\" href=\"https:\/\/www.brennerbasisdemokratie.eu\/?p=87906\"><span style=\"color: #ff8c00\"><code>03<\/code><\/span><\/a> <a title=\"Urz\u00ec wollte Grundpfeiler des Minderheitenschutzes beseitigen.\" href=\"https:\/\/www.brennerbasisdemokratie.eu\/?p=91473\"><span style=\"color: #ff8c00\"><code>04<\/code><\/span><\/a> <a title=\"Mit Urz\u00ec die Autonomie zerst\u00f6ren.\" href=\"https:\/\/www.brennerbasisdemokratie.eu\/?p=92488\"><span style=\"color: #ff8c00\"><code>05<\/code><\/span><\/a><\/p>","protected":false},"excerpt":{"rendered":"<p>Der italienische Regionenminister, Rassist&nbsp;Roberto Calderoli (Lega),&nbsp;hat Alessandro Urz\u00ec (FdI) zum Mitglied der Sechserkommission ernannt, deren Aufgabe die Ausarbeitung von Durchf\u00fchrungsbestimmungen zum Autonomiestatut ist. So sieht also der erste konkrete Schritt zur in Aussicht gestellten Wiederherstellung&nbsp;der verlorenen Zust\u00e4ndigkeiten aus: es wird ein Zentralist und Ultranationalist ins daf\u00fcr zust\u00e4ndige Gremium entsandt. Einer, der die Annexion unseres Landes [&hellip;]<\/p>","protected":false},"author":1,"featured_media":0,"comment_status":"open","ping_status":"open","sticky":false,"template":"","format":"standard","meta":{"_crdt_document":"","ngg_post_thumbnail":0,"_jetpack_memberships_contains_paid_content":false,"footnotes":""},"categories":[1],"tags":[],"class_list":["post-76997","post","type-post","status-publish","format-standard","hentry","category-allgemein","entity-fdi","entity-lega","entity-sechser-zwolferkommission","entity-svp","issue-autonomiereform","issue-geschichtsaufarbeitung","issue-landtagswahl-2023","location-italy","location-sudtirolo","language-deutsch","person-alessandro-urzi","person-roberto-calderoli","topic-faschismen","topic-minderheitenschutz","topic-nationalismus","topic-politik","topic-vorzeigeautonomie","topic-zentralismus","topic-zustaendigkeiten"],"jetpack_featured_media_url":"","jetpack_sharing_enabled":true,"_links":{"self":[{"href":"https:\/\/www.brennerbasisdemokratie.eu\/index.php?rest_route=\/wp\/v2\/posts\/76997","targetHints":{"allow":["GET"]}}],"collection":[{"href":"https:\/\/www.brennerbasisdemokratie.eu\/index.php?rest_route=\/wp\/v2\/posts"}],"about":[{"href":"https:\/\/www.brennerbasisdemokratie.eu\/index.php?rest_route=\/wp\/v2\/types\/post"}],"author":[{"embeddable":true,"href":"https:\/\/www.brennerbasisdemokratie.eu\/index.php?rest_route=\/wp\/v2\/users\/1"}],"replies":[{"embeddable":true,"href":"https:\/\/www.brennerbasisdemokratie.eu\/index.php?rest_route=%2Fwp%2Fv2%2Fcomments&post=76997"}],"version-history":[{"count":8,"href":"https:\/\/www.brennerbasisdemokratie.eu\/index.php?rest_route=\/wp\/v2\/posts\/76997\/revisions"}],"predecessor-version":[{"id":92507,"href":"https:\/\/www.brennerbasisdemokratie.eu\/index.php?rest_route=\/wp\/v2\/posts\/76997\/revisions\/92507"}],"wp:attachment":[{"href":"https:\/\/www.brennerbasisdemokratie.eu\/index.php?rest_route=%2Fwp%2Fv2%2Fmedia&parent=76997"}],"wp:term":[{"taxonomy":"category","embeddable":true,"href":"https:\/\/www.brennerbasisdemokratie.eu\/index.php?rest_route=%2Fwp%2Fv2%2Fcategories&post=76997"},{"taxonomy":"post_tag","embeddable":true,"href":"https:\/\/www.brennerbasisdemokratie.eu\/index.php?rest_route=%2Fwp%2Fv2%2Ftags&post=76997"}],"curies":[{"name":"wp","href":"https:\/\/api.w.org\/{rel}","templated":true}]}}