{"id":77039,"date":"2023-02-25T11:29:32","date_gmt":"2023-02-25T10:29:32","guid":{"rendered":"https:\/\/www.brennerbasisdemokratie.eu\/?p=77039"},"modified":"2024-03-29T10:55:09","modified_gmt":"2024-03-29T09:55:09","slug":"reisepass-sechs-monate-und-mehr","status":"publish","type":"post","link":"https:\/\/www.brennerbasisdemokratie.eu\/?p=77039","title":{"rendered":"Reisepass, sechs Monate und mehr."},"content":{"rendered":"<p>K\u00fcrzlich wurde uns hier ja vorgeworfen, ungepr\u00fcft die \u00bbFalschinformation\u00ab <a title=\"\u00dcber ein halbes Jahr f\u00fcr einen Reisepass.\" href=\"https:\/\/www.brennerbasisdemokratie.eu\/?p=76279\" rel=\"\">weitergegeben zu haben<\/a>, dass man in S\u00fcdtirol derzeit \u00fcber ein halbes Jahr auf einen Termin zur Beantragung eines Reisepasses warte.<\/p>\n<p>Gestern habe ich mir also noch einmal die M\u00fche gemacht, der Sache auch selbst nachzugehen.<\/p>\n<p>Nachdem ich mich mit dem <a title=\"\u00d6SDI kommt sofort, Zweisprachigkeit irgendwann.\" href=\"https:\/\/www.brennerbasisdemokratie.eu\/?p=39167\" rel=\"\">einsprachigen<\/a> <abbr title=\"\u00d6ffentliches System ditigale Identit\u00e4t\">\u00d6SDI<\/abbr> eingeloggt hatte, wurde mir dank \u00fcbersichtlicher <em>\u00bbListe dervererf\u00fcgbaren bezugstellen\u00ab<\/em> sofort aufgezeigt, dass an drei von sieben Standorten in der Provinz <em>\u00bbBolzano\u00ab<\/em> gar keine Termine verf\u00fcgbar (oder \u00bbvererf\u00fcgbar\u00ab) sind:<\/p>\n<blockquote><p><img loading=\"lazy\" decoding=\"async\" class=\"size-full wp-image-77040 aligncenter\" src=\"https:\/\/www.brennerbasisdemokratie.eu\/wp-content\/uploads\/2023\/02\/polizei-reisepass-bezugsstellen.png\" alt=\"\" width=\"950\" height=\"338\" srcset=\"https:\/\/www.brennerbasisdemokratie.eu\/wp-content\/uploads\/2023\/02\/polizei-reisepass-bezugsstellen.png 950w, https:\/\/www.brennerbasisdemokratie.eu\/wp-content\/uploads\/2023\/02\/polizei-reisepass-bezugsstellen-768x273.png 768w\" sizes=\"auto, (max-width: 950px) 100vw, 950px\" \/><\/p><\/blockquote>\n<p>Genauer gesagt: Am <em>\u00bbsportello passaporti presso polizia stradale di brunico\u00ab,<\/em> am <em>\u00bbCommissariato Malles Venosta\u00ab<\/em> und am <em>\u00bbCommissariato Brennero\u00ab<\/em> hei\u00dft es von vornherein <em>\u00bbNo\u00ab,<\/em> nur in <em>\u00bbBolzano\u00ab, \u00bbMerano\u00ab, \u00bbSan Candido\u00ab<\/em> und <em>\u00bbBressanone\u00ab<\/em> ja.<\/p>\n<p>Knapp die H\u00e4lfte der potenziellen Standorte fiel also gleich aus.<\/p>\n<p>Und bei den anderen sah es gestern so aus:<\/p>\n<blockquote><p><img loading=\"lazy\" decoding=\"async\" class=\"size-full wp-image-77041 aligncenter\" src=\"https:\/\/www.brennerbasisdemokratie.eu\/wp-content\/uploads\/2023\/02\/polizei-reisepass-terminebozen.png\" alt=\"\" width=\"950\" height=\"662\"\/><\/p><\/blockquote>\n<p><small><em>Terminkalender Bozen (am 24. Februar 2023)<\/em><\/small><\/p>\n<p>Fr\u00fchestm\u00f6glicher Termin in der <em>\u00bbQuestura di Bolzano\u00ab<\/em> war der 25. September, also in so gut wie 7 Monaten. Von den <em>\u00bbnuovi appuntamenti per la settimana successiva\u00ab,<\/em> die laut eingeblendeter Information genau am <em>\u00bbvenerd\u00ec\u00ab<\/em> freigeschaltet werden sollen, war leider keine Spur.<\/p>\n<blockquote><p><img loading=\"lazy\" decoding=\"async\" class=\"size-medium wp-image-77044 aligncenter\" src=\"https:\/\/www.brennerbasisdemokratie.eu\/wp-content\/uploads\/2023\/02\/polizei-reisepass-terminemeran.png\" alt=\"\" width=\"950\" height=\"567\"\/><\/p><\/blockquote>\n<p><small><em>Terminkalender Meran (am 24. Februar 2023)<\/em><\/small><\/p>\n<p>Noch viel schlimmer sah es am <em>\u00bbCommissariato Merano\u00ab<\/em> aus, wo erst in neun Monaten \u2014 Anfang Dezember \u2014 wieder Termine angeboten werden.<\/p>\n<blockquote><p><img loading=\"lazy\" decoding=\"async\" class=\"size-medium wp-image-77043 aligncenter\" src=\"https:\/\/www.brennerbasisdemokratie.eu\/wp-content\/uploads\/2023\/02\/polizei-reisepass-termineinnichen.png\" alt=\"\" width=\"950\" height=\"659\"\/><\/p><\/blockquote>\n<p><small><em>Terminkalender Innichen (am 24. Februar 2023)<\/em><\/small><\/p>\n<p>Am <em>\u00bbCommissariato San Candido\u00ab<\/em> konnte man gestern mit etwas Gl\u00fcck noch einen Termin im Oktober ergattern. Doch das gro\u00dfe Los war am <em>\u00bbCommissariato Bressanone\u00ab<\/em> zu ziehen:<\/p>\n<blockquote><p><img loading=\"lazy\" decoding=\"async\" class=\"size-full wp-image-77042 aligncenter\" src=\"https:\/\/www.brennerbasisdemokratie.eu\/wp-content\/uploads\/2023\/02\/polizei-reisepass-terminebrixen.png\" alt=\"\" width=\"950\" height=\"708\"\/><\/p><\/blockquote>\n<p><small><em>Terminkalender Brixen (24. Februar 2023)<\/em><\/small><\/p>\n<p>Schon Mitte September und somit fr\u00fcher als \u00fcberall sonst im Lande waren hier noch ganze vier Termine verf\u00fcgbar \u2014 in unter sieben Monaten also.<\/p>\n<blockquote><p><img loading=\"lazy\" decoding=\"async\" class=\"alignnone size-full wp-image-77049\" src=\"https:\/\/www.brennerbasisdemokratie.eu\/wp-content\/uploads\/2023\/02\/polizei-reisepass-termineopendays.png\" alt=\"\" width=\"950\" height=\"230\" srcset=\"https:\/\/www.brennerbasisdemokratie.eu\/wp-content\/uploads\/2023\/02\/polizei-reisepass-termineopendays.png 950w, https:\/\/www.brennerbasisdemokratie.eu\/wp-content\/uploads\/2023\/02\/polizei-reisepass-termineopendays-768x186.png 768w\" sizes=\"auto, (max-width: 950px) 100vw, 950px\" \/><\/p><\/blockquote>\n<p>A propos Lose ziehen: Auch unter dem Men\u00fcpunkt <em>Open Days<\/em> gab es gestern in der <em>\u00bbProvinz Bolzano\u00ab<\/em> leider nichts zu holen.<\/p>\n<p>Vielleicht auch besser so, denn die \u00f6ffentliche Verwaltung sollte sich meiner Meinung nach nicht zu sehr der Gewinnspiel- oder <em>Happy-Hour<\/em>-Logik hingeben, sondern einfach nur ordentlich funktionieren. Aber, nun ja: darum ist es eben gerade nicht so gut bestellt.<\/p>\n<p>Zumindest zum gestrigen Stichtag lie\u00df sich also belegen, dass die Aussage \u00bb\u00fcber ein halbes Jahr f\u00fcr einen Reisepass\u00ab genau zutrifft. Und je nach bevorzugtem Standort ist das sogar noch untertrieben \u2014 die Zeit, die zwischen Antrag und Ausstellung vergeht, nicht eingerechnet.<\/p>\n<p><strong><span style=\"font-family: Helvetica, Arial, sans-serif; text-transform: uppercase;\">C\u00ebla enghe:<\/span><\/strong> <a title=\"Ein Date mit der Qu\u00e4stur.\" href=\"https:\/\/www.brennerbasisdemokratie.eu\/?p=47001\" rel=\"\"><code>01<\/code><\/a> <a title=\"Chronik einer Reisepasserneuerung.\" href=\"https:\/\/www.brennerbasisdemokratie.eu\/?p=49923\" rel=\"\"><code>02<\/code><\/a> <a title=\"Sudtirolese? Strunz.\" href=\"https:\/\/www.brennerbasisdemokratie.eu\/?p=49711\" rel=\"\"><code>03<\/code><\/a> <a title=\"Digitalianisierung \u2013 Digitalianizzazione.\" href=\"https:\/\/www.brennerbasisdemokratie.eu\/?p=69693\" rel=\"\"><code>04<\/code><\/a> <span style=\"font-family: Helvetica, Arial, sans-serif; font-weight: normal;\">||<\/span> <a title=\"Reisep\u00e4sse: Landesbedienstete f\u00fcr die Polizei.\" href=\"https:\/\/www.brennerbasisdemokratie.eu\/?p=84511\"><span style=\"color: #ff8c00\"><code>01<\/code><\/span><\/a><\/p>","protected":false},"excerpt":{"rendered":"<p>K\u00fcrzlich wurde uns hier ja vorgeworfen, ungepr\u00fcft die \u00bbFalschinformation\u00ab weitergegeben zu haben, dass man in S\u00fcdtirol derzeit \u00fcber ein halbes Jahr auf einen Termin zur Beantragung eines Reisepasses warte. Gestern habe ich mir also noch einmal die M\u00fche gemacht, der Sache auch selbst nachzugehen. Nachdem ich mich mit dem einsprachigen \u00d6SDI eingeloggt hatte, wurde mir [&hellip;]<\/p>","protected":false},"author":1,"featured_media":0,"comment_status":"open","ping_status":"open","sticky":false,"template":"","format":"standard","meta":{"_crdt_document":"","ngg_post_thumbnail":0,"_jetpack_memberships_contains_paid_content":false,"footnotes":""},"categories":[1],"tags":[],"class_list":["post-77039","post","type-post","status-publish","format-standard","hentry","category-allgemein","entity-staat-italien","entity-staatspolizei","issue-bilinguismo-negato","issue-italianizzazione","location-italy","location-sudtirolo","language-deutsch","topic-discriminaziun","topic-faktencheck","topic-ortsnamen","topic-polizei","topic-servicepublic","topic-tech_com"],"jetpack_featured_media_url":"","jetpack_sharing_enabled":true,"_links":{"self":[{"href":"https:\/\/www.brennerbasisdemokratie.eu\/index.php?rest_route=\/wp\/v2\/posts\/77039","targetHints":{"allow":["GET"]}}],"collection":[{"href":"https:\/\/www.brennerbasisdemokratie.eu\/index.php?rest_route=\/wp\/v2\/posts"}],"about":[{"href":"https:\/\/www.brennerbasisdemokratie.eu\/index.php?rest_route=\/wp\/v2\/types\/post"}],"author":[{"embeddable":true,"href":"https:\/\/www.brennerbasisdemokratie.eu\/index.php?rest_route=\/wp\/v2\/users\/1"}],"replies":[{"embeddable":true,"href":"https:\/\/www.brennerbasisdemokratie.eu\/index.php?rest_route=%2Fwp%2Fv2%2Fcomments&post=77039"}],"version-history":[{"count":19,"href":"https:\/\/www.brennerbasisdemokratie.eu\/index.php?rest_route=\/wp\/v2\/posts\/77039\/revisions"}],"predecessor-version":[{"id":84676,"href":"https:\/\/www.brennerbasisdemokratie.eu\/index.php?rest_route=\/wp\/v2\/posts\/77039\/revisions\/84676"}],"wp:attachment":[{"href":"https:\/\/www.brennerbasisdemokratie.eu\/index.php?rest_route=%2Fwp%2Fv2%2Fmedia&parent=77039"}],"wp:term":[{"taxonomy":"category","embeddable":true,"href":"https:\/\/www.brennerbasisdemokratie.eu\/index.php?rest_route=%2Fwp%2Fv2%2Fcategories&post=77039"},{"taxonomy":"post_tag","embeddable":true,"href":"https:\/\/www.brennerbasisdemokratie.eu\/index.php?rest_route=%2Fwp%2Fv2%2Ftags&post=77039"}],"curies":[{"name":"wp","href":"https:\/\/api.w.org\/{rel}","templated":true}]}}