{"id":77093,"date":"2023-02-26T19:20:54","date_gmt":"2023-02-26T18:20:54","guid":{"rendered":"https:\/\/www.brennerbasisdemokratie.eu\/?p=77093"},"modified":"2025-03-26T16:48:23","modified_gmt":"2025-03-26T15:48:23","slug":"der-beunruhigende-friede-des-bozner-friedenszentrums","status":"publish","type":"post","link":"https:\/\/www.brennerbasisdemokratie.eu\/?p=77093","title":{"rendered":"Der verst\u00f6rende Friede des Bozner Friedenszentrums."},"content":{"rendered":"<p>Auch in Bozen gab es ein Jahr nach Beginn des <a title=\"Brutaler Angriffskrieg in Europa.\" href=\"https:\/\/www.brennerbasisdemokratie.eu\/?p=71287\" rel=\"\">russischen \u00dcberfalls auf die Ukraine<\/a>&nbsp;eine Friedenskundgebung. Aus diesem Anlass ver\u00f6ffentlichte das \u00f6ffentliche <em>Friedenszentrum<\/em> \u2014 das immerhin auch das amtliche Wappen der Gemeinde Bozen im Logo f\u00fchrt \u2014 dieses Posting auf <em>Facebook:<\/em><\/p>\n<blockquote><p><a href=\"https:\/\/m.facebook.com\/story.php?story_fbid=pfbid031ZefTw3Rh3kQhVE2ytYE73RW3vYUMKciiM9PX3jtG1fQhZPYHJBZEYGKXDGv7Lgvl&amp;id=100000485733662\"><img loading=\"lazy\" decoding=\"async\" class=\"aligncenter wp-image-77094 size-full\" src=\"https:\/\/www.brennerbasisdemokratie.eu\/wp-content\/uploads\/2023\/02\/fb_friedenszentrum-krieg.png\" alt=\"\" width=\"950\" height=\"1159\" srcset=\"https:\/\/www.brennerbasisdemokratie.eu\/wp-content\/uploads\/2023\/02\/fb_friedenszentrum-krieg.png 950w, https:\/\/www.brennerbasisdemokratie.eu\/wp-content\/uploads\/2023\/02\/fb_friedenszentrum-krieg-768x937.png 768w\" sizes=\"auto, (max-width: 950px) 100vw, 950px\" \/><\/a><\/p><\/blockquote>\n<p><strong>Schluss mit Waffen<\/strong> und <strong>unparteiische Friedensideen<\/strong> hei\u00dft es da unter anderem als Forderung.<\/p>\n<p>Das macht mich jetzt zugegebenerma\u00dfen ziemlich neugierig: Wie stellt sich das \u2014 \u00fcbrigens recht einsprachige \u2014 <em>Friedenszentrum<\/em> diesen sch\u00f6nen Frieden vor? Als Kapitulation vor dem Aggressor, als vollst\u00e4ndige Unterwerfung an ein autorit\u00e4res Nachbarland, das in eroberten Gebieten Folterkeller eingerichtet, Deportationen organisiert, Ermordungen von Zivilisten durchgef\u00fchrt hat? Als widerstandslose Aufgabe von Freiheit und Demokratie?<\/p>\n<p>Sind die Damen und Herren des Friedenszentrums der Meinung, dass die Ukraine heute noch existieren w\u00fcrde, wenn sie nicht mit Waffen beliefert worden w\u00e4re, um sich einer mit Waffen reich ausgestatteten Gro\u00dfmacht zu widersetzen? Denken sie, dass die baltischen Republiken noch als demokratische und unabh\u00e4ngige Staaten existieren w\u00fcrden, wenn sie nicht rechtzeitig zumindest Mitglieder der EU geworden w\u00e4ren, wo eine gegenseitige Beistandspflicht besteht?<\/p>\n<p>Und abschlie\u00dfend: Wie stellen sie sich das mit der Unparteilichkeit vor? Ist es nicht so, dass wir im Grunde stets f\u00fcr den St\u00e4rkeren, den Unterdr\u00fccker Partei ergreifen, wenn wir zwischen Aggressor und Opfer unparteiisch sind?<\/p>\n<p>Wir alle w\u00fcrden uns nat\u00fcrlich freuen, wenn wir auf Waffen verzichten k\u00f6nnten. Dies im Kontext eines brutalen Angriffs wie jenem von Putins Russland zu fordern, verspr\u00fcht aber leider einen unangenehmen Verwesungsgeruch.<\/p>\n<p><strong><span style=\"font-family: Helvetica, Arial, sans-serif; text-transform: uppercase;\">C\u00ebla enghe:<\/span><\/strong> <a href=\"https:\/\/www.brennerbasisdemokratie.eu\/?p=71952\"><code>01<\/code><\/a> <a title=\"Undenkbar und doch unausweichlich.\" href=\"https:\/\/www.brennerbasisdemokratie.eu\/?p=71827\"><code>02<\/code><\/a> <span style=\"font-family: Helvetica, Arial, sans-serif; font-weight: normal;\">||<\/span> <a title=\"Wahlanalytiker Nicolini.\" href=\"https:\/\/www.brennerbasisdemokratie.eu\/?p=78503\" rel=\"\"><span style=\"color: #ff8c00\"><code>01<\/code><\/span><\/a> <a title=\"Russisches Propagandaforum.\" href=\"https:\/\/www.brennerbasisdemokratie.eu\/?p=84772\"><span style=\"color: #ff8c00\"><code>02<\/code><\/span><\/a> <a href=\"https:\/\/www.brennerbasisdemokratie.eu\/?p=90939\" title=\"Per un\u2019Europa capace di difendersi.\"><span style=\"color: #ff8c00\"><code>03<\/code><\/span><\/a><\/p>","protected":false},"excerpt":{"rendered":"<p>Auch in Bozen gab es ein Jahr nach Beginn des russischen \u00dcberfalls auf die Ukraine&nbsp;eine Friedenskundgebung. Aus diesem Anlass ver\u00f6ffentlichte das \u00f6ffentliche Friedenszentrum \u2014 das immerhin auch das amtliche Wappen der Gemeinde Bozen im Logo f\u00fchrt \u2014 dieses Posting auf Facebook: Schluss mit Waffen und unparteiische Friedensideen hei\u00dft es da unter anderem als Forderung. Das [&hellip;]<\/p>","protected":false},"author":1,"featured_media":0,"comment_status":"open","ping_status":"open","sticky":false,"template":"","format":"standard","meta":{"_crdt_document":"","ngg_post_thumbnail":0,"_jetpack_memberships_contains_paid_content":false,"footnotes":""},"categories":[1],"tags":[],"class_list":["post-77093","post","type-post","status-publish","format-standard","hentry","category-allgemein","entity-eu","entity-gemeinde-bozen","issue-angriffskrieg-ukraine","location-russia","location-sudtirolo","location-ukraine","language-deutsch","medium-socialmedia","person-renzo-caramaschi","person-wladimir-putin","topic-colonialismi","topic-democrazia","topic-faschismen","topic-krieg","topic-politik"],"jetpack_featured_media_url":"","jetpack_sharing_enabled":true,"_links":{"self":[{"href":"https:\/\/www.brennerbasisdemokratie.eu\/index.php?rest_route=\/wp\/v2\/posts\/77093","targetHints":{"allow":["GET"]}}],"collection":[{"href":"https:\/\/www.brennerbasisdemokratie.eu\/index.php?rest_route=\/wp\/v2\/posts"}],"about":[{"href":"https:\/\/www.brennerbasisdemokratie.eu\/index.php?rest_route=\/wp\/v2\/types\/post"}],"author":[{"embeddable":true,"href":"https:\/\/www.brennerbasisdemokratie.eu\/index.php?rest_route=\/wp\/v2\/users\/1"}],"replies":[{"embeddable":true,"href":"https:\/\/www.brennerbasisdemokratie.eu\/index.php?rest_route=%2Fwp%2Fv2%2Fcomments&post=77093"}],"version-history":[{"count":12,"href":"https:\/\/www.brennerbasisdemokratie.eu\/index.php?rest_route=\/wp\/v2\/posts\/77093\/revisions"}],"predecessor-version":[{"id":90943,"href":"https:\/\/www.brennerbasisdemokratie.eu\/index.php?rest_route=\/wp\/v2\/posts\/77093\/revisions\/90943"}],"wp:attachment":[{"href":"https:\/\/www.brennerbasisdemokratie.eu\/index.php?rest_route=%2Fwp%2Fv2%2Fmedia&parent=77093"}],"wp:term":[{"taxonomy":"category","embeddable":true,"href":"https:\/\/www.brennerbasisdemokratie.eu\/index.php?rest_route=%2Fwp%2Fv2%2Fcategories&post=77093"},{"taxonomy":"post_tag","embeddable":true,"href":"https:\/\/www.brennerbasisdemokratie.eu\/index.php?rest_route=%2Fwp%2Fv2%2Ftags&post=77093"}],"curies":[{"name":"wp","href":"https:\/\/api.w.org\/{rel}","templated":true}]}}