{"id":77207,"date":"2023-03-07T10:58:16","date_gmt":"2023-03-07T09:58:16","guid":{"rendered":"https:\/\/www.brennerbasisdemokratie.eu\/?p=77207"},"modified":"2023-03-07T19:03:10","modified_gmt":"2023-03-07T18:03:10","slug":"die-schmerzen-des-sailer-f","status":"publish","type":"post","link":"https:\/\/www.brennerbasisdemokratie.eu\/?p=77207","title":{"rendered":"Die Schmerzen des Sailer F."},"content":{"rendered":"<blockquote><p>Es tut den Tiroler Busunternehmern weh, wenn ein italienischer Unternehmer, der in \u00d6sterreich ein Unternehmen betreibt, dieses Los bekommt.<\/p><\/blockquote>\n<p><em>Franz Sailer, Obmann der Tiroler Autobusbetriebe in der Wirtschaftskammer<\/em><\/p>\n<p>Diese <a href=\"https:\/\/tirol.orf.at\/stories\/3197598\/\" rel=\"\">auf orf.at<\/a> zitierte Aussage Sailers anl\u00e4sslich der Vergabe einer Buslinie zwischen Innsbruck und Nassereith an Ingomar Gatterers SAD Austria tut noch mehr weh, als den Busunternehmern der Verlust des Loses. Freilich sind Ingomar Gatterer und seine Praktiken nicht unumstritten. Aber darum soll es hier nicht gehen.<\/p>\n<p>Wenn in den Sonntagsreden wieder einmal die Euregio gepriesen, von nicht existierenden Grenzen und vom Kampf gegen den Nationalismus gesprochen wird, k\u00f6nnen wir dieses Zitat hervorkramen, um zu zeigen, wie verinnerlicht wir das vereinte <del>Tirol<\/del> Europa haben.<\/p>\n<p>F\u00fcr Franz Sailer ist ein S\u00fcd<strong>tiroler<\/strong> Busunternehmer kein Tiroler, sondern ein italienischer Unternehmer. Franz Sailer schmerzt es offenbar, wenn Unternehmen innerhalb der Euregio Tirol-S\u00fcdtirol-Trentino konkurrieren. Dabei tritt Gatterer ja gar nicht mit der S\u00fcdtiroler SAD AG an, sondern mit dem \u00f6sterreichischen Ableger SAD Austria GmbH\u00a0 &#8211; also einem \u00f6sterreichischen Unternehmen mit Sitz in Sch\u00f6nwies. Aber um ein solches zu betreiben hat Gatterer nach Ansicht Sailers wohl die falsche Staatsb\u00fcrgerschaft. Ja wo k\u00e4men wir hin, wenn jetzt schon <a title=\"Hilfe, die ausl\u00e4ndischen Oligarchen kommen.\" href=\"https:\/\/www.brennerbasisdemokratie.eu\/?p=20160\" rel=\"\">&#8220;ausl\u00e4ndische Oligarchen&#8221;<\/a> innerhalb der Euregio respektive der EU Unternehmen gr\u00fcnden d\u00fcrfen? Herr Sailer, das 19. Jahrhundert hat angerufen und m\u00f6chte seine Weltsicht zur\u00fcck!<\/p>\n<p><strong><span style=\"font-family: Helvetica, Arial, sans-serif; text-transform: uppercase;\">C\u00ebla enghe:<\/span><\/strong> <a title=\"Hilfe, die ausl\u00e4ndischen Oligarchen kommen.\" href=\"https:\/\/www.brennerbasisdemokratie.eu\/?p=20160\" rel=\"\" data-wpel-link=\"internal\"><code>01<\/code><\/a> <a title=\"Gesamtwipptaler Milch.\" href=\"https:\/\/www.brennerbasisdemokratie.eu\/?p=15160\" rel=\"\" data-wpel-link=\"internal\"><code>02<\/code><\/a> <a title=\"Der Italiener Z\u00f6ggeler.\" href=\"https:\/\/www.brennerbasisdemokratie.eu\/?p=44757\" rel=\"\" data-wpel-link=\"internal\"><code>03<\/code><\/a> <a title=\"Da stockt einem der Atem, wobei manchen der Atem stockt.\" href=\"https:\/\/www.brennerbasisdemokratie.eu\/?p=35156\" rel=\"\"><code>04<\/code><\/a> <a title=\"Das Wort zum Sonntag.\" href=\"https:\/\/www.brennerbasisdemokratie.eu\/?p=15264\" rel=\"\"><code>05<\/code><\/a> <a title=\"Bisch a Tiroler, bisch koa Mensch?\" href=\"https:\/\/www.brennerbasisdemokratie.eu\/?p=12003\" rel=\"\"><code>06<\/code><\/a><\/p>","protected":false},"excerpt":{"rendered":"<p>Es tut den Tiroler Busunternehmern weh, wenn ein italienischer Unternehmer, der in \u00d6sterreich ein Unternehmen betreibt, dieses Los bekommt. Franz Sailer, Obmann der Tiroler Autobusbetriebe in der Wirtschaftskammer Diese auf orf.at zitierte Aussage Sailers anl\u00e4sslich der Vergabe einer Buslinie zwischen Innsbruck und Nassereith an Ingomar Gatterers SAD Austria tut noch mehr weh, als den Busunternehmern [&hellip;]<\/p>","protected":false},"author":8,"featured_media":0,"comment_status":"open","ping_status":"open","sticky":false,"template":"","format":"standard","meta":{"_crdt_document":"","ngg_post_thumbnail":0,"_jetpack_memberships_contains_paid_content":false,"footnotes":""},"categories":[1],"tags":[],"class_list":["post-77207","post","type-post","status-publish","format-standard","hentry","category-allgemein","entity-eu","entity-euregio","entity-sad","issue-quotation","location-europa","location-italy","location-nord-osttirol","location-sudtirolo","location-tirol","location-trentino","language-deutsch","medium-orf","topic-foederalismus","topic-grenzen","topic-medien","topic-mobilitaet","topic-nationalismus","topic-satire","topic-wirtschaft"],"jetpack_featured_media_url":"","jetpack_sharing_enabled":true,"_links":{"self":[{"href":"https:\/\/www.brennerbasisdemokratie.eu\/index.php?rest_route=\/wp\/v2\/posts\/77207","targetHints":{"allow":["GET"]}}],"collection":[{"href":"https:\/\/www.brennerbasisdemokratie.eu\/index.php?rest_route=\/wp\/v2\/posts"}],"about":[{"href":"https:\/\/www.brennerbasisdemokratie.eu\/index.php?rest_route=\/wp\/v2\/types\/post"}],"author":[{"embeddable":true,"href":"https:\/\/www.brennerbasisdemokratie.eu\/index.php?rest_route=\/wp\/v2\/users\/8"}],"replies":[{"embeddable":true,"href":"https:\/\/www.brennerbasisdemokratie.eu\/index.php?rest_route=%2Fwp%2Fv2%2Fcomments&post=77207"}],"version-history":[{"count":14,"href":"https:\/\/www.brennerbasisdemokratie.eu\/index.php?rest_route=\/wp\/v2\/posts\/77207\/revisions"}],"predecessor-version":[{"id":77227,"href":"https:\/\/www.brennerbasisdemokratie.eu\/index.php?rest_route=\/wp\/v2\/posts\/77207\/revisions\/77227"}],"wp:attachment":[{"href":"https:\/\/www.brennerbasisdemokratie.eu\/index.php?rest_route=%2Fwp%2Fv2%2Fmedia&parent=77207"}],"wp:term":[{"taxonomy":"category","embeddable":true,"href":"https:\/\/www.brennerbasisdemokratie.eu\/index.php?rest_route=%2Fwp%2Fv2%2Fcategories&post=77207"},{"taxonomy":"post_tag","embeddable":true,"href":"https:\/\/www.brennerbasisdemokratie.eu\/index.php?rest_route=%2Fwp%2Fv2%2Ftags&post=77207"}],"curies":[{"name":"wp","href":"https:\/\/api.w.org\/{rel}","templated":true}]}}