{"id":77235,"date":"2023-03-09T08:20:53","date_gmt":"2023-03-09T07:20:53","guid":{"rendered":"https:\/\/www.brennerbasisdemokratie.eu\/?p=77235"},"modified":"2023-03-09T15:34:57","modified_gmt":"2023-03-09T14:34:57","slug":"gender-paygap-und-landervergleich","status":"publish","type":"post","link":"https:\/\/www.brennerbasisdemokratie.eu\/?p=77235","title":{"rendered":"Gender Pay Gap und L\u00e4ndervergleich."},"content":{"rendered":"<p>Anl\u00e4sslich des Weltfrauentags <a title=\"FM4: Katharina Mader.\" href=\"http:\/\/fm4.orf.at\/player\/20230308\/4OK\/1678291836000\" target=\"_blank\" rel=\"noopener\">war gestern bei FM4 Katharina Mader zu Gast<\/a>, ihres Zeichens Volkswirtin und \u00d6konomin in der Frauenabteilung der Arbeiterkammer.<\/p>\n<p>Sie hat dabei auf die vorbildliche <a title=\"Island will Gender Paygap \u00fcberwinden.\" href=\"https:\/\/www.brennerbasisdemokratie.eu\/?p=38367\" rel=\"\">Gleichstellungspolitik im Kleinstaat Island<\/a> (mit weniger Einwohnerinnen als S\u00fcdtirol) und auf das relativ schlechte Abschneiden \u00d6sterreichs beim <em>Gender Pay Gap<\/em> hingwiesen.<\/p>\n<p>Gleichzeitig hat sie auch erkl\u00e4rt, warum L\u00e4ndervergleiche in diesem Bereich oft problematisch sind \u2014 und zwar unter anderem am Beispiel Italien. Es gebe dort zwar einen sehr viel niedrigeren <em>Pay Gap<\/em> als in \u00d6sterreich, allerdings sei die Frauenerwerbsquote ebenfalls sehr viel niedriger. Vor allem die gut ausgebildeten Frauen seien in Italien erwerbst\u00e4tig, w\u00e4hrend diejenigen, die in \u00d6sterreich h\u00e4ufig im schlecht bezahlten Teilzeitsegment besch\u00e4ftigt sind, in Italien oft gar nicht arbeiteten.<\/p>\n<p>Ich hatte mich schon \u00f6fter gefragt, warum S\u00fcdtirol einen h\u00f6heren <em>Gender<\/em> <em>Pay Gap<\/em> hat als Italien. Da es hierzulande aber auch eine h\u00f6here Frauenerwerbsquote gibt als durchschnittlich in italienischen Regionen, d\u00fcrfte es sich \u00e4hnlich verhalten wie beim Vergleich zwischen \u00d6sterreich und Italien.<\/p>\n<p>Das macht den <em>Gender Pay Gap<\/em> als solchen nat\u00fcrlich um keinen Deut besser \u2014 doch Vergleiche mit schlecht vergleichbaren Daten anzustellen, ist f\u00fcr die Ursachenforschung eben auch nicht hilfreich.<\/p>\n<p>Besser w\u00e4re wohl ohnehin, sich an der offensiven Gleichstellungspolitik von Island zu orientieren.<\/p>\n<p><strong><span style=\"font-family: Helvetica, Arial, sans-serif; text-transform: uppercase;\">C\u00ebla enghe:<\/span><\/strong> <a title=\"S\u00fcdtiroler Gender Pay Gap (2017).\" href=\"https:\/\/www.brennerbasisdemokratie.eu\/?p=47157\"><code>01<\/code><\/a><\/p>","protected":false},"excerpt":{"rendered":"<p>Anl\u00e4sslich des Weltfrauentags war gestern bei FM4 Katharina Mader zu Gast, ihres Zeichens Volkswirtin und \u00d6konomin in der Frauenabteilung der Arbeiterkammer. Sie hat dabei auf die vorbildliche Gleichstellungspolitik im Kleinstaat Island (mit weniger Einwohnerinnen als S\u00fcdtirol) und auf das relativ schlechte Abschneiden \u00d6sterreichs beim Gender Pay Gap hingwiesen. Gleichzeitig hat sie auch erkl\u00e4rt, warum L\u00e4ndervergleiche [&hellip;]<\/p>","protected":false},"author":1,"featured_media":0,"comment_status":"open","ping_status":"open","sticky":false,"template":"","format":"standard","meta":{"_crdt_document":"","ngg_post_thumbnail":0,"_jetpack_memberships_contains_paid_content":false,"footnotes":""},"categories":[1],"tags":[],"class_list":["post-77235","post","type-post","status-publish","format-standard","hentry","category-allgemein","location-island","location-italy","location-osterreich","location-sudtirolo","language-deutsch","medium-orf","topic-arbeit","topic-feminae","topic-medien","topic-soziales","topic-wirtschaft"],"jetpack_featured_media_url":"","jetpack_sharing_enabled":true,"_links":{"self":[{"href":"https:\/\/www.brennerbasisdemokratie.eu\/index.php?rest_route=\/wp\/v2\/posts\/77235","targetHints":{"allow":["GET"]}}],"collection":[{"href":"https:\/\/www.brennerbasisdemokratie.eu\/index.php?rest_route=\/wp\/v2\/posts"}],"about":[{"href":"https:\/\/www.brennerbasisdemokratie.eu\/index.php?rest_route=\/wp\/v2\/types\/post"}],"author":[{"embeddable":true,"href":"https:\/\/www.brennerbasisdemokratie.eu\/index.php?rest_route=\/wp\/v2\/users\/1"}],"replies":[{"embeddable":true,"href":"https:\/\/www.brennerbasisdemokratie.eu\/index.php?rest_route=%2Fwp%2Fv2%2Fcomments&post=77235"}],"version-history":[{"count":11,"href":"https:\/\/www.brennerbasisdemokratie.eu\/index.php?rest_route=\/wp\/v2\/posts\/77235\/revisions"}],"predecessor-version":[{"id":77255,"href":"https:\/\/www.brennerbasisdemokratie.eu\/index.php?rest_route=\/wp\/v2\/posts\/77235\/revisions\/77255"}],"wp:attachment":[{"href":"https:\/\/www.brennerbasisdemokratie.eu\/index.php?rest_route=%2Fwp%2Fv2%2Fmedia&parent=77235"}],"wp:term":[{"taxonomy":"category","embeddable":true,"href":"https:\/\/www.brennerbasisdemokratie.eu\/index.php?rest_route=%2Fwp%2Fv2%2Fcategories&post=77235"},{"taxonomy":"post_tag","embeddable":true,"href":"https:\/\/www.brennerbasisdemokratie.eu\/index.php?rest_route=%2Fwp%2Fv2%2Ftags&post=77235"}],"curies":[{"name":"wp","href":"https:\/\/api.w.org\/{rel}","templated":true}]}}