{"id":77313,"date":"2023-03-14T23:13:45","date_gmt":"2023-03-14T22:13:45","guid":{"rendered":"https:\/\/www.brennerbasisdemokratie.eu\/?p=77313"},"modified":"2025-01-05T11:29:52","modified_gmt":"2025-01-05T10:29:52","slug":"von-meloni-ernannter-manager-zitiert-mussolini","status":"publish","type":"post","link":"https:\/\/www.brennerbasisdemokratie.eu\/?p=77313","title":{"rendered":"Von Meloni ernannter Manager zitiert Mussolini."},"content":{"rendered":"<p>Der von Regierungschefin Giorgia Meloni (<abbr title=\"Fratelli d\u2019Italia\">FdI<\/abbr>) erst vor wenigen Monaten ernannte Manager der \u00f6ffentlichen Softwarefirma 3-I S.p.A., Claudio Anastasio, ist bereits zur\u00fcckgetreten. In einer Mail an den Verwaltungsrat hatte er zuvor wortw\u00f6rtlich aus der Rede von Diktator Benito Mussolini zitiert, mit der er 1925 die politische Verantwortung f\u00fcr den Mord an Giacomo Matteotti \u00fcbernommen hatte:<\/p>\n<blockquote><p>[\u2026] Nun gut, ich erkl\u00e4re hier in Ihrem Angesicht und vor der gesamten italienischen Regierung, dass ich (ich allein!) f\u00fcr 3-I die (politische! moralische! historische!) Verantwortung f\u00fcr alles, was geschehen ist, \u00fcbernehme. Wenn mehr oder minder verhunzte S\u00e4tze ausreichen, um einen Mann zu h\u00e4ngen, dann her mit dem Galgen und her mit dem Strick! Wenn 3-I meine Schuld war, dann bin ich daf\u00fcr verantwortlich, weil ich dieses historische, politische und moralische Klima in meiner Rolle angeheizt habe. [\u2026] Meine Herren, Sie haben sich etwas vorgemacht! Sie dachten, die 3-I sei am Ende, weil ich sie gez\u00fcgelt habe [\u2026] Wenn ich ein Hundertstel der Energie, die ich in die Z\u00fcgelung von 3-I gesteckt habe, in ihre Entfesselung stecken w\u00fcrde, oh, dann w\u00fcrdet ihr sehen&#8230; wie sch\u00f6n f\u00fcr Italien. Doch das wird gar nicht n\u00f6tig sein, denn die Regierung ist stark genug, um meine aufwieglerische T\u00e4tigkeit endg\u00fcltig ganz zu beenden.<\/p><\/blockquote>\n<p><small><em>\u00dcbersetzung von mir<\/em><\/small><\/p>\n<p>Die Rede des Faschistenf\u00fchrers wird als entscheidender Schritt in seiner politischen Laufbahn und auf dem Weg zur Radikalisierung und Festigung der Diktatur angesehen.<\/p>\n<p>Das unglaubliche Verhalten des Managers war zuerst von der Tageszeitung <em>la Repubblica<\/em> \u00f6ffentlich gemacht worden. Obschon es von Mehrheitsvertreterinnen bagatellisiert wurde, war der Druck von Medien und Opposition schlussendlich dennoch gro\u00df genug, um Anastasio zum R\u00fccktritt zu bewegen.<\/p>\n<p class=\"p1\"><span class=\"s1\">Als Pr\u00e4sident der <em>Mussolini Internet<\/em>&nbsp;(!) hatte Anastasio 1997 eine Webseite zu Ehren von Vittorio Mussolini ver\u00f6ffentlicht, der \u00bbletzten historischen Pers\u00f6nlichkeit der zwanzigj\u00e4hrigen Faschismuszeit\u00ab. Man h\u00e4tte also wissen k\u00f6nnen, wie der Mensch tickt \u2014 und vermutlich hat man es auch gewusst.<\/span><\/p>\n<p><strong><span style=\"font-family: Helvetica, Arial, sans-serif; text-transform: uppercase;\">C\u00ebla enghe:<\/span><\/strong> <a title=\"Bildungsminister gegen Antifaschismus.\" href=\"https:\/\/www.brennerbasisdemokratie.eu\/?p=77034\"><code>01<\/code><\/a> <a title=\"Trag\u00f6die im Mittelmeer \u2014 und Kriminalisierung.\" href=\"https:\/\/www.brennerbasisdemokratie.eu\/?p=77080\"><code>02<\/code><\/a> <a title=\"Hohe FdI-Mitglieder huldigen dem MSI.\" href=\"https:\/\/www.brennerbasisdemokratie.eu\/?p=75532\"><code>03<\/code><\/a> <a title=\"FdI: Wir alle sind Erben von Mussolini.\" href=\"https:\/\/www.brennerbasisdemokratie.eu\/?p=74065\"><code>04<\/code><\/a> <span style=\"font-family: Helvetica, Arial, sans-serif; font-weight: normal;\">||<\/span> <a title=\"Italien: Bildungsminister bef\u00f6rdert Duce-Fan.\" href=\"https:\/\/www.brennerbasisdemokratie.eu\/?p=77528\" rel=\"\"><span style=\"color: #ff8c00\"><code>01<\/code><\/span><\/a><\/p>","protected":false},"excerpt":{"rendered":"<p>Der von Regierungschefin Giorgia Meloni (FdI) erst vor wenigen Monaten ernannte Manager der \u00f6ffentlichen Softwarefirma 3-I S.p.A., Claudio Anastasio, ist bereits zur\u00fcckgetreten. In einer Mail an den Verwaltungsrat hatte er zuvor wortw\u00f6rtlich aus der Rede von Diktator Benito Mussolini zitiert, mit der er 1925 die politische Verantwortung f\u00fcr den Mord an Giacomo Matteotti \u00fcbernommen hatte: [&hellip;]<\/p>","protected":false},"author":1,"featured_media":0,"comment_status":"open","ping_status":"open","sticky":false,"template":"","format":"standard","meta":{"_crdt_document":"","ngg_post_thumbnail":0,"_jetpack_memberships_contains_paid_content":false,"footnotes":""},"categories":[1],"tags":[],"class_list":["post-77313","post","type-post","status-publish","format-standard","hentry","category-allgemein","entity-fdi","entity-staat-italien","issue-zitac","location-italy","language-deutsch","medium-la-repubblica","person-benito-mussolini","person-giorgia-meloni","topic-faschismen","topic-politik"],"jetpack_featured_media_url":"","jetpack_sharing_enabled":true,"_links":{"self":[{"href":"https:\/\/www.brennerbasisdemokratie.eu\/index.php?rest_route=\/wp\/v2\/posts\/77313","targetHints":{"allow":["GET"]}}],"collection":[{"href":"https:\/\/www.brennerbasisdemokratie.eu\/index.php?rest_route=\/wp\/v2\/posts"}],"about":[{"href":"https:\/\/www.brennerbasisdemokratie.eu\/index.php?rest_route=\/wp\/v2\/types\/post"}],"author":[{"embeddable":true,"href":"https:\/\/www.brennerbasisdemokratie.eu\/index.php?rest_route=\/wp\/v2\/users\/1"}],"replies":[{"embeddable":true,"href":"https:\/\/www.brennerbasisdemokratie.eu\/index.php?rest_route=%2Fwp%2Fv2%2Fcomments&post=77313"}],"version-history":[{"count":15,"href":"https:\/\/www.brennerbasisdemokratie.eu\/index.php?rest_route=\/wp\/v2\/posts\/77313\/revisions"}],"predecessor-version":[{"id":89980,"href":"https:\/\/www.brennerbasisdemokratie.eu\/index.php?rest_route=\/wp\/v2\/posts\/77313\/revisions\/89980"}],"wp:attachment":[{"href":"https:\/\/www.brennerbasisdemokratie.eu\/index.php?rest_route=%2Fwp%2Fv2%2Fmedia&parent=77313"}],"wp:term":[{"taxonomy":"category","embeddable":true,"href":"https:\/\/www.brennerbasisdemokratie.eu\/index.php?rest_route=%2Fwp%2Fv2%2Fcategories&post=77313"},{"taxonomy":"post_tag","embeddable":true,"href":"https:\/\/www.brennerbasisdemokratie.eu\/index.php?rest_route=%2Fwp%2Fv2%2Ftags&post=77313"}],"curies":[{"name":"wp","href":"https:\/\/api.w.org\/{rel}","templated":true}]}}