{"id":77347,"date":"2023-03-17T12:34:38","date_gmt":"2023-03-17T11:34:38","guid":{"rendered":"https:\/\/www.brennerbasisdemokratie.eu\/?p=77347"},"modified":"2025-11-20T16:49:51","modified_gmt":"2025-11-20T15:49:51","slug":"a-bolzano-nessuna-necessita-di-parlare-in-tedesco","status":"publish","type":"post","link":"https:\/\/www.brennerbasisdemokratie.eu\/?p=77347","title":{"rendered":"A Bolzano nessuna necessit\u00e0 di parlare in tedesco."},"content":{"rendered":"<blockquote><p>\u00abA noi dispiace moltissimo \u2013 hanno detto le presidi \u2013 che in citt\u00e0 non ci sia pi\u00f9 nessuna necessit\u00e0 di parlare in tedesco. Tutti parlano italiano, sanno l&#8217;italiano molto bene. Quasi pi\u00f9 nessuno si impegna, forse non c&#8217;\u00e8 neanche pi\u00f9 la voglia\u00bb.<\/p><\/blockquote>\n<p><em>dal quotidiano A. Adige di oggi<\/em><\/p>\n<p>La citazione \u00e8 riferita a un incontro tra le presidi delle scuole in lingua tedesca di Bolzano e l&#8217;assessora Johanna Ramoser (<abbr title=\"S\u00fcdtiroler Volkspartei\">SVP<\/abbr>), organizzato per discutere delle difficolt\u00e0 didattiche legate al \u00abtravaso\u00bb di alunni dalle scuole in lingua italiana a quelle in lingua tedesca (<a title=\"Bozen: Bildungsstadtr\u00e4tin will Sprachtests f\u00fcr Sch\u00fclerinnen.\" href=\"https:\/\/www.brennerbasisdemokratie.eu\/?p=77339\" rel=\"\"><code>01<\/code><\/a>).<em><br \/>\n<\/em><\/p>\n<p>Purtroppo \u00e8 vero che l&#8217;inesistenza di una seria politica linguistica (cfr. <a title=\"Riformata la legislazione linguistica in Qu\u00e9bec.\" href=\"https:\/\/www.brennerbasisdemokratie.eu\/?p=72453\" rel=\"\"><code>01<\/code><\/a> <a title=\"A Coru\u00f1a definisce l\u2019uso delle lingue.\" href=\"https:\/\/www.brennerbasisdemokratie.eu\/?p=63350\" rel=\"\"><code>02<\/code><\/a> <a title=\"Kiko in S\u00fcdtirol und Katalonien.\" href=\"https:\/\/www.brennerbasisdemokratie.eu\/?p=77152\" rel=\"\"><code>03<\/code><\/a>) ha fatto prevalere il <em>laissez faire<\/em> che, soprattutto laddove ad essere in netta maggioranza numerica \u00e8 la lingua franca nazionale, presto o tardi porta all&#8217;egemonia linguistica. Sarebbe strano se cos\u00ec non fosse.<\/p>\n<p>Nel capoluogo in particolare non solo non sono state attuate strategie per la promozione e il mantenimento del tedesco \u2014 con le necessarie misure asimmetriche di tutela \u2014 ma addirittura i rappresentanti politici dell&#8217;SVP (che potrebbero dare <a title=\"Sprachbeharrung.\" href=\"https:\/\/www.brennerbasisdemokratie.eu\/?p=64608\" rel=\"\">il buon esempio<\/a>) si piegano all&#8217;imperante monolinguismo italiano (<a title=\"Pressekonferenz des Bozner Stadtrats: Italienisch.\" href=\"https:\/\/www.brennerbasisdemokratie.eu\/?p=71906\" rel=\"\"><code>01<\/code><\/a> <a title=\"Bozner Stadtviertelr\u00e4te: Deutsch inexistent.\" href=\"https:\/\/www.brennerbasisdemokratie.eu\/?p=64791\" rel=\"\"><code>02<\/code><\/a>), dandolo ormai per scontato e relegando il tedesco a un ruolo sempre pi\u00f9 marginale, del tutto irrilevante e di mera testimonianza.<small><br \/>\n<\/small><\/p>\n<p>In molti casi il problema non \u00e8 pi\u00f9 quello che non vi sia nessuna <em>necessit\u00e0<\/em> di parlare il tedesco<sup class=\"modern-footnotes-footnote modern-footnotes-footnote--hover-on-desktop \" data-mfn=\"1\" data-mfn-post-scope=\"00000000000007e30000000000000000_77347\"><a href=\"javascript:void(0)\"  role=\"button\" aria-pressed=\"false\" aria-describedby=\"mfn-content-00000000000007e30000000000000000_77347-1\">1<\/a><\/sup><span id=\"mfn-content-00000000000007e30000000000000000_77347-1\" role=\"tooltip\" class=\"modern-footnotes-footnote__note\" tabindex=\"0\" data-mfn=\"1\">necessit\u00e0 ormai inesistente in quasi tutto il Sudtirolo<\/span>, ma che non vi sia nemmeno la <em>possibilit\u00e0<\/em> (cfr. <a title=\"Weltoffene Einsprachigkeit.\" href=\"https:\/\/www.brennerbasisdemokratie.eu\/?p=26446\" rel=\"\"><code>01<\/code><\/a> <a title=\"Der missgl\u00fcckte Druckkopf.\" href=\"https:\/\/www.brennerbasisdemokratie.eu\/?p=52601\" rel=\"\"><code>02<\/code><\/a>). E quindi anche a chi volesse imparare la lingua manca il contesto linguistico per farlo.<\/p>\n<p><strong><span style=\"font-family: Helvetica, Arial, sans-serif; text-transform: uppercase;\">C\u00ebla enghe:<\/span><\/strong> <a title=\"Il bilinguismo perfetto \u00e8 disfunzionale.\" href=\"https:\/\/www.brennerbasisdemokratie.eu\/?p=69503\" rel=\"\"><code>01<\/code><\/a> <a title=\"Hegemoniale Zweisprachigkeit.\" href=\"https:\/\/www.brennerbasisdemokratie.eu\/?p=75013\" rel=\"\"><code>02<\/code><\/a> <a title=\"Minorisierte Sprachen.\" href=\"https:\/\/www.brennerbasisdemokratie.eu\/?p=72762\" rel=\"\"><code>03<\/code><\/a> <a title=\"Banaler Nationalismus in Katalonien. Und S\u00fcdtirol.\" href=\"https:\/\/www.brennerbasisdemokratie.eu\/?p=66896\" rel=\"\"><code>04<\/code><\/a> <a title=\"Autonomiepolitischer Neoliberalismus.\" href=\"https:\/\/www.brennerbasisdemokratie.eu\/?p=13798\" rel=\"\"><code>05<\/code><\/a> <a title=\"Wichtigste Sprache: Italienisch.\" href=\"https:\/\/www.brennerbasisdemokratie.eu\/?p=25469\" rel=\"\"><code>06<\/code><\/a> <span style=\"font-family: Helvetica, Arial, sans-serif; font-weight: normal;\">||<\/span> <a title=\"Erw\u00fcnschte Aostisierung.\" href=\"https:\/\/www.brennerbasisdemokratie.eu\/?p=77387\"><span style=\"color: #ff8c00\"><code>01<\/code><\/span><\/a> <a title=\"Bozner Zweisprachigkeit.\" href=\"https:\/\/www.brennerbasisdemokratie.eu\/?p=85838\"><span style=\"color: #ff8c00\"><code>02<\/code><\/span><\/a> <a title=\"Koloniales Kulturverst\u00e4ndnis in Bozen.\" href=\"https:\/\/www.brennerbasisdemokratie.eu\/?p=93428\"><span style=\"color: #ff8c00\"><code>03<\/code><\/span><\/a> <a title=\"Il tedesco a Bolzano: promosso no, rimosso s\u00ec.\" href=\"https:\/\/www.brennerbasisdemokratie.eu\/?p=95785\"><span style=\"color: #ff8c00\"><code>04<\/code><\/span><\/a> <a title=\"Pressemitteilungen: Rechtes Bozen \u203averzichtet\u2039 auf Deutsch.\" href=\"https:\/\/www.brennerbasisdemokratie.eu\/?p=96264\"><span style=\"color: #ff8c00\"><code>05<\/code><\/span><\/a><\/p>\n<ul class=\"modern-footnotes-list modern-footnotes-list--show-only-for-print\"><li><span>1<\/span><div>necessit\u00e0 ormai inesistente in quasi tutto il Sudtirolo<\/div><\/li><\/ul>","protected":false},"excerpt":{"rendered":"<p>\u00abA noi dispiace moltissimo \u2013 hanno detto le presidi \u2013 che in citt\u00e0 non ci sia pi\u00f9 nessuna necessit\u00e0 di parlare in tedesco. Tutti parlano italiano, sanno l&#8217;italiano molto bene. Quasi pi\u00f9 nessuno si impegna, forse non c&#8217;\u00e8 neanche pi\u00f9 la voglia\u00bb. dal quotidiano A. Adige di oggi La citazione \u00e8 riferita a un incontro [&hellip;]<\/p>","protected":false},"author":1,"featured_media":0,"comment_status":"open","ping_status":"open","sticky":false,"template":"","format":"standard","meta":{"_crdt_document":"","ngg_post_thumbnail":0,"_jetpack_memberships_contains_paid_content":false,"footnotes":""},"categories":[1],"tags":[],"class_list":["post-77347","post","type-post","status-publish","format-standard","hentry","category-allgemein","entity-gemeinde-bozen","entity-svp","issue-bilinguismo-negato","issue-italianizzazione","issue-quotation","location-sudtirolo","language-italiano","medium-aa","topic-comparatio","topic-minderheitenschutz","topic-minorisaziun","topic-plurilinguism","topic-politik","topic-scola"],"jetpack_featured_media_url":"","jetpack_sharing_enabled":true,"_links":{"self":[{"href":"https:\/\/www.brennerbasisdemokratie.eu\/index.php?rest_route=\/wp\/v2\/posts\/77347","targetHints":{"allow":["GET"]}}],"collection":[{"href":"https:\/\/www.brennerbasisdemokratie.eu\/index.php?rest_route=\/wp\/v2\/posts"}],"about":[{"href":"https:\/\/www.brennerbasisdemokratie.eu\/index.php?rest_route=\/wp\/v2\/types\/post"}],"author":[{"embeddable":true,"href":"https:\/\/www.brennerbasisdemokratie.eu\/index.php?rest_route=\/wp\/v2\/users\/1"}],"replies":[{"embeddable":true,"href":"https:\/\/www.brennerbasisdemokratie.eu\/index.php?rest_route=%2Fwp%2Fv2%2Fcomments&post=77347"}],"version-history":[{"count":19,"href":"https:\/\/www.brennerbasisdemokratie.eu\/index.php?rest_route=\/wp\/v2\/posts\/77347\/revisions"}],"predecessor-version":[{"id":96279,"href":"https:\/\/www.brennerbasisdemokratie.eu\/index.php?rest_route=\/wp\/v2\/posts\/77347\/revisions\/96279"}],"wp:attachment":[{"href":"https:\/\/www.brennerbasisdemokratie.eu\/index.php?rest_route=%2Fwp%2Fv2%2Fmedia&parent=77347"}],"wp:term":[{"taxonomy":"category","embeddable":true,"href":"https:\/\/www.brennerbasisdemokratie.eu\/index.php?rest_route=%2Fwp%2Fv2%2Fcategories&post=77347"},{"taxonomy":"post_tag","embeddable":true,"href":"https:\/\/www.brennerbasisdemokratie.eu\/index.php?rest_route=%2Fwp%2Fv2%2Ftags&post=77347"}],"curies":[{"name":"wp","href":"https:\/\/api.w.org\/{rel}","templated":true}]}}