{"id":77489,"date":"2023-03-26T22:50:20","date_gmt":"2023-03-26T20:50:20","guid":{"rendered":"https:\/\/www.brennerbasisdemokratie.eu\/?p=77489"},"modified":"2023-08-06T08:26:39","modified_gmt":"2023-08-06T06:26:39","slug":"das-ist-hetze-keine-kritik","status":"publish","type":"post","link":"https:\/\/www.brennerbasisdemokratie.eu\/?p=77489","title":{"rendered":"Das ist Hetze, keine Kritik."},"content":{"rendered":"<!-- Snippets by WebberZone Snippetz --><div class=\"ata_snippets\"><hr style=\"height: 20px; border: none; margin-top: 0em; background-color: darkred;\"\/><\/div><p><strong><em>Salto<\/em>-Chefredakteur Fabio <span class=\"s2\">Gobbato<\/span> hat mit einem \u00bbKommentar\u00ab der Diskussion um eine mehrsprachige Schule ordentlich geschadet.<\/strong><\/p>\n<p>Fabio Gobbato hat ordentlich zugelangt in seinem <em><a title=\"Salto: A udienza solo chi sa il tedesco.\" href=\"https:\/\/www.salto.bz\/it\/article\/23032023\/udienza-solo-se-sapete-il-tedesco\" target=\"_blank\" rel=\"noopener\">A udienza solo chi sa il tedesco<\/a><\/em><span class=\"s4\"><em>.<\/em> In seinem publizistischen Visier: die Direktorin einer Grundschule in Bozen, die <abbr title=\"S\u00fcdtiroler Volkspartei\">SVP<\/abbr>, Obmann Philipp <\/span><span class=\"s4\">Achammer<\/span><span class=\"s4\"> und <\/span><span class=\"s4\">Landeshauptmann<\/span><span class=\"s4\"> Arno <\/span><span class=\"s4\">Kompatscher<\/span><span class=\"s4\">. Allesamt populistische, ethnische <\/span><span class=\"s4\">Scharfmacher:innen<\/span><span class=\"s4\">, die auf Kosten von Kindern aus italienischen oder migrantischen Familien ihre intolerante Politik betreiben. Das klingt fast so, als w\u00fcrden die deutsche Schule und der zust\u00e4ndige Landesrat \u00bbKrieg\u00ab gegen die erw\u00e4hnten Kinder und ihre Familien f\u00fchren. W\u00e4re das der Fall, <\/span><span class=\"s4\">h\u00e4tte <\/span><span class=\"s4\">Gobbato<\/span><span class=\"s4\"> treffend analysiert und kommentiert.<\/span><\/p>\n<p class=\"s6\"><span class=\"s4\">Applaus erh\u00e4lt <\/span><span class=\"s4\">Gobbato<\/span><span class=\"s4\"> von der <em>Lega<\/em> und von den <em>Fratelli d\u2019Italia.<\/em> SVP-Partner <em>Lega<\/em> schwafelt von einer Politik auf Kosten der Familien, die <em>Fratelli<\/em>\u00a0\u2014 m\u00f6glicherweise Partner der SVP nach den Landtagswahlen im Herbst \u2014 machten eine \u00bbethnische Offensive\u00ab auf.<\/span><\/p>\n<p class=\"s6\">Es findet aber kein ethnischer Krieg statt, keine ethnische Offensive, die auf dem R\u00fccken der Familien ausgetragen wird. Nicht von ungef\u00e4hr findet <em>Salto<\/em>-Herausgeber Max Benedikter<span class=\"s4\">, <\/span><span class=\"s4\">dass \u00bb<\/span>aus einer M\u00fccke ein Elefant gemacht\u00ab\u00a0wird.<span class=\"s7\"> Die<\/span><span class=\"s7\">se<\/span><span class=\"s7\">\u00a0\u00bbM\u00fccke\u00ab\u00a0<\/span><span class=\"s7\">steht in der Einladung zum Elternsprechtag:<\/span><\/p>\n<blockquote><p><img loading=\"lazy\" decoding=\"async\" class=\"size-full wp-image-77495 aligncenter\" src=\"https:\/\/www.brennerbasisdemokratie.eu\/wp-content\/uploads\/2023\/03\/einladung-elternsprechtag.jpg\" alt=\"\" width=\"960\" height=\"495\" srcset=\"https:\/\/www.brennerbasisdemokratie.eu\/wp-content\/uploads\/2023\/03\/einladung-elternsprechtag.jpg 960w, https:\/\/www.brennerbasisdemokratie.eu\/wp-content\/uploads\/2023\/03\/einladung-elternsprechtag-768x396.jpg 768w\" sizes=\"auto, (max-width: 960px) 100vw, 960px\" \/><\/p><\/blockquote>\n<p>Darin weist die Direktorin der deutschsprachigen Grundschule darauf hin, dass die Gespr\u00e4che mit den Lehrpersonen \u00bbin deutscher Sprache erfolgen\u00ab. <span class=\"s9\">Deutsche Schule, deutsche Unterrichts- und Verkehrssprache. <\/span>In welcher Sprache werden an den italienischsprachigen Schulen die Elternsprechtage abgehalten?<\/p>\n<p>Die von <span class=\"s11\">Gobbato<\/span><span class=\"s11\"> attackierte Grundschuldirektorin bietet nicht Deutsch sprechenden Eltern <\/span><span class=\"s11\">Sprachmediator:innen<\/span><span class=\"s11\"> an. Was macht <\/span><span class=\"s11\">Gobbato<\/span><span class=\"s11\"> daraus? Er legt nahe, die Direktorin wolle Eltern in Verlegenheit bringen, die die Unterrichtssprache der Schule nicht verstehen, die ihre Kinder besuchen. Ein doch starkes St\u00fcck <\/span><span class=\"s11\">Miesmacherei<\/span><span class=\"s11\">. Doch<\/span><span class=\"s11\">\u00a0<\/span><span class=\"s11\">Gobbato<\/span><span class=\"s11\"> geht noch weiter: Er vermutet, die Direktorin <\/span><span class=\"s11\">wolle mit ihrem angeblichen Sprachdiktat erreichen, dass nicht Deutsch sprechende Eltern dem Eltern<\/span><span class=\"s11\">sprech<\/span><span class=\"s11\">tag fernbleiben. <\/span><span class=\"s11\">Warum sollte sie das wollen? <\/span><span class=\"s11\">Das ist doch eine absurde Annahme<\/span><span class=\"s11\">, eine weitere Unterstellung<\/span><span class=\"s11\">.<\/span><\/p>\n<p class=\"s10\"><span class=\"s11\">Ich war einige Jahr<\/span><span class=\"s11\">e<\/span><span class=\"s11\"> lang Klassenratmitglied und Schulratvorsitzender an einer deutschen Schule. Deutsch war die Verkehrssprache, bei Bedarf wurde selbstverst\u00e4ndlich auch Italienisch gesprochen, dann und wann auch Englisch. <\/span><span class=\"s11\">Man kann davon ausgehen, dass dies die Lehrpersonen der angegriffenen Bozner Grundschule <\/span><span class=\"s11\">genauso halten werden.<\/span><\/p>\n<p class=\"s10\"><span class=\"s11\">Wenn ich richtig informiert bin, lehnte die von <\/span><span class=\"s11\">Gobbato<\/span><span class=\"s11\"> kritisierte Direktorin auch nicht die Einschreibung eines migrantischen Kindes ab, <\/span><span class=\"s12\">sondern empfahl den Eltern eine andere Schul<\/span><span class=\"s12\">e<\/span><span class=\"s12\">.<\/span><\/p>\n<h6>Eine ethnische Offensive?<\/h6>\n<p class=\"s10\"><span class=\"s11\">Aus diesen beiden F\u00e4llen, der Einladung zum Elterntag und zur Empfehlung der Schulwahl, konstruierte <\/span><span class=\"s11\">Gobbato<\/span><span class=\"s11\"> eine ethnische Offensive. Damit versuche die SVP<\/span><span class=\"s11\">\u00a0W\u00e4hlerstimmen<\/span><span class=\"s11\"> zu gewinnen.<\/span><\/p>\n<p class=\"s10\"><span class=\"s11\">\u00dcber diese verquere Analyse freut sich die italienische <\/span><span class=\"s11\">Rechte. \u00a0<\/span><\/p>\n<p class=\"s10\"><span class=\"s12\">Der Kammerabgeordnete von <em>Fratelli d\u2019Italia\u00a0<\/em><\/span><span class=\"s14\">Alessandro <\/span><span class=\"s14\">Urz\u00ec<\/span><span class=\"s14\">\u00a0<\/span><span class=\"s14\">sieht <\/span><span class=\"s14\">in der Schulempfehlung <\/span><span class=\"s14\">eine Verletzung des verfassungsm\u00e4\u00dfigen Rechts auf Bildung<\/span><span class=\"s14\">. Er h\u00e4lt es nicht f\u00fcr <\/span><span class=\"s14\">zul\u00e4ssig, einen Sch\u00fcler aufgrund eines Sprachtests abzulehnen. D<\/span><span class=\"s14\">eshalb fordert er\u00a0<\/span><span class=\"s14\">den italienischen Bildungsminister <\/span><span class=\"s14\">auf, <\/span><span class=\"s14\">Ma\u00dfnahmen zu ergreifen.<\/span> <span class=\"s14\">Vielleicht sollte diese Grundschule in Gries dem Ministerium direkt unterstellt werden?<\/span><\/p>\n<p class=\"s10\"><span class=\"s14\">Sollte sich <\/span><span class=\"s14\">Urz\u00ec\u00a0<\/span><span class=\"s14\">nicht dar\u00fcber Gedanken machen, warum auch immer mehr italienische Eltern in S\u00fcdtirol ihre Kinder an deutschen Kinderg\u00e4rten und Schulen einschreiben? Funktioniert das \u00bbdeutsche Bildungswesen\u00ab besser als das italienische? Ist die ach so ethnisch engstirnige deutsche Schule gar weltoffener?<\/span><\/p>\n<p class=\"s10\"><span class=\"s12\">Dr\u00e4ngen deshalb auch Migrantenfamilien ihre Kinder in die deutschen Kinderg\u00e4rten und Schulen? <\/span><span class=\"s11\">Mehr als elf Prozent <\/span><span class=\"s14\">der Kinder in den <\/span><span class=\"s14\">deutschsprachigen Schulen <\/span><span class=\"s14\">stammen aus dem Ausland. <\/span><span class=\"s14\">Tendenz <\/span><span class=\"s14\">steigend. In manchen <\/span><span class=\"s9\">Kinderg\u00e4rten und Grundschulen<\/span><span class=\"s9\"> lag der <\/span><span class=\"s9\">Anteil an \u00bb<\/span><span class=\"s9\">Ausl\u00e4nder<\/span><span class=\"s9\">:inne<\/span><span class=\"s9\">n\u00ab\u00a0<\/span><span class=\"s9\">h\u00f6her als jener der \u00bb<\/span><span class=\"s9\">Einheimischen\u00ab<\/span><span class=\"s9\">: G<\/span><span class=\"s9\">rundschulen <\/span><span class=\"s9\">Franzensfeste<\/span><span class=\"s9\"> und Blumau sowie die Kinderg\u00e4rten <\/span><span class=\"s9\">Waidbruck<\/span><span class=\"s9\">, Meran\/Fr\u00f6hlich und Bozen\/Weggensteinstra\u00dfe.<\/span><span class=\"s9\"> An der <\/span><span class=\"s9\">Grundschule <\/span><span class=\"s9\">Waidbruck<\/span> <span class=\"s9\">lag der Anteil an \u00bb<\/span><span class=\"s9\">Ausl\u00e4nder:innen\u00ab<\/span><span class=\"s9\">\u00a0bei der H\u00e4lfte. Allesamt N<\/span><span class=\"s9\">icht<\/span><span class=\"s9\">-EU-B\u00fcrger:innen. In <\/span><span class=\"s9\">30 <\/span><span class=\"s9\">Kinderg\u00e4rten und Grundschulen <\/span><span class=\"s9\">betrug <\/span><span class=\"s9\">der \u00bbAusl\u00e4nderanteil\u00ab\u00a0<\/span><span class=\"s9\">mehr als ein Drittel. <\/span><\/p>\n<p class=\"s10\"><span class=\"s9\">Besonders in Bozen ist <\/span><span class=\"s9\">das Interesse migrantischer Familien an der deutschen Grundschule gro\u00df. Mehr als die H\u00e4lfte der f\u00fcr das n\u00e4chste Schuljahr eingeschriebenen Grundschulkinder sind migrantisch oder nicht deutschsprachig. Zweifelsohne wollen diese Familien, dass ihre Kinder die deutsche Landessprache lernen. Fakt ist inzwischen aber auch, <\/span><a href=\"https:\/\/www.brennerbasisdemokratie.eu\/?p=77347\"><span class=\"s15\">wie die Direktor:innen<\/span><span class=\"s15\"> der deutschen Bildungseinrichtungen beklagen<\/span><\/a><span class=\"s9\">, dass in Bozen kaum mehr Deutsch gesprochen wird. An den deutschen Schulen die deutsche Unterrichts- und Verkehrssprache zu erhalten ist ein schwieriges p\u00e4dagogisches Unterfangen.<\/span><\/p>\n<h6>Wachsender \u00bbAusl\u00e4nder:innen\u00ab-Anteil<\/h6>\n<p class=\"s18\"><span class=\"s16\">Laut dem <\/span><span class=\"s17\">Landesinstitut f\u00fcr Statistik<\/span><span class=\"s17\">\u00a0sind\u00a0<\/span><span class=\"s17\">10.000 Kinder zwischen drei und 18 Jahren nicht in Besitz eines italienischen Passes b<\/span><span class=\"s17\">zw.<\/span><span class=\"s17\">\u00a0im Ausland geboren. In S\u00fcdtirol geboren sind 5.000 \u00bbpass<\/span><span class=\"s17\">lose\u00ab\u00a0<\/span><span class=\"s17\">Kinder<\/span><span class=\"s17\">. <\/span><span class=\"s17\">Nur <\/span><span class=\"s17\">eines von f\u00fcnf Kindern und Jugendlichen <\/span><span class=\"s17\">stammt aus <\/span><span class=\"s17\">einem Mitgliedsstaat der EU<\/span><span class=\"s17\">. <\/span><\/p>\n<p>An den italienischen Kinderg\u00e4rten haben <span class=\"s17\">bereits <\/span><span class=\"s17\">ein Viertel aller Kinder einen Migrationshintergrund. Fast 13 Prozent der <\/span><span class=\"s17\">Sch\u00fcler:innen<\/span><span class=\"s17\"> der italienischen Mittelschule sind keine italienischen Staatsb\u00fcrger:innen. <\/span><\/p>\n<p class=\"s19\"><span class=\"s17\">Je h\u00f6her die Schulstufe, desto geringer <\/span><span class=\"s17\">ist <\/span><span class=\"s17\">der \u00bb<\/span><span class=\"s17\">ausl\u00e4ndische\u00ab\u00a0<\/span><span class=\"s17\">Anteil, a<\/span><span class=\"s17\">n den italienischen <\/span><span class=\"s17\">Obers<\/span><span class=\"s17\">chulen<\/span> <span class=\"s17\">ist er\u00a0<\/span><span class=\"s17\">mit fast <\/span><span class=\"s17\">1<\/span><span class=\"s17\">7<\/span><span class=\"s17\"> Prozent deutlich h\u00f6her als an den de<\/span><span class=\"s17\">u<\/span><span class=\"s17\">tschen<\/span> <span class=\"s17\">Oberschulen mit <\/span><span class=\"s17\">5 Prozent.<\/span><\/p>\n<p class=\"s19\"><span class=\"s17\">Kinder mit ausl\u00e4ndischem Pass <\/span><span class=\"s17\">scheinen <\/span><span class=\"s17\">eine Berufslehre<\/span><span class=\"s17\"> zu bevorzugen<\/span><span class=\"s17\">. Mehr als die H\u00e4lfte aller ans\u00e4ssigen Ausl\u00e4nder:innen besuchen eine Berufsschule<\/span><span class=\"s17\">. <\/span><span class=\"s17\">Der Ausl\u00e4nderanteil\u00a0<\/span><span class=\"s17\">an den deutschen Berufsschulen <\/span><span class=\"s17\">betr\u00e4gt 11 Prozent<\/span><span class=\"s17\">, an <\/span><span class=\"s17\">den italienischen Berufsschulen liegt die<\/span> <a href=\"https:\/\/swz.it\/wo-die-migranten-lernen\/\"><span class=\"s15\">Quote<\/span><\/a><span class=\"s17\"> schon seit zw\u00f6lf Jahren \u00fcber 30 Prozent (<\/span><span class=\"s17\">2010\/11 <\/span><span class=\"s17\">gar <\/span><span class=\"s17\">38 Prozent)<\/span><span class=\"s17\">. Die Hauptlast der Zuwanderung tragen zweifelsohne die italienischen Bildungseinrichtungen. <\/span><\/p>\n<p class=\"s19\"><span class=\"s17\">Die von der Bozner Stadtr\u00e4tin Johanna <\/span><span class=\"s17\">Ramoser<\/span><span class=\"s17\">\u00a0(SVP) angeregten Sprachtests f\u00fcr Kinder mit Migrationshintergrund sind Ausdruck einer politischen Hilflosigkeit. Zurecht\u00a0<\/span><a href=\"https:\/\/www.brennerbasisdemokratie.eu\/?p=35719\"><span class=\"s15\">erinnerte Simon daran<\/span><\/a><span class=\"s17\">, <\/span><span class=\"s17\">dass Sprachtests die <\/span><span class=\"s17\">Ohnmacht\u00a0<\/span><span class=\"s17\">offenlegen. Er wirbt <\/span><span class=\"s17\">hingegen <\/span><span class=\"s17\">f\u00fcr<\/span><\/p>\n<blockquote><p>vorgeschaltete und begleitende Sprachkurse, Integrations- und Mediationskr\u00e4fte, Verkleinerung der Klassen und Kindergartengruppen, Deutschpflicht im Pausenhof \u2014 \u00fc<span class=\"s20\">ber\u00a0<\/span><span class=\"s20\">solche Ma\u00dfnahmen kann und soll man sprechen.<\/span><\/p><\/blockquote>\n<p>Die deutsche Landessprache hat offensichtlich<\/p>\n<blockquote><p>ausreichend Strahlkraft, um eine bedeutende Anzahl Migrantinnen dazu zu bewegen, sich und ihre Kinder \u00bb<span class=\"s20\">durch sie\u00ab\u00a0<\/span><span class=\"s20\">zu integrieren; und um viele Italienerinnen von der Notwendigkeit ihres bestm\u00f6glichen Erwerbs zu \u00fcberzeugen<\/span><span class=\"s20\">.<\/span><\/p><\/blockquote>\n<p class=\"s19\"><span class=\"s20\">Diese Bereitschaft sollte die deutsche Schule offensiv nutzen, statt sich <\/span><span class=\"s20\">\u00e4ngstlich <\/span><span class=\"s20\">einzuigeln und abzuschotten. \u00a0<\/span><\/p>\n<h6>Miesmachende M\u00fccken<\/h6>\n<p class=\"s19\"><span class=\"s20\">Hat Fabio <\/span><span class=\"s20\">Gobbato<\/span><span class=\"s20\">\u00a0aus einer M\u00fccke einen Elefanten gemacht, weil er den Text der Einladung zum Elternsprechtag nicht verstanden hat? Das w\u00e4re peinlich. Sein Kommentar wurde staatsweit aufgegriffen, seine Verunglimpfungen unhinterfragt verbreitet. <\/span><span class=\"s20\">Weder <\/span><span class=\"s20\">Gobbato<\/span><span class=\"s20\"> noch die gro\u00dfen italienischen Zeitungen scheinen zu wissen, dass die von ihnen inkriminierten <\/span><span class=\"s20\">Sprachtests \u2014\u00a0<\/span><span class=\"s20\">wie Simon<\/span> <a href=\"https:\/\/www.brennerbasisdemokratie.eu\/?p=77373\"><span class=\"s22\">frotzelt<\/span><\/a> <span class=\"s20\">\u2014\u00a0<\/span><span class=\"s20\">an <\/span><span class=\"s20\">den italienischen Schulen<\/span><span class=\"s20\"> angewandt werden<\/span><span class=\"s20\">, um <\/span><span class=\"s20\">Sch\u00fcler<\/span><span class=\"s20\">:<\/span><span class=\"s20\">innen\u00a0<\/span><span class=\"s20\">herauszufiltern, die die mehrsprachigen Klassenz\u00fcge besuchen d\u00fcrfen<\/span><span class=\"s20\">. Warum wird mit unterschiedlichem Ma\u00df gemessen?<\/span><span class=\"s20\"> Die einen d\u00fcrfen, die anderen werden daf\u00fcr untergriffig beschimpft und mies gemacht. \u00bb<\/span><span class=\"s20\">Linke\u00ab Hetze ist auch shit.<\/span><\/p>\n<ul>\n<li><strong>Nachtrag<\/strong> vom 27. M\u00e4rz 2023: Chefredakteur Fabio Gobbato hat auf <em>Salto<\/em> eine <a title=\"Salto: Wolfgang, tra noi un dialogo fra sordi?\" href=\"https:\/\/www.salto.bz\/de\/article\/26032023\/caro-wolfgang\" target=\"_blank\" rel=\"noopener\">Replik<\/a> zu diesem Beitrag ver\u00f6ffentlicht. (<img class=\"bbdlogo\" src=\"https:\/\/www.brennerbasisdemokratie.eu\/wp-content\/uploads\/bbdsmileys\/bbde.png\">)<\/li>\n<li><strong>Nachtrag<\/strong> vom 29. M\u00e4rz 2023: Max Benedikter, Pr\u00e4sident von <em>Demos 2.0,<\/em> hat auf <em>Salto<\/em> ebenfalls auf diesen Beitrag\u00a0<a title=\"Salto: Problematischer Reichtum?\" href=\"https:\/\/www.salto.bz\/de\/article\/27032023\/max-hueahh\" target=\"_blank\" rel=\"noopener\">geantwortet.<\/a>\u00a0(<img class=\"bbdlogo\" src=\"https:\/\/www.brennerbasisdemokratie.eu\/wp-content\/uploads\/bbdsmileys\/bbde.png\">)<\/li>\n<\/ul>\n<!-- Snippets by WebberZone Snippetz --><div class=\"ata_snippets\"><hr style=\"height: 10px;border: none;margin-top: 0px;background-color: darkred\" \/>\r\n\r\n<div style=\"background-color: none;padding: 0px;font-size: 14px;font-family: Helvetica,Arial;margin: 10px 0px 0px 0px\"><span style=\"color: darkred\"><strong><small>Autor:innen- und Gastbeitr\u00e4ge widerspiegeln nicht notwendigerweise die Meinung oder die Position von BBD, so wie die jeweiligen Verfasser:innen nicht notwendigerweise die Ziele von BBD unterst\u00fctzen.<\/small><\/strong><small>\u00b7 I contributi esterni non necessariamente riflettono le opinioni o la posizione di BBD, come a loro volta le autrici\/gli autori non necessariamente condividono gli obiettivi di BBD. \u2014 <a href=\"http:\/\/www.brennerbasisdemokratie.eu\/?page_id=11356#copyleft\"><strong>\u00a9<\/strong><\/a><\/small><\/span><\/div><\/div>","protected":false},"excerpt":{"rendered":"<p>Salto-Chefredakteur Fabio Gobbato hat mit einem \u00bbKommentar\u00ab der Diskussion um eine mehrsprachige Schule ordentlich geschadet. Fabio Gobbato hat ordentlich zugelangt in seinem A udienza solo chi sa il tedesco. In seinem publizistischen Visier: die Direktorin einer Grundschule in Bozen, die SVP, Obmann Philipp Achammer und Landeshauptmann Arno Kompatscher. Allesamt populistische, ethnische Scharfmacher:innen, die auf Kosten [&hellip;]<\/p>","protected":false},"author":14,"featured_media":0,"comment_status":"open","ping_status":"open","sticky":false,"template":"","format":"standard","meta":{"_crdt_document":"","ngg_post_thumbnail":0,"_jetpack_memberships_contains_paid_content":false,"footnotes":""},"categories":[14],"tags":[],"class_list":["post-77489","post","type-post","status-publish","format-standard","hentry","category-autorinnen","entity-fdi","entity-gemeinde-bozen","entity-landesregierung","entity-lega","entity-svp","issue-clil-immersion","issue-medienkritik","issue-zitac","location-sudtirolo","language-deutsch","medium-salto","person-alessandro-urzi","person-arno-kompatscher","person-philipp-achammer","topic-kohasion","topic-medien","topic-migraziun","topic-minderheitenschutz","topic-plurilinguism","topic-politik","topic-scola"],"jetpack_featured_media_url":"","jetpack_sharing_enabled":true,"_links":{"self":[{"href":"https:\/\/www.brennerbasisdemokratie.eu\/index.php?rest_route=\/wp\/v2\/posts\/77489","targetHints":{"allow":["GET"]}}],"collection":[{"href":"https:\/\/www.brennerbasisdemokratie.eu\/index.php?rest_route=\/wp\/v2\/posts"}],"about":[{"href":"https:\/\/www.brennerbasisdemokratie.eu\/index.php?rest_route=\/wp\/v2\/types\/post"}],"author":[{"embeddable":true,"href":"https:\/\/www.brennerbasisdemokratie.eu\/index.php?rest_route=\/wp\/v2\/users\/14"}],"replies":[{"embeddable":true,"href":"https:\/\/www.brennerbasisdemokratie.eu\/index.php?rest_route=%2Fwp%2Fv2%2Fcomments&post=77489"}],"version-history":[{"count":11,"href":"https:\/\/www.brennerbasisdemokratie.eu\/index.php?rest_route=\/wp\/v2\/posts\/77489\/revisions"}],"predecessor-version":[{"id":79775,"href":"https:\/\/www.brennerbasisdemokratie.eu\/index.php?rest_route=\/wp\/v2\/posts\/77489\/revisions\/79775"}],"wp:attachment":[{"href":"https:\/\/www.brennerbasisdemokratie.eu\/index.php?rest_route=%2Fwp%2Fv2%2Fmedia&parent=77489"}],"wp:term":[{"taxonomy":"category","embeddable":true,"href":"https:\/\/www.brennerbasisdemokratie.eu\/index.php?rest_route=%2Fwp%2Fv2%2Fcategories&post=77489"},{"taxonomy":"post_tag","embeddable":true,"href":"https:\/\/www.brennerbasisdemokratie.eu\/index.php?rest_route=%2Fwp%2Fv2%2Ftags&post=77489"}],"curies":[{"name":"wp","href":"https:\/\/api.w.org\/{rel}","templated":true}]}}