{"id":77824,"date":"2023-04-18T23:15:24","date_gmt":"2023-04-18T21:15:24","guid":{"rendered":"https:\/\/www.brennerbasisdemokratie.eu\/?p=77824"},"modified":"2025-09-23T23:21:39","modified_gmt":"2025-09-23T21:21:39","slug":"italienischer-landwirtschaftsminister-gegen-umvolkung","status":"publish","type":"post","link":"https:\/\/www.brennerbasisdemokratie.eu\/?p=77824","title":{"rendered":"Italienischer Landwirtschaftsminister spricht von \u203aUmvolkung\u2039."},"content":{"rendered":"<p>Der Schwager von Ministerpr\u00e4sidentin Giorgia Meloni und italienische Landwirtschaftsminister, Francesco Lollobrigida (beide <abbr title=\"Fratelli d\u2019Italia\">FdI<\/abbr>), ist heute im Rahmen eines Gewerkschaftskongresses <em>(Cisal)<\/em> auf das Thema des Geburtenr\u00fcckgangs eingegangen. Dabei nahm er auf die rechtsextreme und rassistische Verschw\u00f6rungstheorie der \u00bbUmvolkung\u00ab<sup class=\"modern-footnotes-footnote modern-footnotes-footnote--hover-on-desktop \" data-mfn=\"1\" data-mfn-post-scope=\"00000000000007e30000000000000000_77824\"><a href=\"javascript:void(0)\"  role=\"button\" aria-pressed=\"false\" aria-describedby=\"mfn-content-00000000000007e30000000000000000_77824-1\">1<\/a><\/sup><span id=\"mfn-content-00000000000007e30000000000000000_77824-1\" role=\"tooltip\" class=\"modern-footnotes-footnote__note\" tabindex=\"0\" data-mfn=\"1\">Original: \u00bbsostituzione etnica\u00ab<\/span> Bezug.<\/p>\n<p>Konkret sagte er, der Wohlfahrtsstaat m\u00fcsse die Vereinbarkeit von Arbeit und Familie sicherstellen (wobei er, dessen Partei die italienische Sprache per Gesetz von Anglizismen s\u00e4ubern m\u00f6chte, das Wort <em>Welfare<\/em> benutzte). Der <a title=\"Wiki: Umvolkung.\" href=\"https:\/\/de.wikipedia.org\/wiki\/Umvolkung#Aktuelle_Verwendung\" target=\"_blank\" rel=\"noopener\">\u00bbUmvolkung\u00ab<\/a>, die darin bestehe, dass andere angesiedelt werden, weil die Italienerinnen wenige Kinder kriegen, d\u00fcrfe man sich nicht geschlagen geben, so der Minister.<\/p>\n<p>Diese Aussage verteidigte er sp\u00e4ter auch gegen die heftige Kritik anderer politischer Parteien, sodass nicht von einem Ausrutscher die Rede sein kann. Andere hochrangige Vertreterinnen der <em>Fratelli<\/em> verteidigten die Worte von Lollobrigida.<\/p>\n<p>Giorgia Meloni hatte sich in Vergangenheit ebenfalls als Anh\u00e4ngerin dieser politisch eindeutig konnotierten, extremistischen Verschw\u00f6rungstheorie zu erkennen gegeben. Ihre diesbez\u00fcglichen <a title=\"YT: Ius soli, il centrodestra unito\u2026 (2017)\" href=\"https:\/\/youtu.be\/MTC1ObEVEic\" target=\"_blank\" rel=\"noopener\">\u00c4u\u00dferungen,<\/a>&nbsp;wonach es einen solchen <a title=\"Wiki: Kalergi-Plan.\" href=\"https:\/\/en.wikipedia.org\/wiki\/Kalergi_Plan\" target=\"_blank\" rel=\"noopener\">Plan<\/a>&nbsp;gebe, gehen aber (soweit mir bekannt) auf Zeiten zur\u00fcck, als sie keine Regierungsverantwortung innehatte. Nun ist auch dieses Tabu gebrochen.<\/p>\n<p><strong><span style=\"font-family: Helvetica, Arial, sans-serif; text-transform: uppercase;\">C\u00ebla enghe:<\/span><\/strong> <a title=\"Flucht: Die abstruse These von der Reservearmee.\" href=\"https:\/\/www.brennerbasisdemokratie.eu\/?p=49726\"><code>01<\/code><\/a> <a title=\"Seenot: Italien verordnet Sterbenlassen.\" href=\"https:\/\/www.brennerbasisdemokratie.eu\/?p=75567\"><code>02<\/code><\/a> <a title=\"Die S\u00fcdtirolbesessenheit der Fratelli.\" href=\"https:\/\/www.brennerbasisdemokratie.eu\/?p=74113\"><code>03<\/code><\/a> <a title=\"Italien: Bildungsminister bef\u00f6rdert Duce-Fan.\" href=\"https:\/\/www.brennerbasisdemokratie.eu\/?p=77528\"><code>04<\/code><\/a> <a title=\"Von Meloni ernannter Manager zitiert Mussolini.\" href=\"https:\/\/www.brennerbasisdemokratie.eu\/?p=77313\"><code>05<\/code><\/a> <a title=\"Nationalistisch uminterpretierte Ardeatinische H\u00f6hlen.\" href=\"https:\/\/www.brennerbasisdemokratie.eu\/?p=77580\"><code>06<\/code><\/a> <a title=\"Hohe FdI-Mitglieder huldigen dem MSI.\" href=\"https:\/\/www.brennerbasisdemokratie.eu\/?p=75532\"><code>07<\/code><\/a> <a title=\"Das Faschonetzwerk um FdI.\" href=\"https:\/\/www.brennerbasisdemokratie.eu\/?p=68081\" rel=\"\"><code>08<\/code><\/a> <a title=\"Dunkelschwarze Aussichten.\" href=\"https:\/\/www.brennerbasisdemokratie.eu\/?p=73494\" rel=\"\"><code>09<\/code><\/a> <span style=\"font-family: Helvetica, Arial, sans-serif; font-weight: normal;\">||<\/span> <a title=\"Fratoianni sulle tracce di Lollobrigida.\" href=\"https:\/\/www.brennerbasisdemokratie.eu\/?p=77956\"><span style=\"color:#ff8c00; text-decoration:underline; text-decoration-color:#ff8c00; text-decoration-thickness:3px;\"><code>01<\/code><\/span><\/a> <a title=\"Mancano (solo) i roghi in piazza.\" href=\"https:\/\/www.brennerbasisdemokratie.eu\/?p=78265\" rel=\"\"><span style=\"color: #ff8c00\"><code>02<\/code><\/span><\/a> <a title=\"Vierte Gewalt unter Kuratel.\" href=\"https:\/\/www.brennerbasisdemokratie.eu\/?p=78506\"><span style=\"color: #ff8c00\"><code>03<\/code><\/span><\/a> <a title=\"Quod non licet AfD\u2026 licet FdI.\" href=\"https:\/\/www.brennerbasisdemokratie.eu\/?p=79651\"><span style=\"color: #ff8c00\"><code>04<\/code><\/span><\/a> <a title=\"Zwei Jahre Abbau von Demokratie und Grundfreiheiten.\" href=\"https:\/\/www.brennerbasisdemokratie.eu\/?p=88586\"><span style=\"color: #ff8c00\"><code>05<\/code><\/span><\/a> <a title=\"Soldaten m\u00fcssen in Deutschland f\u00fcr Demokratie eintreten.\" href=\"https:\/\/www.brennerbasisdemokratie.eu\/?p=88715\"><span style=\"color: #ff8c00\"><code>06<\/code><\/span><\/a> <a title=\"Made in Italy mit Adolfo und Benito.\" href=\"https:\/\/www.brennerbasisdemokratie.eu\/?p=93626\"><span style=\"color: #ff8c00\"><code>07<\/code><\/span><\/a><\/p>\n<ul class=\"modern-footnotes-list modern-footnotes-list--show-only-for-print\"><li><span>1<\/span><div>Original: \u00bbsostituzione etnica\u00ab<\/div><\/li><\/ul>","protected":false},"excerpt":{"rendered":"<p>Der Schwager von Ministerpr\u00e4sidentin Giorgia Meloni und italienische Landwirtschaftsminister, Francesco Lollobrigida (beide FdI), ist heute im Rahmen eines Gewerkschaftskongresses (Cisal) auf das Thema des Geburtenr\u00fcckgangs eingegangen. Dabei nahm er auf die rechtsextreme und rassistische Verschw\u00f6rungstheorie der \u00bbUmvolkung\u00ab Bezug. Konkret sagte er, der Wohlfahrtsstaat m\u00fcsse die Vereinbarkeit von Arbeit und Familie sicherstellen (wobei er, dessen Partei [&hellip;]<\/p>","protected":false},"author":1,"featured_media":0,"comment_status":"open","ping_status":"open","sticky":false,"template":"","format":"standard","meta":{"_crdt_document":"","ngg_post_thumbnail":0,"_jetpack_memberships_contains_paid_content":false,"footnotes":""},"categories":[1],"tags":[],"class_list":["post-77824","post","type-post","status-publish","format-standard","hentry","category-allgemein","entity-fdi","entity-staat-italien","location-italy","language-deutsch","person-giorgia-meloni","topic-arbeit","topic-faschismen","topic-gewerkschaften","topic-lingaz","topic-migraziun","topic-politik","topic-racism","topic-soziales"],"jetpack_featured_media_url":"","jetpack_sharing_enabled":true,"_links":{"self":[{"href":"https:\/\/www.brennerbasisdemokratie.eu\/index.php?rest_route=\/wp\/v2\/posts\/77824","targetHints":{"allow":["GET"]}}],"collection":[{"href":"https:\/\/www.brennerbasisdemokratie.eu\/index.php?rest_route=\/wp\/v2\/posts"}],"about":[{"href":"https:\/\/www.brennerbasisdemokratie.eu\/index.php?rest_route=\/wp\/v2\/types\/post"}],"author":[{"embeddable":true,"href":"https:\/\/www.brennerbasisdemokratie.eu\/index.php?rest_route=\/wp\/v2\/users\/1"}],"replies":[{"embeddable":true,"href":"https:\/\/www.brennerbasisdemokratie.eu\/index.php?rest_route=%2Fwp%2Fv2%2Fcomments&post=77824"}],"version-history":[{"count":21,"href":"https:\/\/www.brennerbasisdemokratie.eu\/index.php?rest_route=\/wp\/v2\/posts\/77824\/revisions"}],"predecessor-version":[{"id":94765,"href":"https:\/\/www.brennerbasisdemokratie.eu\/index.php?rest_route=\/wp\/v2\/posts\/77824\/revisions\/94765"}],"wp:attachment":[{"href":"https:\/\/www.brennerbasisdemokratie.eu\/index.php?rest_route=%2Fwp%2Fv2%2Fmedia&parent=77824"}],"wp:term":[{"taxonomy":"category","embeddable":true,"href":"https:\/\/www.brennerbasisdemokratie.eu\/index.php?rest_route=%2Fwp%2Fv2%2Fcategories&post=77824"},{"taxonomy":"post_tag","embeddable":true,"href":"https:\/\/www.brennerbasisdemokratie.eu\/index.php?rest_route=%2Fwp%2Fv2%2Ftags&post=77824"}],"curies":[{"name":"wp","href":"https:\/\/api.w.org\/{rel}","templated":true}]}}