{"id":77956,"date":"2023-04-23T18:15:57","date_gmt":"2023-04-23T16:15:57","guid":{"rendered":"https:\/\/www.brennerbasisdemokratie.eu\/?p=77956"},"modified":"2023-04-24T21:00:18","modified_gmt":"2023-04-24T19:00:18","slug":"fratoianni-sulle-tracce-di-lollobrigida","status":"publish","type":"post","link":"https:\/\/www.brennerbasisdemokratie.eu\/?p=77956","title":{"rendered":"Fratoianni sulle tracce di Lollobrigida."},"content":{"rendered":"<p>La sinistra o quel che ne rimane, in Italia, imparer\u00e0 mai la lezione? Gi\u00e0 quando stava al governo rincorreva le destre sui temi della destra, non di rado facendo notare \u2014 ad esempio \u2014 quanto il \u00abcentrosinistra\u00bb fosse molto pi\u00f9 efficiente della stessa <em>Lega<\/em> nel contrastare l\u2019immigrazione con qualsiasi mezzo a disposizione.<\/p>\n<p>Ora che i neofascisti sono al potere e giorno dopo giorno spostano il limite dell\u2019indicibile e dell\u2019impensabile, preparandosi il terreno per agire con maggiore libert\u00e0, la sinistra si appropria della loro retorica e dei peggiori pregiudizi. Un esempio significativo \u00e8 questo intervento di Nicola Fratoianni, segretario di <em>Sinistra italiana,<\/em> circa la proposta delle destre di incentivare fiscalmente la natalit\u00e0:<\/p>\n<blockquote><p>Penso che non ci siamo. Intanto segnalo che c\u2019\u00e8 un rischio molto serio perch\u00e9, diciamo, quei pochi migranti che riescono a ottenere la cittadinanza poi rischiano di fare tantissimi figli: l\u00ec s\u00ec che c\u2019\u00e8 un rischio di sostituzione etnica con gli incentivi pensati dal governo. Ma a parte le battute che non son battute, visto che purtroppo di temi molto seri si \u00e8 parlato nelle modalit\u00e0 peggiori possibili, io penso che questa non \u00e8 la strada perch\u00e9 la domanda che dobbiamo farci \u00e8 un\u2019altra: perch\u00e9 si fanno pochi figli?<\/p><\/blockquote>\n<p><em>da<\/em> <a title=\"Agor\u00e0 Rai del 20 aprile 2023.\" href=\"https:\/\/www.raiplay.it\/video\/2023\/04\/Figli-e-figliastri----Agora-5304cb4c-7b3d-4653-936a-04cfdf9df2a6.html\" target=\"_blank\" rel=\"noopener\">Agor\u00e0 Rai <em>del 20 aprile<\/em><\/a><em>, trascizione mia<\/em><\/p>\n<p>Cos\u00ec, pur con l\u2019attenuante della \u00abbattuta\u00bb che non lo \u00e8, dal punto di vista retorico si passa dalla condanna senza appello di quella teoria profondamente razzista <a title=\"Italienischer Landwirtschaftsminister spricht von \u00bbUmvolkung\u00ab.\" href=\"https:\/\/www.brennerbasisdemokratie.eu\/?p=77824\" rel=\"\">rimessa in circolazione dal ministro<\/a>, alla gara a chi sar\u00e0 pi\u00f9 bravo a evitare che la fantomatica \u00absostituzione\u00bb si avveri. E l\u00ec la destra ha gi\u00e0 vinto.<\/p>\n<p><strong><span style=\"font-family: Helvetica, Arial, sans-serif; text-transform: uppercase;\">C\u00ebla enghe:<\/span><\/strong> <a title=\"Meloni kommt nicht aus dem Nichts.\" href=\"https:\/\/www.brennerbasisdemokratie.eu\/?p=74151\"><code>01<\/code><\/a> <a title=\"Macht es der PD den Rechten (zu) leicht?\" href=\"https:\/\/www.brennerbasisdemokratie.eu\/?p=37766\"><code>02<\/code><\/a> <a title=\"Italien behindert Seenotrettung weiterhin.\" href=\"https:\/\/www.brennerbasisdemokratie.eu\/?p=58460\"><code>03<\/code><\/a> <a title=\"Unsichere H\u00e4fen.\" href=\"https:\/\/www.brennerbasisdemokratie.eu\/?p=56303\"><code>04<\/code><\/a> <a title=\"Distanzierung vom Antifaschismus.\" href=\"https:\/\/www.brennerbasisdemokratie.eu\/?p=74513\"><code>05<\/code><\/a><\/p>","protected":false},"excerpt":{"rendered":"<p>La sinistra o quel che ne rimane, in Italia, imparer\u00e0 mai la lezione? Gi\u00e0 quando stava al governo rincorreva le destre sui temi della destra, non di rado facendo notare \u2014 ad esempio \u2014 quanto il \u00abcentrosinistra\u00bb fosse molto pi\u00f9 efficiente della stessa Lega nel contrastare l\u2019immigrazione con qualsiasi mezzo a disposizione. Ora che i [&hellip;]<\/p>","protected":false},"author":1,"featured_media":0,"comment_status":"open","ping_status":"open","sticky":false,"template":"","format":"standard","meta":{"_crdt_document":"","ngg_post_thumbnail":0,"_jetpack_memberships_contains_paid_content":false,"footnotes":""},"categories":[1],"tags":[],"class_list":["post-77956","post","type-post","status-publish","format-standard","hentry","category-allgemein","entity-fdi","entity-lega","entity-pd","issue-sx-di-dx","issue-zitac","location-italy","language-italiano","medium-rai","topic-medien","topic-migraziun","topic-politik","topic-racism","topic-soziales"],"jetpack_featured_media_url":"","jetpack_sharing_enabled":true,"_links":{"self":[{"href":"https:\/\/www.brennerbasisdemokratie.eu\/index.php?rest_route=\/wp\/v2\/posts\/77956","targetHints":{"allow":["GET"]}}],"collection":[{"href":"https:\/\/www.brennerbasisdemokratie.eu\/index.php?rest_route=\/wp\/v2\/posts"}],"about":[{"href":"https:\/\/www.brennerbasisdemokratie.eu\/index.php?rest_route=\/wp\/v2\/types\/post"}],"author":[{"embeddable":true,"href":"https:\/\/www.brennerbasisdemokratie.eu\/index.php?rest_route=\/wp\/v2\/users\/1"}],"replies":[{"embeddable":true,"href":"https:\/\/www.brennerbasisdemokratie.eu\/index.php?rest_route=%2Fwp%2Fv2%2Fcomments&post=77956"}],"version-history":[{"count":6,"href":"https:\/\/www.brennerbasisdemokratie.eu\/index.php?rest_route=\/wp\/v2\/posts\/77956\/revisions"}],"predecessor-version":[{"id":77986,"href":"https:\/\/www.brennerbasisdemokratie.eu\/index.php?rest_route=\/wp\/v2\/posts\/77956\/revisions\/77986"}],"wp:attachment":[{"href":"https:\/\/www.brennerbasisdemokratie.eu\/index.php?rest_route=%2Fwp%2Fv2%2Fmedia&parent=77956"}],"wp:term":[{"taxonomy":"category","embeddable":true,"href":"https:\/\/www.brennerbasisdemokratie.eu\/index.php?rest_route=%2Fwp%2Fv2%2Fcategories&post=77956"},{"taxonomy":"post_tag","embeddable":true,"href":"https:\/\/www.brennerbasisdemokratie.eu\/index.php?rest_route=%2Fwp%2Fv2%2Ftags&post=77956"}],"curies":[{"name":"wp","href":"https:\/\/api.w.org\/{rel}","templated":true}]}}