{"id":77977,"date":"2023-04-24T20:49:11","date_gmt":"2023-04-24T18:49:11","guid":{"rendered":"https:\/\/www.brennerbasisdemokratie.eu\/?p=77977"},"modified":"2023-05-20T22:35:24","modified_gmt":"2023-05-20T20:35:24","slug":"uno-gegen-unterdruckung-der-unabhangigkeitsbewegung","status":"publish","type":"post","link":"https:\/\/www.brennerbasisdemokratie.eu\/?p=77977","title":{"rendered":"UNO gegen Unterdr\u00fcckung der Unabh\u00e4ngigkeitsbewegung."},"content":{"rendered":"<p>Die Generalsekret\u00e4rin von <abbr title=\"Esquerra Republicana de Catalunya\">ERC<\/abbr>, Marta Rovira, die sich seit 2018 im Schweizer Exil befindet, machte eine gemeinsame <a title=\"Stellungnahme\" href=\"https:\/\/www.brennerbasisdemokratie.eu\/wp-content\/uploads\/2023\/04\/uno-martarovira.pdf\" rel=\"\">Stellungnahme<\/a><\/p>\n<ul>\n<li>des UN-Sonderberichterstatters f\u00fcr Versammlungs- und Vereinigungsfreiheit, Clement Nyaletsossi Voule;<\/li>\n<li>der UN-Arbeitsgruppe f\u00fcr willk\u00fcrliche Inhaftierungen;<\/li>\n<li>der UN-Sondernerichterstatterin f\u00fcr F\u00f6rderung und Schutz des Rechts auf Freiheit der Meinung und des Ausdrucks, Irene Khan;<\/li>\n<li>der UN-Sonderberichterstatterin zur Unabh\u00e4ngigkeit von Richterinnen und Staatsanw\u00e4ltinnen, Margaret Satterthwaite;<\/li>\n<li>der UN-Sonderberichterstatterin zu F\u00f6rderung und Schutz der Menschenrechte und Grundfreiheiten bei der Terrorbek\u00e4mpfung, Fionnuala N\u00ed Aol\u00e1in<\/li>\n<\/ul>\n<p>\u00f6ffentlich, in der sie sich gemeinsam \u00fcber die willk\u00fcrliche Haft, die gerichtliche und politische Verfolgung und die Einsch\u00fcchterungen zutiefst besorgt zeigen, denen die ERC-Politikerinnen Oriol Junqueras, Marta Rovira, Ra\u00fcl Romeva, Josep Maria Jov\u00e9, Llu\u00eds Salvad\u00f3, Roger Torrent, Jordi Sol\u00e9 und Pol Serena in Zusammenhang mit dem katalanischen Unabh\u00e4ngigkeitsreferendum von 2017 mutma\u00dflich ausgesetzt waren und sind.<\/p>\n<p>Es sei eine Pflicht des Staates, so die Berichterstatterinnen und die Arbeitsgruppe, f\u00fcr alle Menschen zu gew\u00e4hrleisten, dass sie ohne Angst friedlich ihre Meinung kundtun und das Recht auf Versammlungsfreiheit wahrnehmen k\u00f6nnen, und zwar auch dann, wenn es um Personen geht, die minorit\u00e4re oder dissidente \u00dcberzeugungen vertreten. Die Gesetzgebung m\u00fcsse hinreichend pr\u00e4zise verfasst sein, um die Rechtssicherheit zu gew\u00e4hrleisten und zu verhindern, dass zivilgesellschaftliche Akteure, Oppositionelle, Journalistinnen und Akademikerinnen aus politischen oder anderen unzul\u00e4ssigen Gr\u00fcnden verfolgt werden k\u00f6nnen. Insbesondere seien Gesetze, die sich auf die nationale Sicherheit oder die politische und gesellschaftliche Stabilit\u00e4t beziehen und die auf die Abwehr von Gefahren f\u00fcr das politische, wirtschaftliche oder gesellschaftliche System abzielen, mit dem Rechtsstaat unvereinbar, wenn sie die legitimen Meinungen und \u00c4u\u00dferungen von zivilgesellschaftlichen Organisationen, Menschenrechtsaktivistinnen, Journalistinnen, Bloggerinnen und Oppositionellen kriminalisieren.<\/p>\n<p>F\u00fcr besonders besorgniserregend halten die Verfasserinnen insbesondere die mutma\u00dfliche <a title=\"Spionage gegen katalanische Unabh\u00e4ngigkeitsbewegung aufgedeckt.\" href=\"https:\/\/www.brennerbasisdemokratie.eu\/?p=71808\" rel=\"\">Spionage<\/a>\u00a0und das Angebot von Hafterleichterungen <a title=\"Spanien: Umerziehung f\u00fcr Politikerinnen?\" href=\"https:\/\/www.brennerbasisdemokratie.eu\/?p=59371\" rel=\"\">bei Verzicht auf Grundrechte oder auf die eigenen politischen \u00dcberzeugungen<\/a>, aber auch die <a title=\"1. Oktober 2017: Polizeigewalt vor der UNO.\" href=\"https:\/\/www.brennerbasisdemokratie.eu\/?p=50802\" rel=\"\">Polizeigewalt<\/a>\u00a0in Zusammenhang mit dem Referendum vom 1. Oktober 2017 und mit den darauffolgenden Kundgebungen.<\/p>\n<p>In diesem Zusammenhang fordern die Absenderinnen die spanische Regierung dringend auf, zus\u00e4tzliche Informationen vorzulegen und das Vorgehen des Staates zu rechtfertigen.<\/p>\n<p>Dass die Stellungnahme ausschlie\u00dflich die oben genannten Politikerinnen ber\u00fccksichtigt, ist darauf zur\u00fcckzuf\u00fchren, dass sich das Verfahren auf eine Eingabe von ERC bezieht.<\/p>\n<p><strong><span style=\"font-family: Helvetica, Arial, sans-serif; text-transform: uppercase;\">C\u00ebla enghe:<\/span><\/strong> <a title=\"UNO fordert erneut Ende der willk\u00fcrlichen Haft.\" href=\"https:\/\/www.brennerbasisdemokratie.eu\/?p=49866\"><code>01<\/code><\/a> <a title=\"Die UNO \u00e4u\u00dfert sich erneut zu Katalonien.\" href=\"https:\/\/www.brennerbasisdemokratie.eu\/?p=36889\"><code>02<\/code><\/a> <a title=\"Separatismus von Meinungsfreiheit gedeckt.\" href=\"https:\/\/www.brennerbasisdemokratie.eu\/?p=74623\"><code>03<\/code><\/a> <span style=\"font-family: Helvetica, Arial, sans-serif; font-weight: normal;\">||<\/span> <a title=\"UNO verurteilt Absetzung von Puigdemont.\" href=\"https:\/\/www.brennerbasisdemokratie.eu\/?p=78545\" rel=\"\"><span style=\"color: #ff8c00\"><code>01<\/code><\/span><\/a><\/p>","protected":false},"excerpt":{"rendered":"<p>Die Generalsekret\u00e4rin von ERC, Marta Rovira, die sich seit 2018 im Schweizer Exil befindet, machte eine gemeinsame Stellungnahme des UN-Sonderberichterstatters f\u00fcr Versammlungs- und Vereinigungsfreiheit, Clement Nyaletsossi Voule; der UN-Arbeitsgruppe f\u00fcr willk\u00fcrliche Inhaftierungen; der UN-Sondernerichterstatterin f\u00fcr F\u00f6rderung und Schutz des Rechts auf Freiheit der Meinung und des Ausdrucks, Irene Khan; der UN-Sonderberichterstatterin zur Unabh\u00e4ngigkeit von Richterinnen [&hellip;]<\/p>","protected":false},"author":1,"featured_media":0,"comment_status":"open","ping_status":"open","sticky":false,"template":"","format":"standard","meta":{"_crdt_document":"","ngg_post_thumbnail":0,"_jetpack_memberships_contains_paid_content":false,"footnotes":""},"categories":[1],"tags":[],"class_list":["post-77977","post","type-post","status-publish","format-standard","hentry","category-allgemein","entity-erc","entity-uno","issue-good-news","issue-1o2017","location-catalunya","location-spania","location-svizra","language-deutsch","person-oriol-junqueras","person-raul-romeva","topic-grundrechte","topic-politik","topic-polizei","topic-repression","topic-selbstbestimmung"],"jetpack_featured_media_url":"","jetpack_sharing_enabled":true,"_links":{"self":[{"href":"https:\/\/www.brennerbasisdemokratie.eu\/index.php?rest_route=\/wp\/v2\/posts\/77977","targetHints":{"allow":["GET"]}}],"collection":[{"href":"https:\/\/www.brennerbasisdemokratie.eu\/index.php?rest_route=\/wp\/v2\/posts"}],"about":[{"href":"https:\/\/www.brennerbasisdemokratie.eu\/index.php?rest_route=\/wp\/v2\/types\/post"}],"author":[{"embeddable":true,"href":"https:\/\/www.brennerbasisdemokratie.eu\/index.php?rest_route=\/wp\/v2\/users\/1"}],"replies":[{"embeddable":true,"href":"https:\/\/www.brennerbasisdemokratie.eu\/index.php?rest_route=%2Fwp%2Fv2%2Fcomments&post=77977"}],"version-history":[{"count":14,"href":"https:\/\/www.brennerbasisdemokratie.eu\/index.php?rest_route=\/wp\/v2\/posts\/77977\/revisions"}],"predecessor-version":[{"id":78557,"href":"https:\/\/www.brennerbasisdemokratie.eu\/index.php?rest_route=\/wp\/v2\/posts\/77977\/revisions\/78557"}],"wp:attachment":[{"href":"https:\/\/www.brennerbasisdemokratie.eu\/index.php?rest_route=%2Fwp%2Fv2%2Fmedia&parent=77977"}],"wp:term":[{"taxonomy":"category","embeddable":true,"href":"https:\/\/www.brennerbasisdemokratie.eu\/index.php?rest_route=%2Fwp%2Fv2%2Fcategories&post=77977"},{"taxonomy":"post_tag","embeddable":true,"href":"https:\/\/www.brennerbasisdemokratie.eu\/index.php?rest_route=%2Fwp%2Fv2%2Ftags&post=77977"}],"curies":[{"name":"wp","href":"https:\/\/api.w.org\/{rel}","templated":true}]}}