{"id":78115,"date":"2023-04-28T16:40:35","date_gmt":"2023-04-28T14:40:35","guid":{"rendered":"https:\/\/www.brennerbasisdemokratie.eu\/?p=78115"},"modified":"2024-05-25T12:34:24","modified_gmt":"2024-05-25T10:34:24","slug":"galateos-bedrohliche-heiterkeit","status":"publish","type":"post","link":"https:\/\/www.brennerbasisdemokratie.eu\/?p=78115","title":{"rendered":"Galateos bedrohliche Heiterkeit."},"content":{"rendered":"<p>Dieser <em>Facebook<\/em>-Eintrag des heutigen Landtagsabgeordneten von <em>Fratelli d&#8217;Italia,<\/em> Marco Galateo, ist schon etwas \u00e4lter, aber nach wie vor auf seinem Profil zu finden:<\/p>\n<blockquote><p><a href=\"https:\/\/www.facebook.com\/story.php?story_fbid=pfbid08bUe3Wh8J3stuTrTRGBh4A69L696bDoCHp2Nj8RVKabAeeqeN9cfzuskD38CRkMwl&amp;id=1247857098668597\"><img loading=\"lazy\" decoding=\"async\" class=\"aligncenter wp-image-78116 size-full\" src=\"https:\/\/www.brennerbasisdemokratie.eu\/wp-content\/uploads\/2023\/04\/fb_galateo-rizinusoel.png\" alt=\"\" width=\"950\" height=\"1341\" srcset=\"https:\/\/www.brennerbasisdemokratie.eu\/wp-content\/uploads\/2023\/04\/fb_galateo-rizinusoel.png 950w, https:\/\/www.brennerbasisdemokratie.eu\/wp-content\/uploads\/2023\/04\/fb_galateo-rizinusoel-768x1084.png 768w, https:\/\/www.brennerbasisdemokratie.eu\/wp-content\/uploads\/2023\/04\/fb_galateo-rizinusoel-850x1200.png 850w\" sizes=\"auto, (max-width: 950px) 100vw, 950px\" \/><\/a><\/p><\/blockquote>\n<p><em><small>Eintrag von Marco Galateo (<abbr title=\"Fratelli d\u2019Italia\">FdI<\/abbr>) auf <\/small><\/em><small>Facebook, Mai 2019;<\/small><em><small> Querbalken von mir<\/small><\/em><\/p>\n<p>Darin beklagt er, dass sein <em>Facebook<\/em>-Konto gesperrt (und sp\u00e4ter wieder freigeschaltet) worden sei, weil er \u00bbeinen Sezessionisten\u00ab als Angeh\u00f6rigen einer \u00bbBergziegenrasse\u00ab bezeichnet habe \u2014 und schenkt \u00bbjenen Typen\u00ab ein L\u00e4cheln und etwas \u00bbvom guten Rizinus\u00f6l\u00ab. Das soll vermutlich witzig sein.<\/p>\n<p>Das Rizinus\u00f6l war aufgrund seiner abf\u00fchrenden Wirkung ein bei den italienischen Faschisten und \u2014 vermutlich weniger bekannt \u2014 auch bei den Nazis beliebtes Mittel, um politische Gegnerinnen einzusch\u00fcchtern, zu bestrafen, zu dem\u00fctigen, gef\u00fcgig zu machen und zu <a title=\"Polizei soll foltern d\u00fcrfen.\" href=\"https:\/\/www.brennerbasisdemokratie.eu\/?p=77482\" rel=\"\">foltern<\/a>. Je nach Dosierung konnte das unter Zwang verabreichte Mittel auch zum Tod f\u00fchren.<\/p>\n<p>Wenn ein heutiger Politiker glaubt, mit sowas scherzen zu k\u00f6nnen, sollte auch gekl\u00e4rt sein, wes Geistes Kind er ist.<\/p>\n<p><strong><span style=\"font-family: Helvetica, Arial, sans-serif; text-transform: uppercase;\">C\u00ebla enghe:<\/span><\/strong> <a title=\"Sch\u00f6n das Siegesdenkmal beleuchten.\" href=\"https:\/\/www.brennerbasisdemokratie.eu\/?p=77940\" rel=\"\"><code>01<\/code><\/a> <a title=\"FdI will Karsth\u00f6hlendenkmale in allen S\u00fcdtiroler Gemeinden.\" href=\"https:\/\/www.brennerbasisdemokratie.eu\/?p=77847\" rel=\"\"><code>02<\/code><\/a> <a title=\"FdI gegen Schutzfunktion \u00d6sterreichs.\" href=\"https:\/\/www.brennerbasisdemokratie.eu\/?p=77472\" rel=\"\"><code>03<\/code><\/a> <a title=\"Spulciando Massimo Bessone.\" href=\"https:\/\/www.brennerbasisdemokratie.eu\/?p=43656\" rel=\"\"><code>04<\/code><\/a> <span style=\"font-family: Helvetica, Arial, sans-serif; font-weight: normal;\">||<\/span> <a title=\"Mit CasaPound zum Vizelandeshauptmann?\" href=\"https:\/\/www.brennerbasisdemokratie.eu\/?p=81795\" rel=\"\"><span style=\"color: #ff8c00\"><code>01<\/code><\/span><\/a> <a title=\"Galateo will Annexion statt Ende des Faschismus feiern.\" href=\"https:\/\/www.brennerbasisdemokratie.eu\/?p=82807\"><span style=\"color: #ff8c00\"><code>02<\/code><\/span><\/a> <a title=\"Politische und ideologische Kontinuit\u00e4t.\" href=\"https:\/\/www.brennerbasisdemokratie.eu\/?p=82827\"><span style=\"color: #ff8c00\"><code>03<\/code><\/span><\/a> <a title=\"Galateos gr\u00fcnwei\u00dfroter Auswurf.\" href=\"https:\/\/www.brennerbasisdemokratie.eu\/?p=85903\"><span style=\"color: #ff8c00\"><code>04<\/code><\/span><\/a><\/p>","protected":false},"excerpt":{"rendered":"<p>Dieser Facebook-Eintrag des heutigen Landtagsabgeordneten von Fratelli d&#8217;Italia, Marco Galateo, ist schon etwas \u00e4lter, aber nach wie vor auf seinem Profil zu finden: Eintrag von Marco Galateo (FdI) auf Facebook, Mai 2019; Querbalken von mir Darin beklagt er, dass sein Facebook-Konto gesperrt (und sp\u00e4ter wieder freigeschaltet) worden sei, weil er \u00bbeinen Sezessionisten\u00ab als Angeh\u00f6rigen einer [&hellip;]<\/p>","protected":false},"author":1,"featured_media":0,"comment_status":"open","ping_status":"open","sticky":false,"template":"","format":"standard","meta":{"_crdt_document":"","ngg_post_thumbnail":0,"_jetpack_memberships_contains_paid_content":false,"footnotes":""},"categories":[1],"tags":[],"class_list":["post-78115","post","type-post","status-publish","format-standard","hentry","category-allgemein","entity-fdi","entity-sudtiroler-landtag","location-sudtirolo","language-deutsch","language-italiano","medium-socialmedia","person-marco-galateo","topic-faschismen","topic-geschichte","topic-politik","topic-selbstbestimmung"],"jetpack_featured_media_url":"","jetpack_sharing_enabled":true,"_links":{"self":[{"href":"https:\/\/www.brennerbasisdemokratie.eu\/index.php?rest_route=\/wp\/v2\/posts\/78115","targetHints":{"allow":["GET"]}}],"collection":[{"href":"https:\/\/www.brennerbasisdemokratie.eu\/index.php?rest_route=\/wp\/v2\/posts"}],"about":[{"href":"https:\/\/www.brennerbasisdemokratie.eu\/index.php?rest_route=\/wp\/v2\/types\/post"}],"author":[{"embeddable":true,"href":"https:\/\/www.brennerbasisdemokratie.eu\/index.php?rest_route=\/wp\/v2\/users\/1"}],"replies":[{"embeddable":true,"href":"https:\/\/www.brennerbasisdemokratie.eu\/index.php?rest_route=%2Fwp%2Fv2%2Fcomments&post=78115"}],"version-history":[{"count":17,"href":"https:\/\/www.brennerbasisdemokratie.eu\/index.php?rest_route=\/wp\/v2\/posts\/78115\/revisions"}],"predecessor-version":[{"id":85934,"href":"https:\/\/www.brennerbasisdemokratie.eu\/index.php?rest_route=\/wp\/v2\/posts\/78115\/revisions\/85934"}],"wp:attachment":[{"href":"https:\/\/www.brennerbasisdemokratie.eu\/index.php?rest_route=%2Fwp%2Fv2%2Fmedia&parent=78115"}],"wp:term":[{"taxonomy":"category","embeddable":true,"href":"https:\/\/www.brennerbasisdemokratie.eu\/index.php?rest_route=%2Fwp%2Fv2%2Fcategories&post=78115"},{"taxonomy":"post_tag","embeddable":true,"href":"https:\/\/www.brennerbasisdemokratie.eu\/index.php?rest_route=%2Fwp%2Fv2%2Ftags&post=78115"}],"curies":[{"name":"wp","href":"https:\/\/api.w.org\/{rel}","templated":true}]}}