{"id":78805,"date":"2023-06-11T16:46:42","date_gmt":"2023-06-11T14:46:42","guid":{"rendered":"https:\/\/www.brennerbasisdemokratie.eu\/?p=78805"},"modified":"2024-07-11T17:46:09","modified_gmt":"2024-07-11T15:46:09","slug":"katalonien-enteignet-leerstand","status":"publish","type":"post","link":"https:\/\/www.brennerbasisdemokratie.eu\/?p=78805","title":{"rendered":"Katalonien enteignet Leerstand."},"content":{"rendered":"<p>Die katalanische Regierung von Pere Aragon\u00e8s (<abbr title=\"Esquerra Republicana de Catalunya\">ERC<\/abbr>) hat mit den vorbereitenden Ma\u00dfnahmen zur Enteignung leerstehenden Wohnraums begonnen. In einem ersten Schritt wurden die Eigent\u00fcmerinnen aufgefordert, den Nachweis zu erbringen, dass die Immobilien bewohnt sind. Das Vorgehen beruht auf dem \u00bbVerzeichnis leerstehenden oder ohne Genehmigung genutzten Wohnraums\u00ab, das im Zeitraum 2020-2022 in Zusammenarbeit mit den Gemeinden erstellt wurde.<\/p>\n<p>Die Enteignungen betreffen nur gro\u00dfe Immobilieneigent\u00fcmerinnen in Gemeinden mit erheblichem Wohnraumbedarf: Cornell\u00e0 de Llobregat, Figueres, Lloret de Mar, Matar\u00f3, Mollet del Vall\u00e8s, Reus, Roda de Ber\u00e0, Rub\u00ed, Salt, Tarragona, Valls, Vic, Viladecans und Vilanova i la Geltr\u00fa.<\/p>\n<p>Die enteigneten Liegenschaften werden ins \u00f6ffentliche Eigentum \u00fcbergehen und dem sozialen Wohnbau zur Verf\u00fcgung gestellt. Die Hauptstadt Barcelona ist an dem Projekt vorerst nicht beteiligt, da B\u00fcrgermeisterin Ada Colau (<abbr title=\"Barcelona en Com\u00fa\">BenC<\/abbr>) bereits ihr eigenes Modell von Enteignungen umgesetzt hat, die sich allerdings durch eine zeitliche Befristung auszeichnen.<\/p>\n<p><strong><span style=\"font-family: Helvetica, Arial, sans-serif; text-transform: uppercase;\">C\u00ebla enghe:<\/span><\/strong> <a title=\"Berlin will enteignen.\" href=\"https:\/\/www.brennerbasisdemokratie.eu\/?p=67994\"><code>01<\/code><\/a> <a title=\"Schottland sichert Wohnraum.\" href=\"https:\/\/www.brennerbasisdemokratie.eu\/?p=74002\"><code>02<\/code><\/a> <a title=\"Mit der GIS zu mehr Wohnraum.\" href=\"https:\/\/www.brennerbasisdemokratie.eu\/?p=55297\"><code>03<\/code><\/a> <span style=\"font-family: Helvetica, Arial, sans-serif; font-weight: normal;\">||<\/span> <a title=\"Hohe Strafen f\u00fcr Wohnraumverknappung.\" href=\"https:\/\/www.brennerbasisdemokratie.eu\/?p=86823\"><span style=\"color: #ff8c00\"><code>01<\/code><\/span><\/a><\/p>","protected":false},"excerpt":{"rendered":"<p>Die katalanische Regierung von Pere Aragon\u00e8s (ERC) hat mit den vorbereitenden Ma\u00dfnahmen zur Enteignung leerstehenden Wohnraums begonnen. In einem ersten Schritt wurden die Eigent\u00fcmerinnen aufgefordert, den Nachweis zu erbringen, dass die Immobilien bewohnt sind. Das Vorgehen beruht auf dem \u00bbVerzeichnis leerstehenden oder ohne Genehmigung genutzten Wohnraums\u00ab, das im Zeitraum 2020-2022 in Zusammenarbeit mit den Gemeinden [&hellip;]<\/p>","protected":false},"author":1,"featured_media":0,"comment_status":"open","ping_status":"open","sticky":false,"template":"","format":"standard","meta":{"_crdt_document":"","ngg_post_thumbnail":0,"_jetpack_memberships_contains_paid_content":false,"footnotes":""},"categories":[1],"tags":[],"class_list":["post-78805","post","type-post","status-publish","format-standard","hentry","category-allgemein","entity-erc","entity-gencat","entity-podem-os","issue-good-practices","location-catalunya","language-deutsch","person-ada-colau","person-pere-aragones","topic-arch","topic-politik","topic-soziales"],"jetpack_featured_media_url":"","jetpack_sharing_enabled":true,"_links":{"self":[{"href":"https:\/\/www.brennerbasisdemokratie.eu\/index.php?rest_route=\/wp\/v2\/posts\/78805","targetHints":{"allow":["GET"]}}],"collection":[{"href":"https:\/\/www.brennerbasisdemokratie.eu\/index.php?rest_route=\/wp\/v2\/posts"}],"about":[{"href":"https:\/\/www.brennerbasisdemokratie.eu\/index.php?rest_route=\/wp\/v2\/types\/post"}],"author":[{"embeddable":true,"href":"https:\/\/www.brennerbasisdemokratie.eu\/index.php?rest_route=\/wp\/v2\/users\/1"}],"replies":[{"embeddable":true,"href":"https:\/\/www.brennerbasisdemokratie.eu\/index.php?rest_route=%2Fwp%2Fv2%2Fcomments&post=78805"}],"version-history":[{"count":8,"href":"https:\/\/www.brennerbasisdemokratie.eu\/index.php?rest_route=\/wp\/v2\/posts\/78805\/revisions"}],"predecessor-version":[{"id":86830,"href":"https:\/\/www.brennerbasisdemokratie.eu\/index.php?rest_route=\/wp\/v2\/posts\/78805\/revisions\/86830"}],"wp:attachment":[{"href":"https:\/\/www.brennerbasisdemokratie.eu\/index.php?rest_route=%2Fwp%2Fv2%2Fmedia&parent=78805"}],"wp:term":[{"taxonomy":"category","embeddable":true,"href":"https:\/\/www.brennerbasisdemokratie.eu\/index.php?rest_route=%2Fwp%2Fv2%2Fcategories&post=78805"},{"taxonomy":"post_tag","embeddable":true,"href":"https:\/\/www.brennerbasisdemokratie.eu\/index.php?rest_route=%2Fwp%2Fv2%2Ftags&post=78805"}],"curies":[{"name":"wp","href":"https:\/\/api.w.org\/{rel}","templated":true}]}}