{"id":78816,"date":"2023-06-13T17:03:06","date_gmt":"2023-06-13T15:03:06","guid":{"rendered":"https:\/\/www.brennerbasisdemokratie.eu\/?p=78816"},"modified":"2023-06-22T16:00:52","modified_gmt":"2023-06-22T14:00:52","slug":"auch-in-sudtirol-staatstrauer-fur-berlusconi","status":"publish","type":"post","link":"https:\/\/www.brennerbasisdemokratie.eu\/?p=78816","title":{"rendered":"Auch in S\u00fcdtirol: Staatstrauer f\u00fcr Berlusconi."},"content":{"rendered":"<p>Wegen des Todes von <abbr title=\"Forza Italia\">FI<\/abbr>-Gr\u00fcnder Silvio Berlusconi kommt Italien <a title=\"Repubblica: La politica si ferma per Berlusconi\u2026\" href=\"https:\/\/www.repubblica.it\/politica\/2023\/06\/13\/news\/lutto_nazionale_morte_berlusconi-404312048\/?ref=RHLF-BG-I404318088-P1-S1-T1\" target=\"_blank\" rel=\"noopener\">zum Erliegen.<\/a> Dem Medienzar steht als ehemaliger Regierungschef ein Staatsbegr\u00e4bnis zu, das nat\u00fcrlich von den Steuerzahlenden finanziert wird, so sich die Angeh\u00f6rigen nicht ausdr\u00fccklich dagegen entscheiden. Und das f\u00fcr einen Multimilliard\u00e4r. Daf\u00fcr haben sein Freund Bettino Craxi und er selbst die rechtliche Grundlage geschaffen.<\/p>\n<p>Zus\u00e4tzlich hat die rechtsrechte Regierung von Giorgia Meloni (<abbr title=\"Fratelli d\u2019Italia\">FdI<\/abbr>), deren Mehrheitsbeschaffer und vor allem geistiger Wegbereiter Berlusconi war, f\u00fcr morgen einen Tag der Staatstrauer ausgerufen. F\u00fcr einen Ministerpr\u00e4sidenten a. D. <a title=\"Ansa: Lutto nazionale per Berlusconi\u2026\" href=\"https:\/\/www.ansa.it\/sito\/notizie\/politica\/2023\/06\/13\/lutto-nazionale-per-berlusconi-prima-volta-per-un-ex-premier_931d790f-5acf-4fa2-93f2-42aba350c15b.html\" target=\"_blank\" rel=\"noopener\">soll dies einzigartig sein.<\/a><\/p>\n<p>Erst 2019 hatte der, den Politologe G\u00fcnther Pallaver heute treffend als \u00bbVorreiter der illiberalen Demokratie\u00ab <a title=\"Rai: Pallaver: Berlusconi war\u2026\" href=\"https:\/\/www.rainews.it\/tgr\/tagesschau\/audio\/2023\/06\/pallaver-berlusconi-war-vorreiter-der-illiberalen-demokratie-98e0a83b-05f8-412d-bef2-cc67cb2f726b.html\" target=\"_blank\" rel=\"noopener\">bezeichnet hat<\/a>, sich sogar \u00f6ffentlich <a title=\"Berlusconi si vanta di aver legittimato i fascisti.\" href=\"https:\/\/www.brennerbasisdemokratie.eu\/?p=69977\" rel=\"\">ger\u00fchmt<\/a>, die Faschistinnen legitimiert und an die Macht geholt zu haben.<\/p>\n<p>Dass f\u00fcr diesen verurteilten Kriminellen morgen auch in S\u00fcdtirol, an den Fassaden unserer demokratischen Institutionen, die Flaggen auf Halbmast gestellt werden sollen, halte ich f\u00fcr besch\u00e4mend, entw\u00fcrdigend und \u2014 grundfalsch.<\/p>\n<p>Berlusconi ist tot. Doch sein Verm\u00e4chtnis ist lebendig wie eh und je. Mir graust.<\/p>\n<p><strong><span style=\"font-family: Helvetica, Arial, sans-serif; text-transform: uppercase;\">C\u00ebla enghe:<\/span><\/strong> <a href=\"https:\/\/www.brennerbasisdemokratie.eu\/?p=78908\" title=\"Erf\u00fcllungsgehilfe der Postfaschistinnen.\"><span style=\"color: #ff8c00\"><code>01<\/code><\/span><\/a> <a href=\"https:\/\/www.brennerbasisdemokratie.eu\/?p=78975\" title=\"Schweigeminute f\u00fcr Berlusconi in Meran.\"><span style=\"color: #ff8c00\"><code>02<\/code><\/span><\/a><\/p>","protected":false},"excerpt":{"rendered":"<p>Wegen des Todes von FI-Gr\u00fcnder Silvio Berlusconi kommt Italien zum Erliegen. Dem Medienzar steht als ehemaliger Regierungschef ein Staatsbegr\u00e4bnis zu, das nat\u00fcrlich von den Steuerzahlenden finanziert wird, so sich die Angeh\u00f6rigen nicht ausdr\u00fccklich dagegen entscheiden. Und das f\u00fcr einen Multimilliard\u00e4r. Daf\u00fcr haben sein Freund Bettino Craxi und er selbst die rechtliche Grundlage geschaffen. Zus\u00e4tzlich hat [&hellip;]<\/p>","protected":false},"author":1,"featured_media":0,"comment_status":"open","ping_status":"open","sticky":false,"template":"","format":"standard","meta":{"_crdt_document":"","ngg_post_thumbnail":0,"_jetpack_memberships_contains_paid_content":false,"footnotes":""},"categories":[1],"tags":[],"class_list":["post-78816","post","type-post","status-publish","format-standard","hentry","category-allgemein","entity-fdi","entity-pdl","entity-staat-italien","location-italy","location-sudtirolo","language-deutsch","person-giorgia-meloni","person-gunther-pallaver","person-silvio-berlusconi","topic-faschismen","topic-politik","topic-symbolik","topic-transparenz"],"jetpack_featured_media_url":"","jetpack_sharing_enabled":true,"_links":{"self":[{"href":"https:\/\/www.brennerbasisdemokratie.eu\/index.php?rest_route=\/wp\/v2\/posts\/78816","targetHints":{"allow":["GET"]}}],"collection":[{"href":"https:\/\/www.brennerbasisdemokratie.eu\/index.php?rest_route=\/wp\/v2\/posts"}],"about":[{"href":"https:\/\/www.brennerbasisdemokratie.eu\/index.php?rest_route=\/wp\/v2\/types\/post"}],"author":[{"embeddable":true,"href":"https:\/\/www.brennerbasisdemokratie.eu\/index.php?rest_route=\/wp\/v2\/users\/1"}],"replies":[{"embeddable":true,"href":"https:\/\/www.brennerbasisdemokratie.eu\/index.php?rest_route=%2Fwp%2Fv2%2Fcomments&post=78816"}],"version-history":[{"count":5,"href":"https:\/\/www.brennerbasisdemokratie.eu\/index.php?rest_route=\/wp\/v2\/posts\/78816\/revisions"}],"predecessor-version":[{"id":78983,"href":"https:\/\/www.brennerbasisdemokratie.eu\/index.php?rest_route=\/wp\/v2\/posts\/78816\/revisions\/78983"}],"wp:attachment":[{"href":"https:\/\/www.brennerbasisdemokratie.eu\/index.php?rest_route=%2Fwp%2Fv2%2Fmedia&parent=78816"}],"wp:term":[{"taxonomy":"category","embeddable":true,"href":"https:\/\/www.brennerbasisdemokratie.eu\/index.php?rest_route=%2Fwp%2Fv2%2Fcategories&post=78816"},{"taxonomy":"post_tag","embeddable":true,"href":"https:\/\/www.brennerbasisdemokratie.eu\/index.php?rest_route=%2Fwp%2Fv2%2Ftags&post=78816"}],"curies":[{"name":"wp","href":"https:\/\/api.w.org\/{rel}","templated":true}]}}