{"id":78946,"date":"2023-06-21T17:58:22","date_gmt":"2023-06-21T15:58:22","guid":{"rendered":"https:\/\/www.brennerbasisdemokratie.eu\/?p=78946"},"modified":"2025-01-05T11:42:01","modified_gmt":"2025-01-05T10:42:01","slug":"lh-rugt-julia-unterberger-fur-kritik-an-berlusconi","status":"publish","type":"post","link":"https:\/\/www.brennerbasisdemokratie.eu\/?p=78946","title":{"rendered":"LH r\u00fcgt Julia Unterberger f\u00fcr Kritik an Berlusconi."},"content":{"rendered":"<p>Wie sehr ist die <abbr title=\"S\u00fcdtiroler Volkspartei\">SVP<\/abbr> inzwischen schon zum festen Bestandteil der italienischen Rechten geworden?<\/p>\n<p>Nach den Wahlen von 2018 hatte die <em>Volkspartei<\/em> die rassistische <em>Lega<\/em> von Matteo Salvini <a title=\"Dunkle Zeiten.\" href=\"https:\/\/www.brennerbasisdemokratie.eu\/?p=44244\" rel=\"\">in die Landesregierung geholt<\/a>. Bei der Europawahl im darauffolgenden Jahr band man sich dann an <em>Forza Italia<\/em> und <a title=\"Tajani: Wer ist der Weggef\u00e4hrte der SVP?\" href=\"https:\/\/www.brennerbasisdemokratie.eu\/?p=47374\" rel=\"\">sah gro\u00dfz\u00fcgig \u00fcber ausgedehnte Problemzonen hinweg<\/a>. Inzwischen k\u00f6nnen SVP und <em>Lega<\/em> auch im Landtag auf die Unterst\u00fctzung der Partei von Silvio Berlusconi z\u00e4hlen, wiewohl die Einmannfraktion von Carlo Vettori Liebesentzug androhte, weil die Sammelpartei nicht zum Begr\u00e4bnis des egomanischen Parteigr\u00fcnders erschienen war.<\/p>\n<p>Der n\u00e4chste Qualit\u00e4tssprung steht \u2014 je nach Wahlausgang im Herbst \u2014 auch schon bevor. Eine Koalition mit den neofaschistischen <em>Fratelli<\/em> will der <abbr title=\"Landeshauptmann\/-frau\">LH<\/abbr> ausdr\u00fccklich <a title=\"LH schlie\u00dft Koalition mit FdI nicht aus.\" href=\"https:\/\/www.brennerbasisdemokratie.eu\/?p=77648\" rel=\"\">nicht ausschlie\u00dfen.<\/a><\/p>\n<p>Nun hielt Senatorin Julia Unterberger (SVP) anl\u00e4sslich des Todes von Silvio Berlusconi in ihrer Eigenschaft als Vorsitzende der Autonomiefraktion eine beachtliche (und viel beachtete) Rede, in der sie seinen Freunden und Angeh\u00f6rigen ihr Beileid aussprach, zudem aber auch auf das zweifelhafte politische Erbe des Medienzars hinwies.<\/p>\n<p>Anders als vielleicht in einer Kirche sollte dies in einem Parlament eigentlich selbstverst\u00e4ndlich sein, auch wenn sich fast alle anderen Fraktionen ausschlie\u00dflich in Verkl\u00e4rungen und Lobhudeleien ergingen.<\/p>\n<p>Dass sich nicht nur der Europaabgeordnete Herbert Dorfmann (SVP), sondern sogar der Landeshauptmann dazu bem\u00fc\u00dfigt f\u00fchlten, sich von der offenen und ehrlichen, aber keineswegs beleidigenden Rede \u00f6ffentlich zu distanzieren, ist besorgniserregend. Wohin ist diese Partei inzwischen gedriftet, die in der Abgrenzung nach rechts prinzipienlos scheint und gleichzeitig das abwegige Prinzip einer heuchlerischen Piet\u00e4t hochh\u00e4lt?<\/p>\n<p>Niemand h\u00e4tte verlangt, dass sich andere Parteimitglieder Unterberger anschlie\u00dfen \u2014 doch eine lautstarke Abstandnahme zeugt tats\u00e4chlich von totalem Orientierungsverlust.<\/p>\n<p><strong><span style=\"font-family: Helvetica, Arial, sans-serif; text-transform: uppercase;\">C\u00ebla enghe:<\/span><\/strong> <a title=\"Auch in S\u00fcdtirol: Staatstrauer f\u00fcr Berlusconi.\" href=\"https:\/\/www.brennerbasisdemokratie.eu\/?p=78816\" rel=\"\"><code>01<\/code><\/a> <a title=\"Staatstrauer total.\" href=\"https:\/\/www.brennerbasisdemokratie.eu\/?p=78834\" rel=\"\"><code>02<\/code><\/a> <a title=\"Erf\u00fcllungsgehilfe der Postfaschistinnen.\" href=\"https:\/\/www.brennerbasisdemokratie.eu\/?p=78908\"><code>03<\/code><\/a> <span style=\"font-family: Helvetica, Arial, sans-serif; font-weight: normal;\">||<\/span> <a title=\"Schweigeminute f\u00fcr Berlusconi in Meran.\" href=\"https:\/\/www.brennerbasisdemokratie.eu\/?p=78975\" rel=\"\"><span style=\"color: #ff8c00\"><code>01<\/code><\/span><\/a><\/p>","protected":false},"excerpt":{"rendered":"<p>Wie sehr ist die SVP inzwischen schon zum festen Bestandteil der italienischen Rechten geworden? Nach den Wahlen von 2018 hatte die Volkspartei die rassistische Lega von Matteo Salvini in die Landesregierung geholt. Bei der Europawahl im darauffolgenden Jahr band man sich dann an Forza Italia und sah gro\u00dfz\u00fcgig \u00fcber ausgedehnte Problemzonen hinweg. Inzwischen k\u00f6nnen SVP [&hellip;]<\/p>","protected":false},"author":1,"featured_media":0,"comment_status":"open","ping_status":"open","sticky":false,"template":"","format":"standard","meta":{"_crdt_document":"","ngg_post_thumbnail":0,"_jetpack_memberships_contains_paid_content":false,"footnotes":""},"categories":[1],"tags":[],"class_list":["post-78946","post","type-post","status-publish","format-standard","hentry","category-allgemein","entity-fdi","entity-fi","entity-landesregierung","entity-pdl","entity-svp","issue-europawahl-2019","issue-landtagswahl-2018","issue-landtagswahl-2023","location-italy","location-sudtirolo","language-deutsch","person-arno-kompatscher","person-carlo-vettori","person-herbert-dorfmann","person-julia-unterberger","person-matteo-salvini","person-silvio-berlusconi","topic-democrazia","topic-faschismen","topic-politik","topic-racism"],"jetpack_featured_media_url":"","jetpack_sharing_enabled":true,"_links":{"self":[{"href":"https:\/\/www.brennerbasisdemokratie.eu\/index.php?rest_route=\/wp\/v2\/posts\/78946","targetHints":{"allow":["GET"]}}],"collection":[{"href":"https:\/\/www.brennerbasisdemokratie.eu\/index.php?rest_route=\/wp\/v2\/posts"}],"about":[{"href":"https:\/\/www.brennerbasisdemokratie.eu\/index.php?rest_route=\/wp\/v2\/types\/post"}],"author":[{"embeddable":true,"href":"https:\/\/www.brennerbasisdemokratie.eu\/index.php?rest_route=\/wp\/v2\/users\/1"}],"replies":[{"embeddable":true,"href":"https:\/\/www.brennerbasisdemokratie.eu\/index.php?rest_route=%2Fwp%2Fv2%2Fcomments&post=78946"}],"version-history":[{"count":10,"href":"https:\/\/www.brennerbasisdemokratie.eu\/index.php?rest_route=\/wp\/v2\/posts\/78946\/revisions"}],"predecessor-version":[{"id":78979,"href":"https:\/\/www.brennerbasisdemokratie.eu\/index.php?rest_route=\/wp\/v2\/posts\/78946\/revisions\/78979"}],"wp:attachment":[{"href":"https:\/\/www.brennerbasisdemokratie.eu\/index.php?rest_route=%2Fwp%2Fv2%2Fmedia&parent=78946"}],"wp:term":[{"taxonomy":"category","embeddable":true,"href":"https:\/\/www.brennerbasisdemokratie.eu\/index.php?rest_route=%2Fwp%2Fv2%2Fcategories&post=78946"},{"taxonomy":"post_tag","embeddable":true,"href":"https:\/\/www.brennerbasisdemokratie.eu\/index.php?rest_route=%2Fwp%2Fv2%2Ftags&post=78946"}],"curies":[{"name":"wp","href":"https:\/\/api.w.org\/{rel}","templated":true}]}}