{"id":79012,"date":"2023-06-25T14:40:41","date_gmt":"2023-06-25T12:40:41","guid":{"rendered":"https:\/\/www.brennerbasisdemokratie.eu\/?p=79012"},"modified":"2023-08-20T10:42:37","modified_gmt":"2023-08-20T08:42:37","slug":"crea-regionale-gesundheitssysteme-2023","status":"publish","type":"post","link":"https:\/\/www.brennerbasisdemokratie.eu\/?p=79012","title":{"rendered":"CREA: Regionale Gesundheitssysteme 2023."},"content":{"rendered":"<p>Vor wenigen Tagen hat <a title=\"CREA Sanit\u00e0.\" href=\"http:\/\/www.creasanita.it\" target=\"_blank\" rel=\"noopener\"><em>CREA Sanit\u00e0<\/em><\/a> die elfte Ausgabe ihrer multidimensionalen <a title=\"Crea-Studie 2023.\" href=\"https:\/\/www.brennerbasisdemokratie.eu\/wp-content\/uploads\/2023\/06\/creastudie_regional2023.pdf\" rel=\"\">Studie<\/a> \u00fcber die <em>Performance<\/em> der regionalen Gesundheitssysteme in Italien ver\u00f6ffentlicht. Es handelt sich dabei um das Ergebnis eigener Erhebungen unter Einbindung verschiedener Interessensgruppen, w\u00e4hrend der in S\u00fcdtirol medial breitgetretene LEA-Bericht der <em>Gimbe<\/em>-Stiftung lediglich die (methodologisch fragw\u00fcrdige<sup class=\"modern-footnotes-footnote modern-footnotes-footnote--hover-on-desktop \" data-mfn=\"1\" data-mfn-post-scope=\"00000000000007e30000000000000000_79012\"><a href=\"javascript:void(0)\"  role=\"button\" aria-pressed=\"false\" aria-describedby=\"mfn-content-00000000000007e30000000000000000_79012-1\">1<\/a><\/sup><span id=\"mfn-content-00000000000007e30000000000000000_79012-1\" role=\"tooltip\" class=\"modern-footnotes-footnote__note\" tabindex=\"0\" data-mfn=\"1\">Fehlende Daten einzelner Regionen und L\u00e4nder werden darin einfach als Minuspunkte gewertet, anstatt sie zu eruieren. Dabei gestattet das Fehlen von Informationen keine R\u00fcckschl\u00fcsse auf die G\u00fcte der Leistungen.<\/span>) Aufbereitung verf\u00fcgbarer Daten aus fremder Quelle darstellt.<\/p>\n<blockquote><p><img loading=\"lazy\" decoding=\"async\" class=\"alignnone size-full wp-image-79014\" src=\"https:\/\/www.brennerbasisdemokratie.eu\/wp-content\/uploads\/2023\/06\/crea2023_performance.png\" alt=\"\" width=\"950\" height=\"896\" srcset=\"https:\/\/www.brennerbasisdemokratie.eu\/wp-content\/uploads\/2023\/06\/crea2023_performance.png 950w, https:\/\/www.brennerbasisdemokratie.eu\/wp-content\/uploads\/2023\/06\/crea2023_performance-768x724.png 768w\" sizes=\"auto, (max-width: 950px) 100vw, 950px\" \/><\/p><\/blockquote>\n<p>Der aktuellen <em>CREA<\/em>-Studie zufolge liegt das S\u00fcdtiroler Gesundheitssystem mit 52% der erreichbaren Punkte nicht etwa \u2014 wie bei <em>Gimbe<\/em> \u2014 auf einem der letzten Pl\u00e4tze, sondern in der Gesamtwertung nach Venetien (59%) und dem benachbarten Trentino (55%) auf Platz drei.<\/p>\n<p>Nach einzelnen <em>Panels<\/em> aufgeschl\u00fcsselt befinden wir uns<\/p>\n<ul>\n<li>laut <strong>Nutzerinnen<\/strong> des Gesundheitssystems (hinter Venetien und Trentino) auf Platz drei;<\/li>\n<li>laut Vertreterinnen der <strong>Institutionen<\/strong> (hinter Venetien) auf Platz zwei;<\/li>\n<li>in der Bewertung von Vertreterinnen der <strong>Gesundheitsberufe<\/strong> (nach Venetien, Trentino, Piemont, Marken, Toskana, Emilia Romagna und Lombardei) auf dem achten Rang;<\/li>\n<li>dem <strong>Management<\/strong>&#8211;<em>Panel<\/em> zufolge (hinter Venetien) auf dem zweiten Platz;<\/li>\n<li>laut Akteurinnen der <strong>Pharmaindustrie<\/strong> (nach Trentino, Piemont, Venetien, Marken, Toskana, Lombardei, Aosta, Friaul und <a href=\"https:\/\/www.brennerbasisdemokratie.eu\/?p=70988\">Julien<\/a>, Latium, Ligurien und Umbrien) auf dem zw\u00f6lften Platz.<\/li>\n<\/ul>\n<p>Bez\u00fcglich der sogenannten Dimensionen liegen die Schw\u00e4chen des S\u00fcdtiroler Gesundheitssystems laut <em>CREA<\/em> (<a title=\"CREA-Studie: Datenbl\u00e4tter 2023.\" href=\"https:\/\/www.brennerbasisdemokratie.eu\/wp-content\/uploads\/2023\/06\/creastudie_datenblaetterregional2023.pdf\" rel=\"\">Datenbl\u00e4tter<\/a>) in der Umsetzung des Onkologienetzwerks, bei den standardisierten Gesundheitsausgaben, beim Anteil beeintr\u00e4chtigter oder betagter Personen mit integrierter Hausbetreuung, den vermeidbaren Krankenhausaufenthalten wegen pathologischer Patologien und beim Anteil von Seniorinnen in integrierter Hausbetreuung.<\/p>\n<p><strong><span style=\"font-family: Helvetica, Arial, sans-serif; text-transform: uppercase;\">C\u00ebla enghe:<\/span><\/strong> <a title=\"La qualit\u00e0 dei sistemi sanitari regionali.\" href=\"https:\/\/www.brennerbasisdemokratie.eu\/?p=50647\" rel=\"\"><code>01<\/code><\/a> <a title=\"Qualit\u00e4t der regionalen Gesundheitssysteme.\" href=\"https:\/\/www.brennerbasisdemokratie.eu\/?p=43575\" rel=\"\"><code>02<\/code><\/a><\/p>\n<ul class=\"modern-footnotes-list modern-footnotes-list--show-only-for-print\"><li><span>1<\/span><div>Fehlende Daten einzelner Regionen und L\u00e4nder werden darin einfach als Minuspunkte gewertet, anstatt sie zu eruieren. Dabei gestattet das Fehlen von Informationen keine R\u00fcckschl\u00fcsse auf die G\u00fcte der Leistungen.<\/div><\/li><\/ul>","protected":false},"excerpt":{"rendered":"<p>Vor wenigen Tagen hat CREA Sanit\u00e0 die elfte Ausgabe ihrer multidimensionalen Studie \u00fcber die Performance der regionalen Gesundheitssysteme in Italien ver\u00f6ffentlicht. Es handelt sich dabei um das Ergebnis eigener Erhebungen unter Einbindung verschiedener Interessensgruppen, w\u00e4hrend der in S\u00fcdtirol medial breitgetretene LEA-Bericht der Gimbe-Stiftung lediglich die (methodologisch fragw\u00fcrdige) Aufbereitung verf\u00fcgbarer Daten aus fremder Quelle darstellt. Der [&hellip;]<\/p>","protected":false},"author":1,"featured_media":0,"comment_status":"open","ping_status":"open","sticky":false,"template":"","format":"standard","meta":{"_crdt_document":"","ngg_post_thumbnail":0,"_jetpack_memberships_contains_paid_content":false,"footnotes":""},"categories":[1],"tags":[],"class_list":["post-79012","post","type-post","status-publish","format-standard","hentry","category-allgemein","entity-land-sudtirol","entity-sabes","issue-good-news","location-aouta","location-friaul","location-italy","location-lombardia","location-sardigna","location-sicilia","location-sudtirolo","location-trentino","location-venetien","language-deutsch","topic-comparatio","topic-foederalismus","topic-gesundheit","topic-publikationen","topic-soziales","topic-statistik","topic-verbraucherinnen","topic-wirtschaft","topic-wissenschaft"],"jetpack_featured_media_url":"","jetpack_sharing_enabled":true,"_links":{"self":[{"href":"https:\/\/www.brennerbasisdemokratie.eu\/index.php?rest_route=\/wp\/v2\/posts\/79012","targetHints":{"allow":["GET"]}}],"collection":[{"href":"https:\/\/www.brennerbasisdemokratie.eu\/index.php?rest_route=\/wp\/v2\/posts"}],"about":[{"href":"https:\/\/www.brennerbasisdemokratie.eu\/index.php?rest_route=\/wp\/v2\/types\/post"}],"author":[{"embeddable":true,"href":"https:\/\/www.brennerbasisdemokratie.eu\/index.php?rest_route=\/wp\/v2\/users\/1"}],"replies":[{"embeddable":true,"href":"https:\/\/www.brennerbasisdemokratie.eu\/index.php?rest_route=%2Fwp%2Fv2%2Fcomments&post=79012"}],"version-history":[{"count":10,"href":"https:\/\/www.brennerbasisdemokratie.eu\/index.php?rest_route=\/wp\/v2\/posts\/79012\/revisions"}],"predecessor-version":[{"id":80235,"href":"https:\/\/www.brennerbasisdemokratie.eu\/index.php?rest_route=\/wp\/v2\/posts\/79012\/revisions\/80235"}],"wp:attachment":[{"href":"https:\/\/www.brennerbasisdemokratie.eu\/index.php?rest_route=%2Fwp%2Fv2%2Fmedia&parent=79012"}],"wp:term":[{"taxonomy":"category","embeddable":true,"href":"https:\/\/www.brennerbasisdemokratie.eu\/index.php?rest_route=%2Fwp%2Fv2%2Fcategories&post=79012"},{"taxonomy":"post_tag","embeddable":true,"href":"https:\/\/www.brennerbasisdemokratie.eu\/index.php?rest_route=%2Fwp%2Fv2%2Ftags&post=79012"}],"curies":[{"name":"wp","href":"https:\/\/api.w.org\/{rel}","templated":true}]}}