{"id":79413,"date":"2023-07-17T20:29:43","date_gmt":"2023-07-17T18:29:43","guid":{"rendered":"https:\/\/www.brennerbasisdemokratie.eu\/?p=79413"},"modified":"2025-07-03T09:55:19","modified_gmt":"2025-07-03T07:55:19","slug":"der-pd-fur-die-unteilbarkeit-der-nation","status":"publish","type":"post","link":"https:\/\/www.brennerbasisdemokratie.eu\/?p=79413","title":{"rendered":"Der PD f\u00fcr die Unteilbarkeit der Nation."},"content":{"rendered":"<p>Auch unter der neuen F\u00fchrung von Elly Schlein verabschiedet sich der gr\u00fcnwei\u00dfrote <abbr title=\"Partito Democratico\">PD<\/abbr> nicht von seinem Nationalismus \u2014 im Gegenteil, er scheint eines der wenigen Themen zu sein, bei denen in der gr\u00f6\u00dften italienischen Oppositionspartei noch eine gewisse Einigkeit herrscht.<\/p>\n<p>So lud der PD am Freitag und Samstag (14. und 15. Juli) zu einer Tagung nach Neapel, die unter dem <a title=\"Verfassung laut LH \u00bbundemokratisch\u00ab.\" href=\"https:\/\/www.brennerbasisdemokratie.eu\/?p=22247\" rel=\"\">nicht unproblematischen<\/a> Motto <em>Einheit und Unteilbarkeit<\/em><sup class=\"modern-footnotes-footnote modern-footnotes-footnote--hover-on-desktop \" data-mfn=\"1\" data-mfn-post-scope=\"00000000000007e30000000000000000_79413\"><a href=\"javascript:void(0)\"  role=\"button\" aria-pressed=\"false\" aria-describedby=\"mfn-content-00000000000007e30000000000000000_79413-1\">1<\/a><\/sup><span id=\"mfn-content-00000000000007e30000000000000000_79413-1\" role=\"tooltip\" class=\"modern-footnotes-footnote__note\" tabindex=\"0\" data-mfn=\"1\"><em>Una e Indivisibile<\/em><\/span> stand und gegen die F\u00f6deralisierungspl\u00e4ne der rechtsrechten Regierung gerichtet war. Die <em>Lega<\/em> habe <abbr title=\"Fratelli d\u2019Italia\">FdI<\/abbr> erpresst, so der Tenor, und wolle im Gegenzug zur Pr\u00e4sidialreform die Spaltung des Landes durchsetzen.<\/p>\n<blockquote><p><img loading=\"lazy\" decoding=\"async\" class=\"size-full wp-image-79414 aligncenter\" src=\"https:\/\/www.brennerbasisdemokratie.eu\/wp-content\/uploads\/2023\/07\/pd-unaeindivisibile.webp\" alt=\"\" width=\"635\" height=\"423\"\/><\/p><\/blockquote>\n<p><em><small>Foto: Tageszeitung Domani.<\/small><\/em><\/p>\n<p>Die Parteivorsitzende Schlein, die selbst in der stark f\u00f6deralistischen Schweiz aufgewachsen ist, deren Staatsb\u00fcrgerinnenschaft sie auch besitzt, warnte <a title=\"PD: Rede von Elly Schlein.\" href=\"https:\/\/youtu.be\/WPKjG_Rwp0s\" target=\"_blank\" rel=\"noopener\">in ihrer abschlie\u00dfenden Rede<\/a> unter anderem vor dem Zerfall des Landes in viele kleine Vaterl\u00e4nder<sup class=\"modern-footnotes-footnote modern-footnotes-footnote--hover-on-desktop \" data-mfn=\"2\" data-mfn-post-scope=\"00000000000007e30000000000000000_79413\"><a href=\"javascript:void(0)\"  role=\"button\" aria-pressed=\"false\" aria-describedby=\"mfn-content-00000000000007e30000000000000000_79413-2\">2<\/a><\/sup><span id=\"mfn-content-00000000000007e30000000000000000_79413-2\" role=\"tooltip\" class=\"modern-footnotes-footnote__note\" tabindex=\"0\" data-mfn=\"2\">piccole patrie<\/span> \u2014 ein Reizbegriff, der in Italien das Ausl\u00f6sen von Bei\u00dfreflexen garantiert, w\u00e4hrend das <a title=\"Die egozentrische Borniertheit des Nationalstaats.\" href=\"https:\/\/www.brennerbasisdemokratie.eu\/?p=73800\" rel=\"\">bornierte<\/a>&nbsp;<em>gro\u00dfe<\/em> Vaterland die Gunst des <a title=\"Banaler Nationalismus.\" href=\"https:\/\/www.brennerbasisdemokratie.eu\/?p=66863\" rel=\"\">banalen Nationalismus<\/a> genie\u00dft.<\/p>\n<p>Ich sage \u00fcbrigens nicht, dass Kritik an den Autonomiepl\u00e4nen von Roberto Calderoli <em>(Lega)<\/em> nicht zul\u00e4ssig oder gar gerechtfertigt w\u00e4re. Wie reflexartig aber die angeblich Progressiven nicht mit einem organischen, sozial kompatiblen Gegenprojekt kontern, sondern auf nationalistische Symbolik und Rhetorik setzen, ist leider bezeichnend. Und wer sich von der neuen Vorsitzenden \u2014 auch aufgrund ihrer pers\u00f6nlichen Biografie \u2014 etwas mehr Differenzierung und somit wenigstens eine Abschw\u00e4chung dieses Kurses erhofft hatte, sieht sich wieder einmal entt\u00e4uscht.<\/p>\n<p>Wenn es um Nationalismus geht, kann man in Italien im Grunde nur zwischen einer rechten und einer weniger rechten Rechten w\u00e4hlen, deren Grenzen verschwimmen. Das gilt leider auch und gerade f\u00fcr die Positionen, die der PD in S\u00fcdtirol vertritt.<\/p>\n<p><strong><span style=\"font-family: Helvetica, Arial, sans-serif; text-transform: uppercase;\">C\u00ebla enghe:<\/span><\/strong> <a title=\"Nach rechts verschobene Politlandschaft.\" href=\"https:\/\/www.brennerbasisdemokratie.eu\/?p=78597\" rel=\"\"><code>01<\/code><\/a> <a title=\"Meloni kommt nicht aus dem Nichts.\" href=\"https:\/\/www.brennerbasisdemokratie.eu\/?p=74151\" rel=\"\"><code>02<\/code><\/a> <a title=\"Flaggensalut statt Minderheitensprache.\" href=\"https:\/\/www.brennerbasisdemokratie.eu\/?p=74893\" rel=\"\"><code>03<\/code><\/a> <a title=\"Vergossenes Blut muss verteidigt werden.\" href=\"https:\/\/www.brennerbasisdemokratie.eu\/?p=41951\" rel=\"\"><code>04<\/code><\/a> <a title=\"Die kolonialen Priorit\u00e4ten von PD und CAI.\" href=\"https:\/\/www.brennerbasisdemokratie.eu\/?p=77709\" rel=\"\"><code>05<\/code><\/a> <a title=\"Repetto: Italianizzare la Dreischusterh\u00fctte.\" href=\"https:\/\/www.brennerbasisdemokratie.eu\/?p=68358\" rel=\"\"><code>06<\/code><\/a> <a title=\"Jeder H\u00fctte ihre Zwangsbeflaggung.\" href=\"https:\/\/www.brennerbasisdemokratie.eu\/?p=16820\" rel=\"\"><code>07<\/code><\/a> <a title=\"Zum Abschied ein bisschen Intoleranz.\" href=\"https:\/\/www.brennerbasisdemokratie.eu\/?p=1110\" rel=\"\"><code>08<\/code><\/a> <a title=\"Eredit\u00e0&nbsp;fascista trasversale.\" href=\"https:\/\/www.brennerbasisdemokratie.eu\/?p=32749\" rel=\"\"><code>09<\/code><\/a> <span style=\"font-family: Helvetica, Arial, sans-serif; font-weight: normal;\">||<\/span> <a title=\"Gr\u00fcnwei\u00dfrot gegen mehr Autonomie.\" href=\"https:\/\/www.brennerbasisdemokratie.eu\/?p=83248\" rel=\"\"><span style=\"color: #ff8c00\"><code>01<\/code><\/span><\/a> <a title=\"Calenda will Regionen eliminieren.\" href=\"https:\/\/www.brennerbasisdemokratie.eu\/?p=93123\"><span style=\"color: #ff8c00\"><code>02<\/code><\/span><\/a><\/p>\n<ul class=\"modern-footnotes-list modern-footnotes-list--show-only-for-print\"><li><span>1<\/span><div><em>Una e Indivisibile<\/em><\/div><\/li><li><span>2<\/span><div>piccole patrie<\/div><\/li><\/ul>","protected":false},"excerpt":{"rendered":"<p>Auch unter der neuen F\u00fchrung von Elly Schlein verabschiedet sich der gr\u00fcnwei\u00dfrote PD nicht von seinem Nationalismus \u2014 im Gegenteil, er scheint eines der wenigen Themen zu sein, bei denen in der gr\u00f6\u00dften italienischen Oppositionspartei noch eine gewisse Einigkeit herrscht. So lud der PD am Freitag und Samstag (14. und 15. Juli) zu einer Tagung [&hellip;]<\/p>","protected":false},"author":1,"featured_media":0,"comment_status":"open","ping_status":"open","sticky":false,"template":"","format":"standard","meta":{"_crdt_document":"","ngg_post_thumbnail":0,"_jetpack_memberships_contains_paid_content":false,"footnotes":""},"categories":[1],"tags":[],"class_list":["post-79413","post","type-post","status-publish","format-standard","hentry","category-allgemein","entity-fdi","entity-lega","entity-pd","issue-banalnationalism","issue-sx-di-dx","location-italy","location-sudtirolo","location-svizra","language-deutsch","person-elly-schlein","person-roberto-calderoli","topic-foederalismus","topic-nationalismus","topic-politik","topic-zentralismus"],"jetpack_featured_media_url":"","jetpack_sharing_enabled":true,"_links":{"self":[{"href":"https:\/\/www.brennerbasisdemokratie.eu\/index.php?rest_route=\/wp\/v2\/posts\/79413","targetHints":{"allow":["GET"]}}],"collection":[{"href":"https:\/\/www.brennerbasisdemokratie.eu\/index.php?rest_route=\/wp\/v2\/posts"}],"about":[{"href":"https:\/\/www.brennerbasisdemokratie.eu\/index.php?rest_route=\/wp\/v2\/types\/post"}],"author":[{"embeddable":true,"href":"https:\/\/www.brennerbasisdemokratie.eu\/index.php?rest_route=\/wp\/v2\/users\/1"}],"replies":[{"embeddable":true,"href":"https:\/\/www.brennerbasisdemokratie.eu\/index.php?rest_route=%2Fwp%2Fv2%2Fcomments&post=79413"}],"version-history":[{"count":12,"href":"https:\/\/www.brennerbasisdemokratie.eu\/index.php?rest_route=\/wp\/v2\/posts\/79413\/revisions"}],"predecessor-version":[{"id":93149,"href":"https:\/\/www.brennerbasisdemokratie.eu\/index.php?rest_route=\/wp\/v2\/posts\/79413\/revisions\/93149"}],"wp:attachment":[{"href":"https:\/\/www.brennerbasisdemokratie.eu\/index.php?rest_route=%2Fwp%2Fv2%2Fmedia&parent=79413"}],"wp:term":[{"taxonomy":"category","embeddable":true,"href":"https:\/\/www.brennerbasisdemokratie.eu\/index.php?rest_route=%2Fwp%2Fv2%2Fcategories&post=79413"},{"taxonomy":"post_tag","embeddable":true,"href":"https:\/\/www.brennerbasisdemokratie.eu\/index.php?rest_route=%2Fwp%2Fv2%2Ftags&post=79413"}],"curies":[{"name":"wp","href":"https:\/\/api.w.org\/{rel}","templated":true}]}}