{"id":79478,"date":"2023-07-20T12:43:32","date_gmt":"2023-07-20T10:43:32","guid":{"rendered":"https:\/\/www.brennerbasisdemokratie.eu\/?p=79478"},"modified":"2025-07-26T20:30:10","modified_gmt":"2025-07-26T18:30:10","slug":"die-solidaritatskarte-ist-einsprachig","status":"publish","type":"post","link":"https:\/\/www.brennerbasisdemokratie.eu\/?p=79478","title":{"rendered":"Die Solidarit\u00e4tskarte ist auch noch einsprachig."},"content":{"rendered":"<p>Die rechtsrechte Regierung von Giorgia Meloni (<abbr title=\"Fratelli d\u2019Italia\">FdI<\/abbr>) hat wenig \u00fcberraschend die Ma\u00dfnahmen zugunsten der \u00c4rmsten gek\u00fcrzt und in diesem Zuge die Solidarit\u00e4tskarte <em>Dedicata a te<\/em> eingef\u00fchrt, deren peinliche, eher an die Kundenkarte eines Discounters erinnernde Bezeichnung<sup class=\"modern-footnotes-footnote modern-footnotes-footnote--hover-on-desktop \" data-mfn=\"1\" data-mfn-post-scope=\"00000000000007e30000000000000000_79478\"><a href=\"javascript:void(0)\"  role=\"button\" aria-pressed=\"false\" aria-describedby=\"mfn-content-00000000000007e30000000000000000_79478-1\">1<\/a><\/sup><span id=\"mfn-content-00000000000007e30000000000000000_79478-1\" role=\"tooltip\" class=\"modern-footnotes-footnote__note\" tabindex=\"0\" data-mfn=\"1\">zu Deutsch: <em>\u00bbDir gewidmet\u00ab<\/em><\/span> gut zum niedrigen Einmalbetrag (382,50\u20ac) und zur paternalistischen Festlegung der damit zu erwerbenden Produkte<sup class=\"modern-footnotes-footnote modern-footnotes-footnote--hover-on-desktop \" data-mfn=\"2\" data-mfn-post-scope=\"00000000000007e30000000000000000_79478\"><a href=\"javascript:void(0)\"  role=\"button\" aria-pressed=\"false\" aria-describedby=\"mfn-content-00000000000007e30000000000000000_79478-2\">2<\/a><\/sup><span id=\"mfn-content-00000000000007e30000000000000000_79478-2\" role=\"tooltip\" class=\"modern-footnotes-footnote__note\" tabindex=\"0\" data-mfn=\"2\">so zum Beispiel Zucker ja, aber Salz nicht<\/span> passt.<\/p>\n<blockquote><p><a href=\"https:\/\/opencity.gemeinde.bozen.it\/Aktuelles\/Bekanntmachungen\/Karte-Dedicata-a-te-fuer-1174-Bozner-Familien-wie-und-wo-sie-sie-abholen-koennen\"><img loading=\"lazy\" decoding=\"async\" class=\"aligncenter wp-image-79479 size-full\" src=\"https:\/\/www.brennerbasisdemokratie.eu\/wp-content\/uploads\/2023\/07\/gdebozen-solidaritaetskarte.png\" alt=\"\" width=\"950\" height=\"746\" srcset=\"https:\/\/www.brennerbasisdemokratie.eu\/wp-content\/uploads\/2023\/07\/gdebozen-solidaritaetskarte.png 950w, https:\/\/www.brennerbasisdemokratie.eu\/wp-content\/uploads\/2023\/07\/gdebozen-solidaritaetskarte-768x603.png 768w\" sizes=\"auto, (max-width: 950px) 100vw, 950px\" \/><\/a><\/p><\/blockquote>\n<p><small><em>Internetseite der Gemeinde Bozen (Ausschnitt), Hervorhebung von mir<\/em><\/small><\/p>\n<p>Laut Auskunft der Gemeinde Bozen sind die n\u00e4heren Informationen zur Karte und zu ihrer Nutzung, die sich auf den Seiten des Landwirtschaftsministeriums (!) befinden, nur in italienischer Sprache verf\u00fcgbar. \u00bbZurzeit\u00ab, wie es hei\u00dft.<\/p>\n<blockquote><p><a href=\"https:\/\/www.politicheagricole.it\/flex\/cm\/pages\/ServeBLOB.php\/L\/IT\/IDPagina\/19984\"><img loading=\"lazy\" decoding=\"async\" class=\"aligncenter wp-image-79480 size-full\" src=\"https:\/\/www.brennerbasisdemokratie.eu\/wp-content\/uploads\/2023\/07\/landwirtschaftministerium-solidaritaetskarte.png\" alt=\"\" width=\"950\" height=\"710\" srcset=\"https:\/\/www.brennerbasisdemokratie.eu\/wp-content\/uploads\/2023\/07\/landwirtschaftministerium-solidaritaetskarte.png 950w, https:\/\/www.brennerbasisdemokratie.eu\/wp-content\/uploads\/2023\/07\/landwirtschaftministerium-solidaritaetskarte-768x574.png 768w\" sizes=\"auto, (max-width: 950px) 100vw, 950px\" \/><\/a><\/p><\/blockquote>\n<p><small><em>Internetseite des Landwirtschaftsministeriums (Ausschnitt)<br \/>\n<\/em><\/small><\/p>\n<p>Wir S\u00fcdtirolerinnen kennen die Definition dieses \u00bbzurzeit\u00ab nur zu gut \u2014 sie deckt sich in der Regel mit jener des Wortes \u00bbpermanent\u00ab. Im Zusammenhang mit einer Ma\u00dfnahme, die an Personen gerichtet ist, die vulnerabel oder in einer prek\u00e4ren Lage sind, ist die Einsprachigkeit jedoch umso besorgniserregender.<\/p>\n<p>Und leider ist auch die entsprechende Seite der Post, die mit der praktischen Abwicklung (\u00dcbergabe der Solidarit\u00e4tskarte) betraut ist, wie der gesamte Internetauftritt einsprachig italienisch:<\/p>\n<blockquote><p><a href=\"https:\/\/www.poste.it\/carta-dedicata-a-te.html\"><img loading=\"lazy\" decoding=\"async\" class=\"aligncenter wp-image-79481 size-full\" src=\"https:\/\/www.brennerbasisdemokratie.eu\/wp-content\/uploads\/2023\/07\/post-solidaritaetskarte.png\" alt=\"\" width=\"950\" height=\"652\" srcset=\"https:\/\/www.brennerbasisdemokratie.eu\/wp-content\/uploads\/2023\/07\/post-solidaritaetskarte.png 950w, https:\/\/www.brennerbasisdemokratie.eu\/wp-content\/uploads\/2023\/07\/post-solidaritaetskarte-768x527.png 768w\" sizes=\"auto, (max-width: 950px) 100vw, 950px\" \/><\/a><\/p><\/blockquote>\n<p><small><em>Internetseite der Post (Ausschnitt)<br \/>\n<\/em><\/small><br \/>\nDies betrifft die bereitgestellten Formulare (Vollmacht, Duplikat, neue PIN-Nummer) und Unterlagen (Infoblatt) nat\u00fcrlich genauso. Und die <em>Postamat<\/em>-Ger\u00e4te, die man als einzige nutzen kann, um das restliche Saldo zu \u00fcberpr\u00fcfen, <a title=\"DG: Post-Geldautomaten auf Deutsch.\" href=\"https:\/\/www.brennerbasisdemokratie.eu\/?p=79272\" rel=\"\">k\u00f6nnen ebenfalls kein Deutsch.<\/a><\/p>\n<p>So werden Bed\u00fcrftige, die nicht italienischer Muttersprache sind (Sprachminderheiten, Migrantinnen\u2026) zus\u00e4tzlich diskriminiert und <a title=\"Minorisierte Sprachen.\" href=\"https:\/\/www.brennerbasisdemokratie.eu\/?p=72762\" rel=\"\">minorisiert<\/a>. Doch diesbez\u00fcglich waren auch die italienischen Regierungen anderer politischer Couleur leider <a title=\"Digitalianisierung \u2013 Digitalianizzazione.\" href=\"https:\/\/www.brennerbasisdemokratie.eu\/?p=69693\" rel=\"\">nicht besser.<\/a><\/p>\n<p><strong><span style=\"font-family: Helvetica, Arial, sans-serif; text-transform: uppercase;\">C\u00ebla enghe:<\/span><\/strong> <a title=\"Die spanische Post ist mehrsprachig.\" href=\"https:\/\/www.brennerbasisdemokratie.eu\/?p=70494\" rel=\"\"><code>01<\/code><\/a> <a title=\"Digitalizzazione plurilingue. In Slovenia.\" href=\"https:\/\/www.brennerbasisdemokratie.eu\/?p=59292\" rel=\"\"><code>02<\/code><\/a> <a title=\"In Spagna Bonus culturale plurilingue.\" href=\"https:\/\/www.brennerbasisdemokratie.eu\/?p=74321\" rel=\"\"><code>03<\/code><\/a> <span style=\"font-family: Helvetica, Arial, sans-serif; font-weight: normal;\">|<\/span> <a title=\"Anagrafe digitale da ventennio.\" href=\"https:\/\/www.brennerbasisdemokratie.eu\/?p=69674\" rel=\"\"><code>04<\/code><\/a> <a title=\"Appuntamento all\u2019Agenzia in tedesco? Mission impossible.\" href=\"https:\/\/www.brennerbasisdemokratie.eu\/?p=67450\" rel=\"\"><code>05<\/code><\/a> <a title=\"Poste, app taglia diritti.\" href=\"https:\/\/www.brennerbasisdemokratie.eu\/?p=69995\" rel=\"\"><code>06<\/code><\/a> <a title=\"Einsprachige Lotterie.\" href=\"https:\/\/www.brennerbasisdemokratie.eu\/?p=62280\" rel=\"\"><code>07<\/code><\/a> <span style=\"font-family: Helvetica, Arial, sans-serif; font-weight: normal;\">||<\/span> <a title=\"Spanien ist mehrsprachig, auch bei der Digitalisierung.\" href=\"https:\/\/www.brennerbasisdemokratie.eu\/?p=81093\" rel=\"\"><span style=\"color: #ff8c00\"><code>01<\/code><\/span><\/a> <a title=\"Neue Stromz\u00e4hler auch ohne Deutsch und Ladinisch.\" href=\"https:\/\/www.brennerbasisdemokratie.eu\/?p=93609\"><span style=\"color: #ff8c00\"><code>02<\/code><\/span><\/a><\/p>\n<ul class=\"modern-footnotes-list modern-footnotes-list--show-only-for-print\"><li><span>1<\/span><div>zu Deutsch: <em>\u00bbDir gewidmet\u00ab<\/em><\/div><\/li><li><span>2<\/span><div>so zum Beispiel Zucker ja, aber Salz nicht<\/div><\/li><\/ul>","protected":false},"excerpt":{"rendered":"<p>Die rechtsrechte Regierung von Giorgia Meloni (FdI) hat wenig \u00fcberraschend die Ma\u00dfnahmen zugunsten der \u00c4rmsten gek\u00fcrzt und in diesem Zuge die Solidarit\u00e4tskarte Dedicata a te eingef\u00fchrt, deren peinliche, eher an die Kundenkarte eines Discounters erinnernde Bezeichnung gut zum niedrigen Einmalbetrag (382,50\u20ac) und zur paternalistischen Festlegung der damit zu erwerbenden Produkte passt. Internetseite der Gemeinde Bozen [&hellip;]<\/p>","protected":false},"author":1,"featured_media":0,"comment_status":"open","ping_status":"open","sticky":false,"template":"","format":"standard","meta":{"_crdt_document":"","ngg_post_thumbnail":0,"_jetpack_memberships_contains_paid_content":false,"footnotes":""},"categories":[1],"tags":[],"class_list":["post-79478","post","type-post","status-publish","format-standard","hentry","category-allgemein","entity-fdi","entity-gemeinde-bozen","entity-staat-italien","issue-bilinguismo-negato","issue-italianizzazione","location-italy","location-sudtirolo","language-deutsch","person-giorgia-meloni","topic-kohasion","topic-migraziun","topic-minderheitenschutz","topic-minorisaziun","topic-plurilinguism","topic-politik","topic-postdienst","topic-servicepublic","topic-soziales","topic-tech_com"],"jetpack_featured_media_url":"","jetpack_sharing_enabled":true,"_links":{"self":[{"href":"https:\/\/www.brennerbasisdemokratie.eu\/index.php?rest_route=\/wp\/v2\/posts\/79478","targetHints":{"allow":["GET"]}}],"collection":[{"href":"https:\/\/www.brennerbasisdemokratie.eu\/index.php?rest_route=\/wp\/v2\/posts"}],"about":[{"href":"https:\/\/www.brennerbasisdemokratie.eu\/index.php?rest_route=\/wp\/v2\/types\/post"}],"author":[{"embeddable":true,"href":"https:\/\/www.brennerbasisdemokratie.eu\/index.php?rest_route=\/wp\/v2\/users\/1"}],"replies":[{"embeddable":true,"href":"https:\/\/www.brennerbasisdemokratie.eu\/index.php?rest_route=%2Fwp%2Fv2%2Fcomments&post=79478"}],"version-history":[{"count":14,"href":"https:\/\/www.brennerbasisdemokratie.eu\/index.php?rest_route=\/wp\/v2\/posts\/79478\/revisions"}],"predecessor-version":[{"id":93624,"href":"https:\/\/www.brennerbasisdemokratie.eu\/index.php?rest_route=\/wp\/v2\/posts\/79478\/revisions\/93624"}],"wp:attachment":[{"href":"https:\/\/www.brennerbasisdemokratie.eu\/index.php?rest_route=%2Fwp%2Fv2%2Fmedia&parent=79478"}],"wp:term":[{"taxonomy":"category","embeddable":true,"href":"https:\/\/www.brennerbasisdemokratie.eu\/index.php?rest_route=%2Fwp%2Fv2%2Fcategories&post=79478"},{"taxonomy":"post_tag","embeddable":true,"href":"https:\/\/www.brennerbasisdemokratie.eu\/index.php?rest_route=%2Fwp%2Fv2%2Ftags&post=79478"}],"curies":[{"name":"wp","href":"https:\/\/api.w.org\/{rel}","templated":true}]}}