{"id":79531,"date":"2023-07-22T11:40:11","date_gmt":"2023-07-22T09:40:11","guid":{"rendered":"https:\/\/www.brennerbasisdemokratie.eu\/?p=79531"},"modified":"2023-07-23T08:52:00","modified_gmt":"2023-07-23T06:52:00","slug":"agenda-espana","status":"publish","type":"post","link":"https:\/\/www.brennerbasisdemokratie.eu\/?p=79531","title":{"rendered":"Agenda Espa\u00f1a."},"content":{"rendered":"<!-- Snippets by WebberZone Snippetz --><div class=\"ata_snippets\"><hr style=\"height: 20px; border: none; margin-top: 0em; background-color: darkred;\"\/><\/div><p>Bei den verschiedenen Wahlen in Spanien verloren die <em>Ciudadanos<\/em> einen Gro\u00dfteil ihres W\u00e4hlerpotenzials an die neofaschistische <em>Vox.<\/em> Die mutma\u00dfliche links-liberale Partei ein W\u00e4hlerreservoir f\u00fcr Neofaschisten? Reservoir ja, aber nicht links-liberal.<\/p>\n<p><em>Vox,<\/em> Stimme, ist eine Gr\u00fcndung ehemaliger PP-Mitglieder. Gegr\u00fcndet 2013, lange nur eine politische Fu\u00dfnote, laut Wahlumfragen <a href=\"https:\/\/www.sueddeutsche.de\/politik\/spanien-rechtsextreme-vox-regierung-konservative-1.5890144\">inzwischen drittst\u00e4rkste Partei<\/a>. Auch hier gibt es Versuche, die Partei als nationalkonservativ und rechtspopulistisch zu umschreiben, politische Sch\u00f6nf\u00e4rberei.<\/p>\n<p><em>Vox<\/em> lehnt Autonomierechte f\u00fcr die Regionen ab, ist radikal antibaskisch und antikatalanisch, wirbt f\u00fcr eine neue zentralistischen Verfassung, <a href=\"https:\/\/www.baskultur.info\/geschichte\/baskenland2\/147-franquismus-1\">Vorbild der Franco-Staat<\/a>. Die Partei hetzt gegen die illegale Zuwanderung, gegen den Feminismus, gegen die <em>Wokeness<\/em> und schl\u00e4gt sich f\u00fcr das \u00bbgesunde Volksempfinden\u00ab. Die <em>Vox<\/em>-Faschisten verstehen sich als Antifeministen, die sie als \u00bbFeminazi\u00ab bek\u00e4mpfen. Sie lehnten Gesetze gegen Gewalt an Frauen ab, auch deshalb, weil Frauen vor den T\u00e4tern gesch\u00fctzt werden sollen. Darin sehen die Kameraden eine Verletzung des Verfassungsrechts der Gleichberechtigung. Eine Bl\u00fcte des politischen spanischen <em>Machismo. Vox<\/em> ist auch gegen Abtreibung und gleichgeschlechtliche Ehen.<\/p>\n<p>Ihr Parteiprogramm tr\u00e4gt den Titel <em><a href=\"https:\/\/www.voxespana.es\/agenda-espana\">Agenda Espa\u00f1a.<\/a><\/em> Die Schwerpunkte: Nationales Recht vor EU-Recht, R\u00fcckgabe der \u00bbenteigneten Souver\u00e4nit\u00e4t\u00ab an die EU-Mitgliedsstaaten, Reform der Europ\u00e4ischen Vertr\u00e4ge, Vorrang der Mitgliedsstaaten vor der B\u00fcrokratie der Europ\u00e4ischen Kommission. Kurzum, eine andere EU.<\/p>\n<p>Wie ihre Partner in Italien, die <em><a href=\"https:\/\/gfbv-voices.org\/geht-doch-nach-oesterreich\/\">Fratelli d\u2019Italia<\/a><\/em> oder in Deutschland, die AfD, f\u00fchrt <em>Vox<\/em> einen \u00bbKulturkampf\u00ab: Gegen den demokratischen Rechtsstaat, gegen die liberale Gesellschaft, gegen Diversit\u00e4t.<\/p>\n<p>In einigen <a href=\"https:\/\/www.deutschlandfunkkultur.de\/vox-in-andalusien-100.html\">Regionen<\/a> sind <a href=\"https:\/\/jungefreiheit.de\/politik\/ausland\/2022\/vox-regierung-spanien\/\">PP, <em>Vox<\/em> und <em>Ciudadanos<\/em><\/a> bereits in Regierungen vertreten. Aus diesen Labors kommt das gro\u00dfe Experiment, den gesamten Staat zu \u00fcbernehmen. Die rechtsrechte Allianz greift nach der Macht im Staat, wie schon in <a href=\"https:\/\/gfbv-voices.org\/das-andere-italien-der-giorgia-meloni\/\">Italien<\/a>, in <a href=\"https:\/\/gfbv-voices.org\/achse-budapest-roma-madrid-belgrad\/\">Polen, Ungarn<\/a>, in Griechenland.<\/p>\n<p>Die <em>Agenda Espa\u00f1a<\/em> liest sich wie eine Blaupause f\u00fcr ein \u00bbneues Spanien\u00ab, wie ein Handbuch f\u00fcr einen modernisierten franquistischen Staat.<\/p>\n<h6>Gegen die \u00bbKlimareligion\u00ab<\/h6>\n<p>Laut <em>Vox<\/em> dient die Klimapolitik nur dazu, riesige Geldbetr\u00e4ge von der Mittelschicht und der Arbeiterklasse auf die Eliten zu \u00fcbertragen. Die Klimaagenda, eine Art Enteignungsprogramm.<\/p>\n<p>Der \u00bbradikale Umweltschutz\u00ab ist eine elit\u00e4re Agenda, eine vom Westen aufgezwungene Klimareligion.<\/p>\n<p><em>Vox<\/em> verspricht, dass Spanien aus allen internationalen Abkommen austritt, die spanische Unternehmen f\u00fcr die Umweltprobleme verantwortlich machen. Die von der angeblichen \u00bbKlimareligion\u00ab erzwungenen Industrieschlie\u00dfungen will <em>Vox<\/em> r\u00fcckg\u00e4ngig machen.<\/p>\n<h6>F\u00fcr das l\u00e4ndliche Spanien<\/h6>\n<p><em>Vox<\/em> behauptet, \u00bbprogressive Eliten\u00ab griffen Spaniens <a href=\"https:\/\/www.sueddeutsche.de\/politik\/spanien-rechtsextreme-vox-jugend-1.6026256\">l\u00e4ndlichen Lebensstil<\/a> \u00fcber die \u00bbglobalistische Agenda\u00ab an. Ob <em>Vox<\/em> damit \u00bbdie Juden\u00ab meint? Die \u00f6kologische Globalisierung, ein neues Instrument der alten j\u00fcdischen Weltherrschaft?<\/p>\n<p><em>Vox<\/em> will gegen diese Agenda die Agrar- und Lebensmittelindustrie sch\u00fctzen, die l\u00e4ndlichen Gebiete neu besiedeln und die \u00f6ffentlichen Dienstleistungen verbessern, die Verf\u00fcgbarkeit von Wasser in allen l\u00e4ndlichen Gebieten sicherstellen und Landwirte vor der \u00bbKriminalisierung\u00ab sch\u00fctzen.<\/p>\n<h6>Abschaffung von Steuern, Ministerien und Parlamenten<\/h6>\n<p><em>Vox<\/em> verspricht ehrgeizige Steuersenkungen und will gleichzeitig bei politische \u00bbVerschwendungsausgaben\u00ab einsparen. Verschwendungsausgaben? Die Erkl\u00e4rung: \u00bbEs ist notwendig, das System der autonomen Regionen abzuschaffen, der Doppelarbeit in der Verwaltung ein Ende zu setzen und die Zahl der Ministerien, Abteilungen, Abgeordneten und Parlamente zu verringern.\u00ab<\/p>\n<h6>Abschaffung der autonomen Regionen<\/h6>\n<p>\u00bbDie vierzig Jahre Regionalismus haben uns ein politisches Gemeinwesen hinterlassen, das sich in 17 Taifa-K\u00f6nigreiche (muslimische K\u00f6nigreiche auf spanischem Boden im 11. Jahrhundert) aufteilt\u00ab, so ein Zitat aus der <em>Agenda Espa\u00f1a.<\/em><\/p>\n<p>Diese Regionen versuchen, \u00bbdie Territorien k\u00fcnstlich zu homogenisieren\u00ab, das hei\u00dft, Katalanen und Basken w\u00fcrden Nicht-Katalanen und Nicht-Basken assimilieren. Doch die Assimilierung z\u00e4hlte in vergangenen Jahrhunderten zum politischen Programm des spanischen Staates.<\/p>\n<p>Deshalb will <em>Vox<\/em> die Gesetzgebungskompetenz der autonomen Regionen einschr\u00e4nken. In diesem Sinne sollen auch die regionalen Zust\u00e4ndigkeiten in den Bereichen Bildung, Gesundheit, Sicherheit und Justiz beschnitten und die regionalen \u00f6ffentlichen Medien und Polizeien abgeschafft werden. <em>Vox<\/em> plant die Schlie\u00dfung der \u00f6ffentlich-rechtlichen Rundfunkanstalten im Baskenland und in Katalonien.<\/p>\n<h6>Wahrung der nationalen Identit\u00e4t und Einheit<\/h6>\n<p>Parteien, Vereinigungen oder NGOs, die die \u00bbZerst\u00f6rung der territorialen Einheit der Nation und ihrer Souver\u00e4nit\u00e4t anstreben\u00ab, will <em>Vox<\/em> verbieten. Und zwar die Parteien, die die Unabh\u00e4ngigkeit Kataloniens und des <a href=\"https:\/\/baskultur.info\/politik\/antifa\/980-faschismus-vox\">Baskenlandes<\/a> fordern. Im Gegenzug sollen die Krone, die Flagge, die Hymne und andere Symbole Spaniens mit \u00bbmaximalem Rechtsschutz\u00ab versehen werden.<\/p>\n<p><em>Vox<\/em> k\u00fcndigte an, das Gesetz \u00fcber die Aufarbeitung der Verbrechen der Franco-Diktatur aufzuheben. Begr\u00fcndung: Es spalte.<\/p>\n<p>Die \u00bbnationale Identit\u00e4t\u00ab und der Beitrag Spaniens \u00bbzur Zivilisation und zur Weltgeschichte\u00ab sollen ein zentrales Element der Politik des Staates werden. Besonders feiern will die <em>Vox<\/em>-Partei die Nationalhelden, von Cortez \u00fcber De Soto bis zu Franco. <em>Vox<\/em> erhebt auch territoriale Anspr\u00fcche auf das \u00bbbesetzte\u00ab Gibraltar.<\/p>\n<h6>Kampf gegen \u00bbIndoktrination\u00ab in Klassenzimmern<\/h6>\n<p>Weit oben auf der Bildungs-Agenda steht der Kampf gegen \u00bbideologische Indoktrination\u00ab. Das Bildungswesen soll ges\u00e4ubert werden, von \u00bballen Personen oder Vereinigungen, die ohne Wissen und Zustimmung der Eltern sexuelle Inhalte vermitteln.\u00ab <em>Vox<\/em> lehnt Sexualerziehung ab, einschlie\u00dflich der F\u00f6rderung von LGBT+-Vielfalt und -Rechten sowie der Gleichstellung der Geschlechter.<\/p>\n<p>In allen Schulen soll k\u00fcnftig nur mehr die spanische Sprache verwendet werden d\u00fcrfen, das bedingt die Aufl\u00f6sung der heutigen Schulsysteme im Baskenland und in Katalonien, die ihre Sprachen verwenden.<\/p>\n<h6>Weniger \u00bbGender-Ideologie\u00ab, mehr Familie<\/h6>\n<p>Das geltende Gesetz \u00fcber geschlechtsspezifische \u2014 also m\u00e4nnliche \u2014 Gewalt soll durch ein Gesetz \u00fcber \u00bbinterfamili\u00e4re Gewalt\u00ab ersetzt werden. <em>Vox<\/em> versucht zwanghaft, auch Frauen f\u00fcr Gewalt in der Familie verantwortlich zu machen. Das Ministerium f\u00fcr Gleichstellung will man aufgel\u00f6sen.<\/p>\n<p>Au\u00dferdem sollen alle Gesetze zur positiven Diskriminierung \u2014 ethnischer Proporz, Frauenquoten \u2014 sowie Subventionen f\u00fcr \u00bbideologische Organisationen\u00ab aufgehoben und abgeschafft werden. <em>Vox<\/em> legt Wert auf die St\u00e4rkung der Rechte und steuerlichen Verg\u00fcnstigungen von Familien sowie auf die Schaffung eines Gesetzes zum Schutz der Familie und eines Familienministeriums.<\/p>\n<h6>Fremdenfeindlichkeit<\/h6>\n<p>\u00bbDer Vormarsch des Globalismus bedroht die Bewahrung der kulturellen Identit\u00e4t der westlichen Nationen\u00ab, texten die Autoren der <em>Vox<\/em>-Agenda. Globalismus steht f\u00fcr Fl\u00fcchtlinge und Migranten. Straff\u00e4llig gewordene Migranten sollen ausgewiesen, fundamentalistische Moscheen verboten werden.<\/p>\n<h6>Prorussisch und antiukrainisch<\/h6>\n<p><em>Vox<\/em> distanziert sich von der EU-Solidarit\u00e4t mit der von Russland \u00fcberfallenen Ukraine. Die spanischen <a href=\"https:\/\/elpais.com\/espana\/madrid\/2022-03-03\/vox-veta-una-declaracion-sobre-la-invasion-de-ucrania.html\">Neofranquisten<\/a> reihen sich damit in die \u00bbFront\u00ab rechts- und linksradikaler europ\u00e4ischer Parteien ein, die dem russischen Vernichtungskrieg Positives abgewinnen k\u00f6nnen. Dem Aufruf der \u00bbl\u00e4ndlichen Allianz\u00ab gegen die steigenden Benzinpreise im M\u00e4rz vor einem Jahr in Madrid folgten mehr als 150.000 Spanierinnen und Spanier.<\/p>\n<p>Der italienische Ministerpr\u00e4sident, wie sich sich Giorgia Meloni von der Partnerpartei <em>Fratelli d\u2019Italia<\/em> nennt, sagte in einer Videokonferenz, die Parlamentswahlen in Spanien seien die Chance der Patrioten. Schluss mit dem ultra\u00f6kologischen Extremismus, t\u00f6nte Meloni. Der Wahlsieg von <em>Vox<\/em> wird zu einem anderen Europa f\u00fchren. Zweifelsohne: zur\u00fcck in die Vergangenheit.<\/p>\n<p>Wie letzthin im Europaparlament. Die Fraktion der <em>Europ\u00e4ischen Volkspartei<\/em> (EVP) \u2014 mit dabei der <a href=\"https:\/\/www.brennerbasisdemokratie.eu\/?p=79035\">Abgeordnete Herbert Dorfmann von der <em>S\u00fcdtiroler Volkspartei<\/em><\/a> \u2014 stimmte gemeinsam mit den rechten EU-Feinden gegen das sogenannte <a href=\"https:\/\/www.zdf.de\/nachrichten\/politik\/eu-parlament-renaturierung-gesetz-100.html\">Renaturierungsgesetz<\/a>. Gegenargumente voller Fakes und L\u00fcgen. Minderheiten: H\u00f6rt die Signale!<\/p>\n<p><strong><span style=\"font-family: Helvetica, Arial, sans-serif; text-transform: uppercase; font-weight: bold;\">Serie<\/span><\/strong> <a title=\"Spanien: Francos R\u00fcckkehr.\" href=\"https:\/\/www.brennerbasisdemokratie.eu\/?p=79463\" rel=\"\"><span style=\"font-family: Helvetica, Arial, sans-serif; font-weight: bold;\">I<\/span><\/a>\u00a0<span style=\"font-family: Helvetica, Arial, sans-serif; font-weight: bold;\">II<\/span><\/p>\n<!-- Snippets by WebberZone Snippetz --><div class=\"ata_snippets\"><hr style=\"height: 10px;border: none;margin-top: 0px;background-color: darkred\" \/>\r\n\r\n<div style=\"background-color: none;padding: 0px;font-size: 14px;font-family: Helvetica,Arial;margin: 10px 0px 0px 0px\"><span style=\"color: darkred\"><strong><small>Autor:innen- und Gastbeitr\u00e4ge widerspiegeln nicht notwendigerweise die Meinung oder die Position von BBD, so wie die jeweiligen Verfasser:innen nicht notwendigerweise die Ziele von BBD unterst\u00fctzen.<\/small><\/strong><small>\u00b7 I contributi esterni non necessariamente riflettono le opinioni o la posizione di BBD, come a loro volta le autrici\/gli autori non necessariamente condividono gli obiettivi di BBD. \u2014 <a href=\"http:\/\/www.brennerbasisdemokratie.eu\/?page_id=11356#copyleft\"><strong>\u00a9<\/strong><\/a><\/small><\/span><\/div><\/div>","protected":false},"excerpt":{"rendered":"<p>Bei den verschiedenen Wahlen in Spanien verloren die Ciudadanos einen Gro\u00dfteil ihres W\u00e4hlerpotenzials an die neofaschistische Vox. Die mutma\u00dfliche links-liberale Partei ein W\u00e4hlerreservoir f\u00fcr Neofaschisten? Reservoir ja, aber nicht links-liberal. Vox, Stimme, ist eine Gr\u00fcndung ehemaliger PP-Mitglieder. Gegr\u00fcndet 2013, lange nur eine politische Fu\u00dfnote, laut Wahlumfragen inzwischen drittst\u00e4rkste Partei. Auch hier gibt es Versuche, die [&hellip;]<\/p>","protected":false},"author":14,"featured_media":0,"comment_status":"open","ping_status":"open","sticky":false,"template":"","format":"standard","meta":{"_crdt_document":"","ngg_post_thumbnail":0,"_jetpack_memberships_contains_paid_content":false,"footnotes":""},"categories":[14],"tags":[],"class_list":["post-79531","post","type-post","status-publish","format-standard","hentry","category-autorinnen","entity-afd","entity-cs","entity-eu-kommission","entity-eu-parlament","entity-eu","entity-evp","entity-fdi","entity-pp","entity-svp","entity-vox","issue-angriffskrieg-ukraine","issue-assimilierung","issue-wahlen","issue-zitac","location-catalunya","location-euskadi","location-gibraltar","location-italy","location-spania","language-deutsch","person-giorgia-meloni","person-herbert-dorfmann","topic-ecologia","topic-faschismen","topic-feminae","topic-krieg","topic-landwirtschaft","topic-lgbtqia","topic-migraziun","topic-minderheitenschutz","topic-nationalismus","topic-plurilinguism","topic-politik","topic-polizei","topic-racism","topic-recht","topic-scola","topic-symbolik","topic-zentralismus"],"jetpack_featured_media_url":"","jetpack_sharing_enabled":true,"_links":{"self":[{"href":"https:\/\/www.brennerbasisdemokratie.eu\/index.php?rest_route=\/wp\/v2\/posts\/79531","targetHints":{"allow":["GET"]}}],"collection":[{"href":"https:\/\/www.brennerbasisdemokratie.eu\/index.php?rest_route=\/wp\/v2\/posts"}],"about":[{"href":"https:\/\/www.brennerbasisdemokratie.eu\/index.php?rest_route=\/wp\/v2\/types\/post"}],"author":[{"embeddable":true,"href":"https:\/\/www.brennerbasisdemokratie.eu\/index.php?rest_route=\/wp\/v2\/users\/14"}],"replies":[{"embeddable":true,"href":"https:\/\/www.brennerbasisdemokratie.eu\/index.php?rest_route=%2Fwp%2Fv2%2Fcomments&post=79531"}],"version-history":[{"count":3,"href":"https:\/\/www.brennerbasisdemokratie.eu\/index.php?rest_route=\/wp\/v2\/posts\/79531\/revisions"}],"predecessor-version":[{"id":79534,"href":"https:\/\/www.brennerbasisdemokratie.eu\/index.php?rest_route=\/wp\/v2\/posts\/79531\/revisions\/79534"}],"wp:attachment":[{"href":"https:\/\/www.brennerbasisdemokratie.eu\/index.php?rest_route=%2Fwp%2Fv2%2Fmedia&parent=79531"}],"wp:term":[{"taxonomy":"category","embeddable":true,"href":"https:\/\/www.brennerbasisdemokratie.eu\/index.php?rest_route=%2Fwp%2Fv2%2Fcategories&post=79531"},{"taxonomy":"post_tag","embeddable":true,"href":"https:\/\/www.brennerbasisdemokratie.eu\/index.php?rest_route=%2Fwp%2Fv2%2Ftags&post=79531"}],"curies":[{"name":"wp","href":"https:\/\/api.w.org\/{rel}","templated":true}]}}