{"id":79649,"date":"2023-07-30T23:15:36","date_gmt":"2023-07-30T21:15:36","guid":{"rendered":"https:\/\/www.brennerbasisdemokratie.eu\/?p=79649"},"modified":"2023-07-31T13:00:39","modified_gmt":"2023-07-31T11:00:39","slug":"krieg-gegen-die-klimakatastrophe","status":"publish","type":"post","link":"https:\/\/www.brennerbasisdemokratie.eu\/?p=79649","title":{"rendered":"Krieg gegen die Klimakatastrophe."},"content":{"rendered":"<p>Die italienische Regierung um Ministerpr\u00e4sidentin Giorgia Meloni (<abbr title=\"Fratelli d\u2019Italia\">FdI<\/abbr>) hat Ende Juni den <em>Alpini<\/em>-General Francesco Figliuolo zum <a title=\"Der Kommissar umgeht.\" href=\"https:\/\/www.brennerbasisdemokratie.eu\/?p=77815\" rel=\"\">Beauftragten<\/a>\u00a0f\u00fcr den Wiederaufbau in der Emilia-Romagna ernannt. In der norditalienischen Region hatten \u00dcberschwemmungen zuvor schwere Sch\u00e4den verursacht.<\/p>\n<p>Im Vorfeld der Ernennung des Soldaten war noch gemutma\u00dft worden, dass Meloni die Sonderbefugnisse direkt an den demokratisch gew\u00e4hlten Regionspr\u00e4sidenten Stefano Bonaccini (<abbr title=\"Partito Democratico\">PD<\/abbr>) \u00fcbertragen w\u00fcrde. Pr\u00e4sidenten anderer Regionen, einschlie\u00dflich solcher, die dem Rechtsb\u00fcndnis angeh\u00f6ren, hatten dies mehrfach mit Nachdruck gefordert.<\/p>\n<p>Schlussendlich jedoch entschied sich die r\u00f6mische Regierung f\u00fcr den zentralistischen Weg und \u2014 <a title=\"Mit Kanonen auf Viren.\" href=\"https:\/\/www.brennerbasisdemokratie.eu\/?p=63859\">wie schon Ministerpr\u00e4sident Mario Draghi w\u00e4hrend der <em>Corona<\/em>-Pandemie<\/a>\u00a0\u2014 f\u00fcr die \u00dcbertragung ziviler Aufgaben an einen Angeh\u00f6rigen des Heeres. Auch damals war es \u00fcbrigens Figliuolo gewesen, der als Sonderkommiss\u00e4r waltete.<\/p>","protected":false},"excerpt":{"rendered":"<p>Die italienische Regierung um Ministerpr\u00e4sidentin Giorgia Meloni (FdI) hat Ende Juni den Alpini-General Francesco Figliuolo zum Beauftragten\u00a0f\u00fcr den Wiederaufbau in der Emilia-Romagna ernannt. In der norditalienischen Region hatten \u00dcberschwemmungen zuvor schwere Sch\u00e4den verursacht. Im Vorfeld der Ernennung des Soldaten war noch gemutma\u00dft worden, dass Meloni die Sonderbefugnisse direkt an den demokratisch gew\u00e4hlten Regionspr\u00e4sidenten Stefano Bonaccini [&hellip;]<\/p>","protected":false},"author":1,"featured_media":0,"comment_status":"open","ping_status":"open","sticky":false,"template":"","format":"standard","meta":{"_crdt_document":"","ngg_post_thumbnail":0,"_jetpack_memberships_contains_paid_content":false,"footnotes":""},"categories":[1],"tags":[],"class_list":["post-79649","post","type-post","status-publish","format-standard","hentry","category-allgemein","entity-alpini","entity-fdi","entity-pd","entity-staat-italien","issue-coronapandemie","location-italy","language-deutsch","person-giorgia-meloni","person-mario-draghi","topic-ecologia","topic-foederalismus","topic-militar","topic-politik","topic-zentralismus"],"jetpack_featured_media_url":"","jetpack_sharing_enabled":true,"_links":{"self":[{"href":"https:\/\/www.brennerbasisdemokratie.eu\/index.php?rest_route=\/wp\/v2\/posts\/79649","targetHints":{"allow":["GET"]}}],"collection":[{"href":"https:\/\/www.brennerbasisdemokratie.eu\/index.php?rest_route=\/wp\/v2\/posts"}],"about":[{"href":"https:\/\/www.brennerbasisdemokratie.eu\/index.php?rest_route=\/wp\/v2\/types\/post"}],"author":[{"embeddable":true,"href":"https:\/\/www.brennerbasisdemokratie.eu\/index.php?rest_route=\/wp\/v2\/users\/1"}],"replies":[{"embeddable":true,"href":"https:\/\/www.brennerbasisdemokratie.eu\/index.php?rest_route=%2Fwp%2Fv2%2Fcomments&post=79649"}],"version-history":[{"count":1,"href":"https:\/\/www.brennerbasisdemokratie.eu\/index.php?rest_route=\/wp\/v2\/posts\/79649\/revisions"}],"predecessor-version":[{"id":79650,"href":"https:\/\/www.brennerbasisdemokratie.eu\/index.php?rest_route=\/wp\/v2\/posts\/79649\/revisions\/79650"}],"wp:attachment":[{"href":"https:\/\/www.brennerbasisdemokratie.eu\/index.php?rest_route=%2Fwp%2Fv2%2Fmedia&parent=79649"}],"wp:term":[{"taxonomy":"category","embeddable":true,"href":"https:\/\/www.brennerbasisdemokratie.eu\/index.php?rest_route=%2Fwp%2Fv2%2Fcategories&post=79649"},{"taxonomy":"post_tag","embeddable":true,"href":"https:\/\/www.brennerbasisdemokratie.eu\/index.php?rest_route=%2Fwp%2Fv2%2Ftags&post=79649"}],"curies":[{"name":"wp","href":"https:\/\/api.w.org\/{rel}","templated":true}]}}