{"id":79717,"date":"2023-08-03T09:19:49","date_gmt":"2023-08-03T07:19:49","guid":{"rendered":"https:\/\/www.brennerbasisdemokratie.eu\/?p=79717"},"modified":"2025-12-29T19:09:25","modified_gmt":"2025-12-29T18:09:25","slug":"ladinia-ohne-flagge","status":"publish","type":"post","link":"https:\/\/www.brennerbasisdemokratie.eu\/?p=79717","title":{"rendered":"Ladinia ohne Flagge."},"content":{"rendered":"<p>K\u00fcrzlich hatte <em>Lega<\/em>-Landesrat und Regionalassessor Massimo Bessone im Regionalrat eine Tagesordnung zum Minderheitenschutzgesetz vorgelegt, mit der er die Anerkennung und Reglementierung der ladinischen Flagge erreichen wollte.<\/p>\n<p>Unterst\u00fctzung f\u00fcr den Vorsto\u00df, der auf den <em>Lega<\/em>-Gemeindereferenten Stefan Kasslatter aus Urtij\u00ebi zur\u00fcckgehen soll, gab es nur vom Regionalratsabgeordneten Luca Guglielmi aus Fascia, w\u00e4hrend sich die Ladiner in der <abbr title=\"S\u00fcdtiroler Volkspartei\">SVP<\/abbr>, Daniel Alfreider und Manfred Vallazza (beide Val Badia) zierten. Vallazza zufolge handle es sich um eine komplexe Materie, die er selbst schon l\u00e4nger bearbeite und die man nicht mit einer schlampig verfassten Tagesordnung verbrennen d\u00fcrfe. Au\u00dferdem habe es sogar Ungereimtheiten zwischen der deutschen und der italienischen Fassung von Bessones Vorlage gegeben.<\/p>\n<p>Mag alles sein. Fakt ist jedoch, dass die \u00fcber hundert Jahre alte Flagge der Ladinia Jahrzehnte nach Erlangung der Autonomie noch immer nicht offiziell anerkannt und auf Regions- oder Landesebene nicht reglementiert ist, sodass Lokalk\u00f6rperschaften sie nicht (gemeinsam mit anderen Flaggen) aush\u00e4ngen d\u00fcrften. Ebenso trifft zu, dass dies von der <em>Union Generela di Ladins<\/em> und von der <em>Lia di Comuns<\/em> gefordert wird.<\/p>\n<p>Ob Alfreider und Vallazza pers\u00f6nlich daf\u00fcr verantwortlich zu machen sind, wei\u00df ich nicht. Mit Sicherheit jedoch ist ihre Partei, die SVP, lang genug im Amt, und h\u00e4tte diese Frage l\u00e4ngst einer L\u00f6sung zuf\u00fchren k\u00f6nnen \u2014 wenn der Wille dazu bestanden h\u00e4tte. Dass dies bis heute nicht geschehen ist, ist trotz angeblicher Komplexit\u00e4t (?) der Materie ein regelrechtes Armutszeugnis.<\/p>\n<p>Indes sollen einige ladinische Gemeinden die Angelegenheit zumindest f\u00fcr ihre eigenen Einrichtungen bereits mit einer kommunalen Reglementierung gel\u00f6st haben. Immerhin. Und dennoch nicht befriedigend.<\/p>\n<p><strong><span style=\"font-family: Helvetica, Arial, sans-serif; text-transform: uppercase;\">C\u00ebla enghe:<\/span><\/strong> <a title=\"Ladinia: Ein Jahrhundert divide et impera.\" href=\"https:\/\/www.brennerbasisdemokratie.eu\/?p=76312\" rel=\"\"><code>01<\/code><\/a> <a title=\"Die ladinische Flagge ist 100.\" href=\"https:\/\/www.brennerbasisdemokratie.eu\/?p=57070\" rel=\"\"><code>02<\/code><\/a> <a title=\"Ladinischer Ausweis: Staat s\u00e4umig!\" href=\"https:\/\/www.brennerbasisdemokratie.eu\/?p=55081\" rel=\"\"><code>03<\/code><\/a> <a title=\"Der Antiladiner-Landesrat.\" href=\"https:\/\/www.brennerbasisdemokratie.eu\/?p=12805\"><code>04<\/code><\/a> <a href=\"https:\/\/www.brennerbasisdemokratie.eu\/?p=964\"><code>05<\/code><\/a> <span style=\"font-family: Helvetica, Arial, sans-serif; font-weight: normal;\">||<\/span> <a title=\"Ladinische Flagge anerkannt.\" href=\"https:\/\/www.brennerbasisdemokratie.eu\/?p=85818\"><span style=\"color:#ff8c00; text-decoration:underline; text-decoration-color:#ff8c00; text-decoration-thickness:3px;\"><code>01<\/code><\/span><\/a><\/p>","protected":false},"excerpt":{"rendered":"<p>K\u00fcrzlich hatte Lega-Landesrat und Regionalassessor Massimo Bessone im Regionalrat eine Tagesordnung zum Minderheitenschutzgesetz vorgelegt, mit der er die Anerkennung und Reglementierung der ladinischen Flagge erreichen wollte. Unterst\u00fctzung f\u00fcr den Vorsto\u00df, der auf den Lega-Gemeindereferenten Stefan Kasslatter aus Urtij\u00ebi zur\u00fcckgehen soll, gab es nur vom Regionalratsabgeordneten Luca Guglielmi aus Fascia, w\u00e4hrend sich die Ladiner in der [&hellip;]<\/p>","protected":false},"author":1,"featured_media":0,"comment_status":"open","ping_status":"open","sticky":false,"template":"","format":"standard","meta":{"_crdt_document":"","ngg_post_thumbnail":0,"_jetpack_memberships_contains_paid_content":false,"footnotes":""},"categories":[1],"tags":[],"class_list":["post-79717","post","type-post","status-publish","format-standard","hentry","category-allgemein","entity-lega","entity-region-sudtirol-trentino","entity-svp","entity-ugld","location-ladinia","language-deutsch","person-daniel-alfreider","person-massimo-bessone","topic-politik","topic-symbolik","topic-vorzeigeautonomie"],"jetpack_featured_media_url":"","jetpack_sharing_enabled":true,"_links":{"self":[{"href":"https:\/\/www.brennerbasisdemokratie.eu\/index.php?rest_route=\/wp\/v2\/posts\/79717","targetHints":{"allow":["GET"]}}],"collection":[{"href":"https:\/\/www.brennerbasisdemokratie.eu\/index.php?rest_route=\/wp\/v2\/posts"}],"about":[{"href":"https:\/\/www.brennerbasisdemokratie.eu\/index.php?rest_route=\/wp\/v2\/types\/post"}],"author":[{"embeddable":true,"href":"https:\/\/www.brennerbasisdemokratie.eu\/index.php?rest_route=\/wp\/v2\/users\/1"}],"replies":[{"embeddable":true,"href":"https:\/\/www.brennerbasisdemokratie.eu\/index.php?rest_route=%2Fwp%2Fv2%2Fcomments&post=79717"}],"version-history":[{"count":12,"href":"https:\/\/www.brennerbasisdemokratie.eu\/index.php?rest_route=\/wp\/v2\/posts\/79717\/revisions"}],"predecessor-version":[{"id":96975,"href":"https:\/\/www.brennerbasisdemokratie.eu\/index.php?rest_route=\/wp\/v2\/posts\/79717\/revisions\/96975"}],"wp:attachment":[{"href":"https:\/\/www.brennerbasisdemokratie.eu\/index.php?rest_route=%2Fwp%2Fv2%2Fmedia&parent=79717"}],"wp:term":[{"taxonomy":"category","embeddable":true,"href":"https:\/\/www.brennerbasisdemokratie.eu\/index.php?rest_route=%2Fwp%2Fv2%2Fcategories&post=79717"},{"taxonomy":"post_tag","embeddable":true,"href":"https:\/\/www.brennerbasisdemokratie.eu\/index.php?rest_route=%2Fwp%2Fv2%2Ftags&post=79717"}],"curies":[{"name":"wp","href":"https:\/\/api.w.org\/{rel}","templated":true}]}}