{"id":79785,"date":"2023-08-08T14:22:23","date_gmt":"2023-08-08T12:22:23","guid":{"rendered":"https:\/\/www.brennerbasisdemokratie.eu\/?p=79785"},"modified":"2023-08-09T07:33:00","modified_gmt":"2023-08-09T05:33:00","slug":"sonderbarer-lehrerinnenmangel","status":"publish","type":"post","link":"https:\/\/www.brennerbasisdemokratie.eu\/?p=79785","title":{"rendered":"Sonderbarer Lehrerinnenmangel."},"content":{"rendered":"<p>Wie das Landespresseamt <a title=\"LPA: Deutsche Schulen: Stellenwahlen abgeschlossen.\" href=\"https:\/\/news.provinz.bz.it\/de\/news\/deutsche-schule-stellenwahlen-abgeschlossen\" target=\"_blank\" rel=\"noopener\">meldet<\/a>, wurden f\u00fcr die deutschen Schulen in S\u00fcdtirol die Stellenwahlen f\u00fcr das Schuljahr 2023\/24 durchgef\u00fchrt. Doch erstaunlicherweise konnte dabei nur gut die H\u00e4lfte der verf\u00fcgbaren Stellen (989 von 1927) besetzt werden.<\/p>\n<p>Erstaunlich ist das vor allem deshalb, weil in anderen Bereichen, zumal im Gesundheitswesen, immerfort behauptet wird, der chronische Personalmangel sei auf Proporz und Zweisprachigkeitspflicht zur\u00fcckzuf\u00fchren. Regelm\u00e4\u00dfig werden daher <a title=\"Der PD erneut gegen Proporz und Zweisprachigkeit.\" href=\"https:\/\/www.brennerbasisdemokratie.eu\/?p=79553\">Forderungen<\/a> laut, diese wichtigen Minderheitenschutzmechanismen einfach abzuschaffen.<\/p>\n<p>In der Schule gelten Proporz und Zweisprachigkeitspflicht (bis auf wenige Ausnahmen) nicht \u2014 doch auch hier bleiben viele Stellen unbesetzt. Um das Problem zu l\u00f6sen, kommen billige Patentrezepte wie die Abschaffung der Zweisprachigkeitspflicht in diesem Fall nicht infrage, weshalb man sich um ernsthafte L\u00f6sungen wird bem\u00fchen m\u00fcssen. G\u00e4be es eine einheitliche mehrsprachige Schule als Standard- oder als Zusatzangebot, w\u00e4ren dort vermutlich die Versuchung und der Druck gro\u00df, statt deutschsprachigem einfach italienischsprachiges Lehrpersonal einzustellen, auch wenn dies das Verh\u00e4ltnis zwischen den Unterrichtssprachen durcheinander bringt. Nach dem Motto: Besser eine Lehrerin, die in der nicht vorgesehenen Sprache unterrichtet als gar keine Lehrerin.<\/p>\n<p>Laut Presseamt gibt es bei der Besetzungsquote betr\u00e4chtliche Unterschiede: In manchen Bereichen gab es sogar mehr Bewerberinnen als Stellen, besonders in den sogenannten <abbr title=\"Mathematik, Informatik, Naturwissenschaft und Technik\">MINT<\/abbr>-F\u00e4chern sei Personal hingegen rar. Nun geht der Ball an die einzelnen Schulen \u00fcber, die Lehrpersonen direkt einstellen k\u00f6nnen.<\/p>","protected":false},"excerpt":{"rendered":"<p>Wie das Landespresseamt meldet, wurden f\u00fcr die deutschen Schulen in S\u00fcdtirol die Stellenwahlen f\u00fcr das Schuljahr 2023\/24 durchgef\u00fchrt. Doch erstaunlicherweise konnte dabei nur gut die H\u00e4lfte der verf\u00fcgbaren Stellen (989 von 1927) besetzt werden. Erstaunlich ist das vor allem deshalb, weil in anderen Bereichen, zumal im Gesundheitswesen, immerfort behauptet wird, der chronische Personalmangel sei auf [&hellip;]<\/p>","protected":false},"author":1,"featured_media":0,"comment_status":"open","ping_status":"open","sticky":false,"template":"","format":"standard","meta":{"_crdt_document":"","ngg_post_thumbnail":0,"_jetpack_memberships_contains_paid_content":false,"footnotes":""},"categories":[1],"tags":[],"class_list":["post-79785","post","type-post","status-publish","format-standard","hentry","category-allgemein","entity-land-sudtirol","issue-clil-immersion","issue-proporz","location-sudtirolo","language-deutsch","medium-lpa","topic-arbeit","topic-minderheitenschutz","topic-scola","topic-servicepublic"],"jetpack_featured_media_url":"","jetpack_sharing_enabled":true,"_links":{"self":[{"href":"https:\/\/www.brennerbasisdemokratie.eu\/index.php?rest_route=\/wp\/v2\/posts\/79785","targetHints":{"allow":["GET"]}}],"collection":[{"href":"https:\/\/www.brennerbasisdemokratie.eu\/index.php?rest_route=\/wp\/v2\/posts"}],"about":[{"href":"https:\/\/www.brennerbasisdemokratie.eu\/index.php?rest_route=\/wp\/v2\/types\/post"}],"author":[{"embeddable":true,"href":"https:\/\/www.brennerbasisdemokratie.eu\/index.php?rest_route=\/wp\/v2\/users\/1"}],"replies":[{"embeddable":true,"href":"https:\/\/www.brennerbasisdemokratie.eu\/index.php?rest_route=%2Fwp%2Fv2%2Fcomments&post=79785"}],"version-history":[{"count":6,"href":"https:\/\/www.brennerbasisdemokratie.eu\/index.php?rest_route=\/wp\/v2\/posts\/79785\/revisions"}],"predecessor-version":[{"id":79791,"href":"https:\/\/www.brennerbasisdemokratie.eu\/index.php?rest_route=\/wp\/v2\/posts\/79785\/revisions\/79791"}],"wp:attachment":[{"href":"https:\/\/www.brennerbasisdemokratie.eu\/index.php?rest_route=%2Fwp%2Fv2%2Fmedia&parent=79785"}],"wp:term":[{"taxonomy":"category","embeddable":true,"href":"https:\/\/www.brennerbasisdemokratie.eu\/index.php?rest_route=%2Fwp%2Fv2%2Fcategories&post=79785"},{"taxonomy":"post_tag","embeddable":true,"href":"https:\/\/www.brennerbasisdemokratie.eu\/index.php?rest_route=%2Fwp%2Fv2%2Ftags&post=79785"}],"curies":[{"name":"wp","href":"https:\/\/api.w.org\/{rel}","templated":true}]}}