{"id":80308,"date":"2023-08-24T20:20:35","date_gmt":"2023-08-24T18:20:35","guid":{"rendered":"https:\/\/www.brennerbasisdemokratie.eu\/?p=80308"},"modified":"2024-11-20T20:14:04","modified_gmt":"2024-11-20T19:14:04","slug":"nazi-als-idealer-mitarbeiter","status":"publish","type":"post","link":"https:\/\/www.brennerbasisdemokratie.eu\/?p=80308","title":{"rendered":"Nazi als \u203aidealer\u2039 Mitarbeiter."},"content":{"rendered":"<p>Heute ist auf der <em>Facebook<\/em>-Seite von <em>\u00bbNon una di meno &#8211; Trento\u00ab<\/em> der anonyme <a title=\"Bagnino nazi: testimonianza di un\u2019ex collega.\" href=\"https:\/\/www.brennerbasisdemokratie.eu\/?p=80287\" rel=\"\">Brief<\/a>&nbsp;einer ehemaligen Arbeitskollegin des <a title=\"Bademeister: Nazi im \u00f6ffentlichen Dienst.\" href=\"https:\/\/www.brennerbasisdemokratie.eu\/?p=80149\" rel=\"\">Brixner Nazi-Bademeisters<\/a> erschienen. Darin schildert sie die schwerst sexistischen und menschenfeindlichen Erniedrigungen, denen er sie ausgesetzt haben soll, bis sie schlussendlich k\u00fcndigte, auch weil er vom Arbeitgeber protegiert worden sei.<\/p>\n<blockquote><p><img loading=\"lazy\" decoding=\"async\" class=\"alignnone size-full wp-image-80150\" src=\"https:\/\/www.brennerbasisdemokratie.eu\/wp-content\/uploads\/2023\/08\/acquarena-nazisymbole.png\" alt=\"\" width=\"1000\" height=\"499\" srcset=\"https:\/\/www.brennerbasisdemokratie.eu\/wp-content\/uploads\/2023\/08\/acquarena-nazisymbole.png 1000w, https:\/\/www.brennerbasisdemokratie.eu\/wp-content\/uploads\/2023\/08\/acquarena-nazisymbole-768x383.png 768w\" sizes=\"auto, (max-width: 1000px) 100vw, 1000px\" \/><\/p><\/blockquote>\n<p>Ferner berichtet sie von homophoben und von gr\u00f6bst rassistischen Ausf\u00e4llen, unter denen etwa ein schwarzer Mitarbeiter zu leiden gehabt habe. Eine Best\u00e4tigung, dass die stolz zur Schau getragenen Nazisymbole keine rein oberfl\u00e4chliche Angelegenheit waren. Im Moment gibt es nat\u00fcrlich keine absolute Gewissheit, dass die Schilderung der Wahrheit entspricht, sie scheint mir aber sehr glaubw\u00fcrdig.<\/p>\n<p>Das er\u00f6ffnet freilich gleich mehrere weitere Fronten:<\/p>\n<ul>\n<li>Erstens, dass eine \u00f6ffentliche Einrichtung \u00fcberhaupt erst ihre Sicherheit \u00fcber Jahre einem Menschen anvertraut hat, dem man derart Monstr\u00f6ses ohne mit der Wimper zu zucken zutraut. Mich jedenfalls w\u00fcrde eher wundern, wenn so ein Typ kein misogyner, homophober Rassist w\u00e4re \u2014 und damit bin ich wohl kaum allein.<\/li>\n<li>Zweitens wirft allein schon die Vorstellung, dass sich all das (mit gro\u00dfer Wahrscheinlichkeit) zugetragen hat, einen dunklen Schatten auf die Berichterstattung einiger \u2014 insbesondere italienischsprachiger \u2014 Medien, die dem Nazi bzw. seinem Arbeitgeber <em>Security GmbH<\/em> die M\u00f6glichkeit gegeben haben, ihn v\u00f6llig unkritisch als harmloses und unschuldiges Opfer darzustellen.<\/li>\n<li>Drittens die Rolle von <em>Acquarena<\/em> und <em>Stadtwerken,<\/em> die von all dem (Nazisymbolik und Arbeitsklima bzw. etwaiges Mobbing) nichts mitbekommen haben wollen und sagen, der Mitarbeiter habe erst seit Juni in Brixen gearbeitet, obwohl er eigenen Angaben zufolge (s. heutige <em>Corriere<\/em>-S\u00fcdtirolausgabe) schon seit sieben Jahren in der <em>Acquarena<\/em> war. Uns liegt zudem auch eine schon vor rund einem Jahr offiziell eingereichte Beschwerde gegen den Bademeister wegen diskriminierenden Verhaltens vor. Was also wusste man in Brixen wirklich?<\/li>\n<li>Viertens das Problem, dass die <em>Acquarena<\/em> weiterhin mit einer Firma zusammenarbeitet, die auch die neue Ausschreibung f\u00fcr den Bademeisterdienst gewonnen hat und v\u00f6llig uneinsichtig ist, wie Berichte im gestrigen <em>A. Adige<\/em> und z. B. im <em>Messaggero<\/em> beweisen. Darin wird der Nazi von seinem Trentiner Arbeitgeber als sein \u00bbbester\u00ab bzw. als der \u00bbideale\u00ab Mitarbeiter bezeichnet. Laut der r\u00f6mischen Tageszeitung <a title=\"Messaggero: Bagnino con tatuaggi\u2026\" href=\"https:\/\/www.ilmessaggero.it\/italia\/bagnino_tatuaggi_nazisti_bressanone_caorle_allontanato_ultime_notizie-7590263.html\">gibt er sogar an<\/a>, den Vorfall f\u00fcr l\u00e4cherlich zu halten. Inzwischen bereue er, der Bitte, den Mann abzuziehen, nachgekommen zu sein. Gek\u00fcndigt wurde ihm nat\u00fcrlich keineswegs, vielmehr tut er nun angeblich in seiner Heimatregion Venetien Dienst.<\/li>\n<\/ul>\n<p>Problembewusstsein unter null \u2014 und immer mehr offene Fragen. Was auch zeigt, wie wichtig es w\u00e4re, \u00fcber strenge Gesetze wie in Deutschland oder \u00d6sterreich zu verf\u00fcgen.<\/p>","protected":false},"excerpt":{"rendered":"<p>Heute ist auf der Facebook-Seite von \u00bbNon una di meno &#8211; Trento\u00ab der anonyme Brief&nbsp;einer ehemaligen Arbeitskollegin des Brixner Nazi-Bademeisters erschienen. Darin schildert sie die schwerst sexistischen und menschenfeindlichen Erniedrigungen, denen er sie ausgesetzt haben soll, bis sie schlussendlich k\u00fcndigte, auch weil er vom Arbeitgeber protegiert worden sei. Ferner berichtet sie von homophoben und von [&hellip;]<\/p>","protected":false},"author":10,"featured_media":0,"comment_status":"open","ping_status":"open","sticky":false,"template":"","format":"standard","meta":{"_crdt_document":"","ngg_post_thumbnail":0,"_jetpack_memberships_contains_paid_content":false,"footnotes":""},"categories":[1],"tags":[],"class_list":["post-80308","post","type-post","status-publish","format-standard","hentry","category-allgemein","issue-medienkritik","location-sudtirolo","location-trentino","location-venetien","language-deutsch","medium-aa","medium-corriere","medium-socialmedia","topic-arbeit","topic-faschismen","topic-feminae","topic-lgbtqia","topic-medien","topic-politik","topic-racism","topic-servicepublic"],"jetpack_featured_media_url":"","jetpack_sharing_enabled":true,"_links":{"self":[{"href":"https:\/\/www.brennerbasisdemokratie.eu\/index.php?rest_route=\/wp\/v2\/posts\/80308","targetHints":{"allow":["GET"]}}],"collection":[{"href":"https:\/\/www.brennerbasisdemokratie.eu\/index.php?rest_route=\/wp\/v2\/posts"}],"about":[{"href":"https:\/\/www.brennerbasisdemokratie.eu\/index.php?rest_route=\/wp\/v2\/types\/post"}],"author":[{"embeddable":true,"href":"https:\/\/www.brennerbasisdemokratie.eu\/index.php?rest_route=\/wp\/v2\/users\/10"}],"replies":[{"embeddable":true,"href":"https:\/\/www.brennerbasisdemokratie.eu\/index.php?rest_route=%2Fwp%2Fv2%2Fcomments&post=80308"}],"version-history":[{"count":20,"href":"https:\/\/www.brennerbasisdemokratie.eu\/index.php?rest_route=\/wp\/v2\/posts\/80308\/revisions"}],"predecessor-version":[{"id":89091,"href":"https:\/\/www.brennerbasisdemokratie.eu\/index.php?rest_route=\/wp\/v2\/posts\/80308\/revisions\/89091"}],"wp:attachment":[{"href":"https:\/\/www.brennerbasisdemokratie.eu\/index.php?rest_route=%2Fwp%2Fv2%2Fmedia&parent=80308"}],"wp:term":[{"taxonomy":"category","embeddable":true,"href":"https:\/\/www.brennerbasisdemokratie.eu\/index.php?rest_route=%2Fwp%2Fv2%2Fcategories&post=80308"},{"taxonomy":"post_tag","embeddable":true,"href":"https:\/\/www.brennerbasisdemokratie.eu\/index.php?rest_route=%2Fwp%2Fv2%2Ftags&post=80308"}],"curies":[{"name":"wp","href":"https:\/\/api.w.org\/{rel}","templated":true}]}}