{"id":8055,"date":"2011-05-27T11:31:34","date_gmt":"2011-05-27T09:31:34","guid":{"rendered":"http:\/\/www.brennerbasisdemokratie.eu\/?p=8055"},"modified":"2023-03-06T20:02:25","modified_gmt":"2023-03-06T19:02:25","slug":"militarkultur","status":"publish","type":"post","link":"https:\/\/www.brennerbasisdemokratie.eu\/?p=8055","title":{"rendered":"Milit\u00e4rkultur."},"content":{"rendered":"<blockquote>\n<p style=\"text-align: left;\"><em><img loading=\"lazy\" decoding=\"async\" class=\"alignright size-thumbnail wp-image-8076\" title=\"Brigata Alpina Tridentina.\" src=\"http:\/\/www.brennerbasisdemokratie.eu\/wp-content\/uploads\/2011\/05\/tridentina-135x150.jpg\" alt=\"\" width=\"65\" height=\"72\" srcset=\"https:\/\/www.brennerbasisdemokratie.eu\/wp-content\/uploads\/2011\/05\/tridentina-135x150.jpg 135w, https:\/\/www.brennerbasisdemokratie.eu\/wp-content\/uploads\/2011\/05\/tridentina.jpg 239w\" sizes=\"auto, (max-width: 65px) 100vw, 65px\" \/>Krieg ist Frieden.<br \/>\nFreiheit ist Sklaverei.<br \/>\nIgnoranz ist St\u00e4rke.<\/em><\/p>\n<p style=\"text-align: left;\">\u2014 George Orwell, \u00bb1984\u00ab<\/p>\n<\/blockquote>\n<p>Auf dieses Zitat im Zusammenhang mit der Aufforderung der \u00bbdeutschen Kultur\u00ab, der Alpinibrigade <em>Tridentina<\/em> eine Brixner Stra\u00dfe zu widmen, hat mich unser <em>Beppi<\/em> gebracht. Laut einem <a title=\"Alto Adige: \u00bbVia Tridentina\u00ab, la cultura dice s\u00ec\" href=\"http:\/\/altoadige.gelocal.it\/cronaca\/2011\/05\/25\/news\/via-tridentina-la-cultura-dice-si-4283269\" target=\"_blank\" rel=\"noopener\">Artikel<\/a>, der vorgestern in der Tageszeitung <em>A. Adige<\/em> erschienen ist, sprechen sich Josef Gelmi (Theologe und Historiker), don Paolo Renner (stv. Vorsitzender der <em>Philosophisch-Theologischen Hochschule),<\/em> Denkmalpflegerin Waltraud Kofler Engl und <em>Jukas-<\/em>Direktor Peter Liensberger \u2014 mit teils erstaunlichen Argumenten \u2014 f\u00fcr eine solche Benennung \u00bbim Namen des Friedens\u00ab aus.<\/p>\n<p><strong><span style=\"font-family: Helvetica, Arial, sans-serif; text-transform: uppercase;\">C\u00ebla enghe:<\/span> <\/strong><a title=\"S\u00fcdtirols St\u00e4dte huldigen dem Milit\u00e4r.\" href=\"http:\/\/www.brennerbasisdemokratie.eu\/?p=4106\" target=\"_self\" rel=\"noopener\"><code>01<\/code><\/a> <a title=\"Milit\u00e4rstra\u00dfen-Proporz.\" href=\"http:\/\/www.brennerbasisdemokratie.eu\/?p=6775\" target=\"_self\" rel=\"noopener\"><code>02<\/code><\/a> <a title=\"Willkommen, Alpini.\" href=\"http:\/\/www.brennerbasisdemokratie.eu\/?p=642\" target=\"_self\" rel=\"noopener\"><code>03<\/code><\/a><\/p>","protected":false},"excerpt":{"rendered":"<p>Krieg ist Frieden. Freiheit ist Sklaverei. Ignoranz ist St\u00e4rke. \u2014 George Orwell, \u00bb1984\u00ab Auf dieses Zitat im Zusammenhang mit der Aufforderung der \u00bbdeutschen Kultur\u00ab, der Alpinibrigade Tridentina eine Brixner Stra\u00dfe zu widmen, hat mich unser Beppi gebracht. Laut einem Artikel, der vorgestern in der Tageszeitung A. Adige erschienen ist, sprechen sich Josef Gelmi (Theologe und [&hellip;]<\/p>","protected":false},"author":1,"featured_media":0,"comment_status":"open","ping_status":"open","sticky":false,"template":"","format":"standard","meta":{"_crdt_document":"","ngg_post_thumbnail":0,"_jetpack_memberships_contains_paid_content":false,"footnotes":""},"categories":[1],"tags":[],"class_list":["post-8055","post","type-post","status-publish","format-standard","hentry","category-allgemein","entity-alpini","issue-zitac","location-sudtirolo","language-deutsch","medium-aa","person-paolo-renner","topic-kunstcultura","topic-militar","topic-ortsnamen"],"jetpack_featured_media_url":"","jetpack_sharing_enabled":true,"_links":{"self":[{"href":"https:\/\/www.brennerbasisdemokratie.eu\/index.php?rest_route=\/wp\/v2\/posts\/8055","targetHints":{"allow":["GET"]}}],"collection":[{"href":"https:\/\/www.brennerbasisdemokratie.eu\/index.php?rest_route=\/wp\/v2\/posts"}],"about":[{"href":"https:\/\/www.brennerbasisdemokratie.eu\/index.php?rest_route=\/wp\/v2\/types\/post"}],"author":[{"embeddable":true,"href":"https:\/\/www.brennerbasisdemokratie.eu\/index.php?rest_route=\/wp\/v2\/users\/1"}],"replies":[{"embeddable":true,"href":"https:\/\/www.brennerbasisdemokratie.eu\/index.php?rest_route=%2Fwp%2Fv2%2Fcomments&post=8055"}],"version-history":[{"count":16,"href":"https:\/\/www.brennerbasisdemokratie.eu\/index.php?rest_route=\/wp\/v2\/posts\/8055\/revisions"}],"predecessor-version":[{"id":77194,"href":"https:\/\/www.brennerbasisdemokratie.eu\/index.php?rest_route=\/wp\/v2\/posts\/8055\/revisions\/77194"}],"wp:attachment":[{"href":"https:\/\/www.brennerbasisdemokratie.eu\/index.php?rest_route=%2Fwp%2Fv2%2Fmedia&parent=8055"}],"wp:term":[{"taxonomy":"category","embeddable":true,"href":"https:\/\/www.brennerbasisdemokratie.eu\/index.php?rest_route=%2Fwp%2Fv2%2Fcategories&post=8055"},{"taxonomy":"post_tag","embeddable":true,"href":"https:\/\/www.brennerbasisdemokratie.eu\/index.php?rest_route=%2Fwp%2Fv2%2Ftags&post=8055"}],"curies":[{"name":"wp","href":"https:\/\/api.w.org\/{rel}","templated":true}]}}