{"id":80572,"date":"2023-09-07T17:50:44","date_gmt":"2023-09-07T15:50:44","guid":{"rendered":"https:\/\/www.brennerbasisdemokratie.eu\/?p=80572"},"modified":"2025-10-01T22:44:04","modified_gmt":"2025-10-01T20:44:04","slug":"verknappter-debattenraum","status":"publish","type":"post","link":"https:\/\/www.brennerbasisdemokratie.eu\/?p=80572","title":{"rendered":"Verknappter Debattenraum."},"content":{"rendered":"<p>Die Diskussion zum geplanten \u00dcberflug der <em>Frecce Tricolori<\/em> ist wieder einmal ganz typisch f\u00fcr S\u00fcdtirol: Harald <a title=\"Die Stimmungsmache des Harald Stauder.\" href=\"https:\/\/www.brennerbasisdemokratie.eu\/?p=77004\" rel=\"\"><em>\u00bbdas wird man doch wohl noch sagen d\u00fcrfen\u00ab<\/em><\/a> Stauder (<abbr title=\"S\u00fcdtiroler Volkspartei\">SVP<\/abbr>), der sich der <a title=\"Nein zum rechtsextremen Burschenschaftstreffen in Algund!\" href=\"https:\/\/www.brennerbasisdemokratie.eu\/?p=78820\" rel=\"\">rechtsextremen <em>Deutschen Burschenschaft<\/em><\/a> anbiedert, <a title=\"Stauder und die Frecce.\" href=\"https:\/\/www.brennerbasisdemokratie.eu\/?p=80531\" rel=\"\">fordert<\/a> die Absage der Flugshow, weil S\u00fcdtirol ein ethnisch sensibles Land sei. Marco Galateo (<abbr title=\"Fratelli d\u2019Italia\">FdI<\/abbr>) von den neofaschistischen <em>Fratelli<\/em> <a title=\"L\u2019orgoglio nazionale imposto.\" href=\"https:\/\/www.brennerbasisdemokratie.eu\/?p=80563\" rel=\"\">gibt sich emp\u00f6rt<\/a> und will den S\u00fcdtirolerinnen den italienischen Nationalstolz aufzwingen.<\/p>\n<p>Und schon findet auch diese Debatte fast ausschlie\u00dflich auf der Achse \u00bbdeutscher\u00ab Nationalismus versus \u00bbitalienischer\u00ab Nationalismus statt. Der Versuch einer grafischen Darstellung, wobei die Farben zuf\u00e4llig gew\u00e4hlt sind:<\/p>\n<blockquote><p><img loading=\"lazy\" decoding=\"async\" class=\"size-full wp-image-80583 aligncenter\" src=\"https:\/\/www.brennerbasisdemokratie.eu\/wp-content\/uploads\/2023\/09\/debattenraum-frecce-verknappt.png\" alt=\"\" width=\"1537\" height=\"1105\" srcset=\"https:\/\/www.brennerbasisdemokratie.eu\/wp-content\/uploads\/2023\/09\/debattenraum-frecce-verknappt.png 1537w, https:\/\/www.brennerbasisdemokratie.eu\/wp-content\/uploads\/2023\/09\/debattenraum-frecce-verknappt-768x552.png 768w, https:\/\/www.brennerbasisdemokratie.eu\/wp-content\/uploads\/2023\/09\/debattenraum-frecce-verknappt-1200x863.png 1200w\" sizes=\"auto, (max-width: 1537px) 100vw, 1537px\" \/><\/p><\/blockquote>\n<p><em><small>Fig. 1<\/small><\/em><\/p>\n<p><em>Gr\u00fcne<\/em> und Linke positionieren sich zu dem Thema gar nicht, weil sie bef\u00fcrchten, sich dann irgendwo auf dieser Achse einordnen zu m\u00fcssen. Ergreifen sie nicht Partei, begeben sie sich aber auf die Seite des St\u00e4rkeren \u2014 hei\u00dft: des <a title=\"Banaler Nationalismus.\" href=\"https:\/\/www.brennerbasisdemokratie.eu\/?p=66863\" rel=\"\">banalen Nationalismus<\/a>, der sich nicht rechtfertigen muss.<\/p>\n<p>Im konkreten Fall ist erstaunlich, dass etwa die <em>Gr\u00fcnen<\/em> \u00f6ffentlich wahrnehmbar nicht einmal das naheliegende Argument des Umwelt- und Klimaschutzes in die Debatte einbringen, weil sie vermutlich Angst haben, dass man selbst dies nur als Vorwand f\u00fcr die Unterst\u00fctzung des einen zu lasten des anderen Nationalismus aufnehmen k\u00f6nnte. Im verknappten Debattenraum w\u00fcrden man sie dann irgendwo bei Harald Stauder einreihen (vgl. Fig. 3 links).<\/p>\n<p>Doch der Raum f\u00fcr die Debatte k\u00f6nnte auch viel gr\u00f6\u00dfer sein, wenn man zum Beispiel neben dem deutschen und dem italienischen Nationalismus auch antinationalistische Positionen ber\u00fccksichtigt:<\/p>\n<blockquote><p><img loading=\"lazy\" decoding=\"async\" class=\"alignnone size-full wp-image-80584\" src=\"https:\/\/www.brennerbasisdemokratie.eu\/wp-content\/uploads\/2023\/09\/debattenraum-frecce-erweitert.png\" alt=\"\" width=\"950\" height=\"940\" srcset=\"https:\/\/www.brennerbasisdemokratie.eu\/wp-content\/uploads\/2023\/09\/debattenraum-frecce-erweitert.png 950w, https:\/\/www.brennerbasisdemokratie.eu\/wp-content\/uploads\/2023\/09\/debattenraum-frecce-erweitert-768x760.png 768w\" sizes=\"auto, (max-width: 950px) 100vw, 950px\" \/><\/p><\/blockquote>\n<p><em><small>Fig. 2<\/small><\/em><\/p>\n<p>Das wird der Realit\u00e4t in Bezug auf die ber\u00fccksichtigten Achsen n\u00e4mlich schon deutlich gerechter. In das hier oben skizzierte, vervollst\u00e4ndigte Spektrum kann man sich auch alternativ zu den beiden Nationalismen einordnen.<\/p>\n<p>Das w\u00fcrde es dann gestatten, auf weiteren \u00bbAchsen\u00ab auch andere Themen wie die schon genannte \u00d6kologie oder auch die unn\u00f6tige Geldverschwendung<sup class=\"modern-footnotes-footnote modern-footnotes-footnote--hover-on-desktop \" data-mfn=\"1\" data-mfn-post-scope=\"00000000000007e30000000000000000_80572\"><a href=\"javascript:void(0)\"  role=\"button\" aria-pressed=\"false\" aria-describedby=\"mfn-content-00000000000007e30000000000000000_80572-1\">1<\/a><\/sup><span id=\"mfn-content-00000000000007e30000000000000000_80572-1\" role=\"tooltip\" class=\"modern-footnotes-footnote__note\" tabindex=\"0\" data-mfn=\"1\">rund zwei Millionen Euro soll ein Auftritt der nationalistischen Kunstflugstaffel kosten<\/span> zu bearbeiten, ohne deswegen notwendigerweise irgendwo zwischen Galateo und Stauder zu landen (Fig. 3 rechts):<\/p>\n<blockquote><p><img loading=\"lazy\" decoding=\"async\" class=\"alignnone size-full wp-image-80591\" src=\"https:\/\/www.brennerbasisdemokratie.eu\/wp-content\/uploads\/2023\/09\/debattenraum-frecce-zusaetzliche.png\" alt=\"\" width=\"950\" height=\"576\" srcset=\"https:\/\/www.brennerbasisdemokratie.eu\/wp-content\/uploads\/2023\/09\/debattenraum-frecce-zusaetzliche.png 950w, https:\/\/www.brennerbasisdemokratie.eu\/wp-content\/uploads\/2023\/09\/debattenraum-frecce-zusaetzliche-768x466.png 768w\" sizes=\"auto, (max-width: 950px) 100vw, 950px\" \/><\/p><\/blockquote>\n<p><em><small>Fig. 3<\/small><\/em><\/p>\n<p><strong><span style=\"font-family: Helvetica, Arial, sans-serif; text-transform: uppercase;\">C\u00ebla enghe:<\/span><\/strong> <a title=\"Ethnos vs. Demos.\" href=\"https:\/\/www.brennerbasisdemokratie.eu\/?p=22816\" rel=\"\"><code>01<\/code><\/a> <span style=\"font-family: Helvetica, Arial, sans-serif; font-weight: normal;\">||<\/span> <a title=\"Frecce: Alles hat wieder seine (Unter-)Ordnung.\" href=\"https:\/\/www.brennerbasisdemokratie.eu\/?p=80658\" rel=\"\"><span style=\"color:#ff8c00; text-decoration:underline; text-decoration-color:#ff8c00; text-decoration-thickness:3px;\"><code>01<\/code><\/span><\/a> <a title=\"Obermairs antinationalistische Kritik an den Frecce.\" href=\"https:\/\/www.brennerbasisdemokratie.eu\/?p=80987\" rel=\"\"><span style=\"color:#ff8c00; text-decoration:underline; text-decoration-color:#ff8c00; text-decoration-thickness:3px;\"><code>02<\/code><\/span><\/a> <a title=\"K\u00e4se nach Schema F abgearbeitet.\" href=\"https:\/\/www.brennerbasisdemokratie.eu\/?p=84232\"><span style=\"color: #ff8c00\"><code>03<\/code><\/span><\/a><\/p>\n<ul class=\"modern-footnotes-list modern-footnotes-list--show-only-for-print\"><li><span>1<\/span><div>rund zwei Millionen Euro soll ein Auftritt der nationalistischen Kunstflugstaffel kosten<\/div><\/li><\/ul>","protected":false},"excerpt":{"rendered":"<p>Die Diskussion zum geplanten \u00dcberflug der Frecce Tricolori ist wieder einmal ganz typisch f\u00fcr S\u00fcdtirol: Harald \u00bbdas wird man doch wohl noch sagen d\u00fcrfen\u00ab Stauder (SVP), der sich der rechtsextremen Deutschen Burschenschaft anbiedert, fordert die Absage der Flugshow, weil S\u00fcdtirol ein ethnisch sensibles Land sei. Marco Galateo (FdI) von den neofaschistischen Fratelli gibt sich emp\u00f6rt [&hellip;]<\/p>","protected":false},"author":1,"featured_media":0,"comment_status":"open","ping_status":"open","sticky":false,"template":"","format":"standard","meta":{"_crdt_document":"","ngg_post_thumbnail":0,"_jetpack_memberships_contains_paid_content":false,"footnotes":""},"categories":[1],"tags":[],"class_list":["post-80572","post","type-post","status-publish","format-standard","hentry","category-allgemein","entity-fdi","entity-svp","entity-verc","issue-banalnationalism","location-sudtirolo","language-deutsch","person-harald-stauder","person-marco-galateo","topic-colonialismi","topic-ecologia","topic-militar","topic-nationalismus","topic-politik","topic-symbolik"],"jetpack_featured_media_url":"","jetpack_sharing_enabled":true,"_links":{"self":[{"href":"https:\/\/www.brennerbasisdemokratie.eu\/index.php?rest_route=\/wp\/v2\/posts\/80572","targetHints":{"allow":["GET"]}}],"collection":[{"href":"https:\/\/www.brennerbasisdemokratie.eu\/index.php?rest_route=\/wp\/v2\/posts"}],"about":[{"href":"https:\/\/www.brennerbasisdemokratie.eu\/index.php?rest_route=\/wp\/v2\/types\/post"}],"author":[{"embeddable":true,"href":"https:\/\/www.brennerbasisdemokratie.eu\/index.php?rest_route=\/wp\/v2\/users\/1"}],"replies":[{"embeddable":true,"href":"https:\/\/www.brennerbasisdemokratie.eu\/index.php?rest_route=%2Fwp%2Fv2%2Fcomments&post=80572"}],"version-history":[{"count":17,"href":"https:\/\/www.brennerbasisdemokratie.eu\/index.php?rest_route=\/wp\/v2\/posts\/80572\/revisions"}],"predecessor-version":[{"id":94988,"href":"https:\/\/www.brennerbasisdemokratie.eu\/index.php?rest_route=\/wp\/v2\/posts\/80572\/revisions\/94988"}],"wp:attachment":[{"href":"https:\/\/www.brennerbasisdemokratie.eu\/index.php?rest_route=%2Fwp%2Fv2%2Fmedia&parent=80572"}],"wp:term":[{"taxonomy":"category","embeddable":true,"href":"https:\/\/www.brennerbasisdemokratie.eu\/index.php?rest_route=%2Fwp%2Fv2%2Fcategories&post=80572"},{"taxonomy":"post_tag","embeddable":true,"href":"https:\/\/www.brennerbasisdemokratie.eu\/index.php?rest_route=%2Fwp%2Fv2%2Ftags&post=80572"}],"curies":[{"name":"wp","href":"https:\/\/api.w.org\/{rel}","templated":true}]}}