{"id":8074,"date":"2011-05-29T21:53:31","date_gmt":"2011-05-29T19:53:31","guid":{"rendered":"http:\/\/www.brennerbasisdemokratie.eu\/?p=8074"},"modified":"2019-06-19T09:50:49","modified_gmt":"2019-06-19T07:50:49","slug":"storia-ed-esempio","status":"publish","type":"post","link":"https:\/\/www.brennerbasisdemokratie.eu\/?p=8074","title":{"rendered":"Storia ed esempio."},"content":{"rendered":"<!-- Snippets by WebberZone Snippetz --><div class=\"ata_snippets\"><hr style=\"height: 20px; border: none; margin-top: 0em; background-color: darkred;\"\/><\/div><p><em>di Fabio Rigali<\/em><\/p>\n<p>Dopo aver letto l&#8217;articolo <em>\u00abVia Tridentina\u00bb <\/em>sull&#8217;Alto Adige del 15 maggio sono stato preso dallo sconforto: trovo francamente imbarazzante sia la logica ad esso sottesa, sia le argomentazioni. Per legittimare l&#8217;intitolazione di una via alla brigata <em>\u201cTridentina\u201d\u009d<\/em> si \u00e8 infatti ricorsi all&#8217;espediente puerile di raccogliere pareri favorevoli tra i cittadini \u201ctedeschi\u201d\u009d, confermando implicitamente l&#8217;impostazione strettamente etnico-nazionalista della discussione. Ma purtroppo lo si \u00e8 fatto anche esplicitamente, ventilando la tesi che il gruppo linguistico italiano si identifichi con un corpo militare e che la cosa non debba costituire nulla di strano: si tratta di un&#8217;anomalia mostruosa ed il fatto che molti cittadini degli altri gruppi vi si siano abituati, non la rende di una virgola pi\u00f9 accettabile. Mi vengono in mente le grandi parate novecentesche in cui i popoli europei giubilavano al passaggio del loro esercito, ritenuto \u201cl&#8217;orgoglio della nazione\u201d\u009d: militarismo e nazionalismo questo, in sostanza, sarebbe in Sudtirolo il vero<em> \u201ccompromesso per la convivenza\u201d\u009d<\/em>.<\/p>\n<p>Dietro la sublimazione dei fasti delle parate, delle belle uniformi e delle mostrine si cela per\u00f2, oggi come ieri, la cruda realt\u00e0 della guerra, che oggi sempre pi\u00f9 spesso viene ribattezzata \u201cmissione di pace\u201d\u009d, a condizione che gli spari, le bombe, il sangue ed i corpi straziati siano lontani dai nostri occhi. E&#8217; questo l&#8217;altro argomento che non condivido: si sottolinea pi\u00f9 volte come gli alpini siano, quasi a priori, una forza di pace; lo sarebbero se avessero dei fucili a salve e se non si trovassero impegnati a migliaia di chilometri da casa loro in vari teatri di guerra. Pare invece che proprio la brigata <em>\u201cTridentina\u201d\u009d<\/em> fosse impegnata attivamente in vari conflitti, tra cui anche l&#8217;aggressione dell&#8217;URSS a fianco dei nazisti; storia, si dir\u00e0, e pertanto degna di essere ricordata. Non voglio rubare il mestiere agli storici, ma trovo che tra memoria e celebrazione debba essere mantenuta una linea riconoscibile. Ritengo poi che alcuni esempi siano pi\u00f9 validi di altri, anche se nella storia, come nella vita, non tutti gli attori si prestano ad essere catalogati senz&#8217;altro in buoni e cattivi. Con questo voglio dire che, nonostante sicuramente moltissimi alpini avranno prestato servizio secondo i migliori ideali, la brigata nell&#8217;insieme non si delinea come chiaro esempio di <em>\u201cfunzione di pace\u201d\u009d<\/em>, come vuol farci credere l&#8217;Alto Adige.<\/p>\n<p>Pertanto la mia controproposta, posto che si voglia ricordare dei soldati, \u00e8 quella di intitolare piuttosto la via all&#8217; <em>SS-Polizeiregiment \u201cBrixen\u201d\u009d<\/em> che, a dispetto del nome, essendo in gran parte formato da Dableiber e cattolici convinti, si rifiut\u00f2 coraggiosamente di giurare fedelt\u00e0 a Hitler. Ironia del destino, anche questo reggimento fin\u00ec a combattere sul fronte sovietico, come la <em>\u201cTridentina\u201d\u009d<\/em>; in questo caso si tratt\u00f2 per\u00f2 di una dura punizione per la fedelt\u00e0 rifiutata: male equipaggiati e peggio armati, questi soldati pagarono a carissimo prezzo la loro scelta etica. E&#8217; una storia edificante che pochissimi sanno e che, ritengo, meriterebbe di essere approfondita, raccontata e celebrata molto di pi\u00f9 di altre. Ma non mi faccio illusioni a riguardo: so gi\u00e0 che la mia opinione verr\u00e0 letta attraverso la lente etnica ed incasellata nello spazio riservato a quelli che sono <em>\u201cdi lingua italiana e Sch\u00fctzen\u201d.<\/em><\/p>\n<p><strong><span style=\"font-family: Helvetica, Arial, sans-serif; text-transform: uppercase;\">C\u00ebla enghe:<\/span><\/strong> <a title=\"Milit\u00e4rstra\u00dfen-Proporz.\" href=\"http:\/\/www.brennerbasisdemokratie.eu\/?p=6775\"><code>01<\/code><\/a><\/p>\n<!-- Snippets by WebberZone Snippetz --><div class=\"ata_snippets\"><hr style=\"height: 10px;border: none;margin-top: 0px;background-color: darkred\" \/>\r\n\r\n<div style=\"background-color: none;padding: 0px;font-size: 14px;font-family: Helvetica,Arial;margin: 10px 0px 0px 0px\"><span style=\"color: darkred\"><strong><small>Autor:innen- und Gastbeitr\u00e4ge widerspiegeln nicht notwendigerweise die Meinung oder die Position von BBD, so wie die jeweiligen Verfasser:innen nicht notwendigerweise die Ziele von BBD unterst\u00fctzen.<\/small><\/strong><small>\u00b7 I contributi esterni non necessariamente riflettono le opinioni o la posizione di BBD, come a loro volta le autrici\/gli autori non necessariamente condividono gli obiettivi di BBD. \u2014 <a href=\"http:\/\/www.brennerbasisdemokratie.eu\/?page_id=11356#copyleft\"><strong>\u00a9<\/strong><\/a><\/small><\/span><\/div><\/div>","protected":false},"excerpt":{"rendered":"<p>di Fabio Rigali Dopo aver letto l&#8217;articolo \u00abVia Tridentina\u00bb sull&#8217;Alto Adige del 15 maggio sono stato preso dallo sconforto: trovo francamente imbarazzante sia la logica ad esso sottesa, sia le argomentazioni. Per legittimare l&#8217;intitolazione di una via alla brigata \u201cTridentina\u201d\u009d si \u00e8 infatti ricorsi all&#8217;espediente puerile di raccogliere pareri favorevoli tra i cittadini \u201ctedeschi\u201d\u009d, confermando [&hellip;]<\/p>","protected":false},"author":10,"featured_media":0,"comment_status":"open","ping_status":"open","sticky":false,"template":"","format":"standard","meta":{"_crdt_document":"","ngg_post_thumbnail":0,"_jetpack_memberships_contains_paid_content":false,"footnotes":""},"categories":[14,1],"tags":[],"class_list":["post-8074","post","type-post","status-publish","format-standard","hentry","category-autorinnen","category-allgemein","entity-alpini","entity-schutzen","language-italiano","medium-aa","person-fabio-rigali","topic-faschismen","topic-medien","topic-militar"],"jetpack_featured_media_url":"","jetpack_sharing_enabled":true,"_links":{"self":[{"href":"https:\/\/www.brennerbasisdemokratie.eu\/index.php?rest_route=\/wp\/v2\/posts\/8074","targetHints":{"allow":["GET"]}}],"collection":[{"href":"https:\/\/www.brennerbasisdemokratie.eu\/index.php?rest_route=\/wp\/v2\/posts"}],"about":[{"href":"https:\/\/www.brennerbasisdemokratie.eu\/index.php?rest_route=\/wp\/v2\/types\/post"}],"author":[{"embeddable":true,"href":"https:\/\/www.brennerbasisdemokratie.eu\/index.php?rest_route=\/wp\/v2\/users\/10"}],"replies":[{"embeddable":true,"href":"https:\/\/www.brennerbasisdemokratie.eu\/index.php?rest_route=%2Fwp%2Fv2%2Fcomments&post=8074"}],"version-history":[{"count":8,"href":"https:\/\/www.brennerbasisdemokratie.eu\/index.php?rest_route=\/wp\/v2\/posts\/8074\/revisions"}],"predecessor-version":[{"id":45415,"href":"https:\/\/www.brennerbasisdemokratie.eu\/index.php?rest_route=\/wp\/v2\/posts\/8074\/revisions\/45415"}],"wp:attachment":[{"href":"https:\/\/www.brennerbasisdemokratie.eu\/index.php?rest_route=%2Fwp%2Fv2%2Fmedia&parent=8074"}],"wp:term":[{"taxonomy":"category","embeddable":true,"href":"https:\/\/www.brennerbasisdemokratie.eu\/index.php?rest_route=%2Fwp%2Fv2%2Fcategories&post=8074"},{"taxonomy":"post_tag","embeddable":true,"href":"https:\/\/www.brennerbasisdemokratie.eu\/index.php?rest_route=%2Fwp%2Fv2%2Ftags&post=8074"}],"curies":[{"name":"wp","href":"https:\/\/api.w.org\/{rel}","templated":true}]}}