{"id":80883,"date":"2023-09-20T23:10:19","date_gmt":"2023-09-20T21:10:19","guid":{"rendered":"https:\/\/www.brennerbasisdemokratie.eu\/?p=80883"},"modified":"2025-06-11T13:23:56","modified_gmt":"2025-06-11T11:23:56","slug":"der-regierungspartner-bei-marine-le-pen","status":"publish","type":"post","link":"https:\/\/www.brennerbasisdemokratie.eu\/?p=80883","title":{"rendered":"Der Regierungspartner bei Marine Le Pen."},"content":{"rendered":"<p>Im Oktober 2019 waren sie schon <a title=\"Die Landesr\u00e4te mit CasaPound.\" href=\"https:\/\/www.brennerbasisdemokratie.eu\/?p=51812\" rel=\"\">gemeinsam mit der offen faschistischen <em>CasaPound<\/em> auf einer Veranstaltung in Rom<\/a>, warum also diesmal nicht zum Fest der eigenen Partei nach Pontida fahren, wo neben Matteo Salvini auch Marine Le Pen auftrat? Gleich und gleich gesellt sich bekanntlich gern. Die Rede ist von den S\u00fcdtiroler Landesr\u00e4ten Massimo Bessone und Giuliano Vettorato sowie von der Pr\u00e4sidentin des S\u00fcdtiroler Landtags Rita Mattei (alle <em>Lega).<\/em><em><br \/>\n<\/em><\/p>\n<blockquote><p><img loading=\"lazy\" decoding=\"async\" class=\"size-full wp-image-80885 aligncenter\" src=\"https:\/\/www.brennerbasisdemokratie.eu\/wp-content\/uploads\/2023\/09\/tweet_marinelepen-pontida.png\" alt=\"\" width=\"950\" height=\"993\" srcset=\"https:\/\/www.brennerbasisdemokratie.eu\/wp-content\/uploads\/2023\/09\/tweet_marinelepen-pontida.png 950w, https:\/\/www.brennerbasisdemokratie.eu\/wp-content\/uploads\/2023\/09\/tweet_marinelepen-pontida-768x803.png 768w\" sizes=\"auto, (max-width: 950px) 100vw, 950px\" \/><\/p><\/blockquote>\n<p>Kollege Carlo Vettori, der im September 2019 noch dabei war, <a title=\"Antisemitismus in Pontida.\" href=\"https:\/\/www.brennerbasisdemokratie.eu\/?p=51020\" rel=\"\">als es in Pontida sogar zu einem antisemitischen \u00dcbergriff gekommen war<\/a>, hat 2021 die Partei verlassen und <a title=\"Vettori wirbt mit abgewandeltem Motto der Faschisten.\" href=\"https:\/\/www.brennerbasisdemokratie.eu\/?p=80675\" rel=\"\">klopft inzwischen lieber bei <em>Forza Italia<\/em> faschistische Spr\u00fcche.<\/a><\/p>\n<blockquote><p><img loading=\"lazy\" decoding=\"async\" class=\"size-full wp-image-80890 aligncenter\" src=\"https:\/\/www.brennerbasisdemokratie.eu\/wp-content\/uploads\/2023\/09\/fb_ritamattei-pontida.png\" alt=\"\" width=\"950\" height=\"1156\" srcset=\"https:\/\/www.brennerbasisdemokratie.eu\/wp-content\/uploads\/2023\/09\/fb_ritamattei-pontida.png 950w, https:\/\/www.brennerbasisdemokratie.eu\/wp-content\/uploads\/2023\/09\/fb_ritamattei-pontida-768x935.png 768w\" sizes=\"auto, (max-width: 950px) 100vw, 950px\" \/><\/p><\/blockquote>\n<p>Verantwortlich daf\u00fcr, dass derartige Extremistinnen v\u00f6llig unn\u00f6tig in der Landesregierung (Vettorato und Bessone), im Landtagspr\u00e4sidium (Mattei) und in der Regierungsmehrheit (Vettori) sitzen, ist \u2014 neben denen, die diese Leute 2018 gew\u00e4hlt hatten \u2014 vor allem die <abbr title=\"S\u00fcdtiroler Volkspartei\">SVP<\/abbr>. Sie hat <a title=\"LH schlie\u00dft Koalition mit FdI nicht aus.\" href=\"https:\/\/www.brennerbasisdemokratie.eu\/?p=77648\" rel=\"\">keinerlei Ber\u00fchrungs\u00e4ngste<\/a> und kein Gesp\u00fcr f\u00fcr demokratische Grundwerte mehr. Eine j\u00fcngfr\u00e4uliche S\u00fcdtiroler <em>Lega,<\/em> die man von der staatsweiten Partei entkoppeln und gesondert betrachten k\u00f6nnte, ist ein reiner Wunschtraum. Daran lassen Bessone, Vettorato und Mattei auch keinerlei Zweifel aufkommen.<\/p>\n<p><strong><span style=\"font-family: Helvetica, Arial, sans-serif; text-transform: uppercase;\">C\u00ebla enghe:<\/span><\/strong> <a title=\"Die Lega und das Faschonetzwerk.\" href=\"https:\/\/www.brennerbasisdemokratie.eu\/?p=68297\" rel=\"\"><code>01<\/code><\/a> <a title=\"Neonazis kapern Mail\u00e4nder Lega.\" href=\"https:\/\/www.brennerbasisdemokratie.eu\/?p=68342\" rel=\"\"><code>02<\/code><\/a> <a title=\"Spulciando Massimo Bessone.\" href=\"https:\/\/www.brennerbasisdemokratie.eu\/?p=43656\" rel=\"\"><code>03<\/code><\/a> <span style=\"font-family: Helvetica, Arial, sans-serif; font-weight: normal;\">||<\/span> <a title=\"Staatsrat: Marine Le Pen ist eine Rechtsextremstin.\" href=\"https:\/\/www.brennerbasisdemokratie.eu\/?p=80932\"><span style=\"color: #ff8c00\"><code>01<\/code><\/span><\/a> <a title=\"Unter Rechtsextremen: Gecancelte AfD.\" href=\"https:\/\/www.brennerbasisdemokratie.eu\/?p=85869\"><span style=\"color: #ff8c00\"><code>02<\/code><\/span><\/a><\/p>","protected":false},"excerpt":{"rendered":"<p>Im Oktober 2019 waren sie schon gemeinsam mit der offen faschistischen CasaPound auf einer Veranstaltung in Rom, warum also diesmal nicht zum Fest der eigenen Partei nach Pontida fahren, wo neben Matteo Salvini auch Marine Le Pen auftrat? Gleich und gleich gesellt sich bekanntlich gern. Die Rede ist von den S\u00fcdtiroler Landesr\u00e4ten Massimo Bessone und [&hellip;]<\/p>","protected":false},"author":1,"featured_media":0,"comment_status":"open","ping_status":"open","sticky":false,"template":"","format":"standard","meta":{"_crdt_document":"","ngg_post_thumbnail":0,"_jetpack_memberships_contains_paid_content":false,"footnotes":""},"categories":[1],"tags":[],"class_list":["post-80883","post","type-post","status-publish","format-standard","hentry","category-allgemein","entity-landesregierung","entity-lega","entity-pdl","entity-rn","entity-sudtiroler-landtag","entity-svp","issue-landtagswahl-2018","location-italy","location-sudtirolo","language-deutsch","medium-socialmedia","person-carlo-vettori","person-giuliano-vettorato","person-massimo-bessone","person-matteo-salvini","person-rita-mattei","topic-antisemitismus","topic-faschismen","topic-politik","topic-racism"],"jetpack_featured_media_url":"","jetpack_sharing_enabled":true,"_links":{"self":[{"href":"https:\/\/www.brennerbasisdemokratie.eu\/index.php?rest_route=\/wp\/v2\/posts\/80883","targetHints":{"allow":["GET"]}}],"collection":[{"href":"https:\/\/www.brennerbasisdemokratie.eu\/index.php?rest_route=\/wp\/v2\/posts"}],"about":[{"href":"https:\/\/www.brennerbasisdemokratie.eu\/index.php?rest_route=\/wp\/v2\/types\/post"}],"author":[{"embeddable":true,"href":"https:\/\/www.brennerbasisdemokratie.eu\/index.php?rest_route=\/wp\/v2\/users\/1"}],"replies":[{"embeddable":true,"href":"https:\/\/www.brennerbasisdemokratie.eu\/index.php?rest_route=%2Fwp%2Fv2%2Fcomments&post=80883"}],"version-history":[{"count":10,"href":"https:\/\/www.brennerbasisdemokratie.eu\/index.php?rest_route=\/wp\/v2\/posts\/80883\/revisions"}],"predecessor-version":[{"id":86688,"href":"https:\/\/www.brennerbasisdemokratie.eu\/index.php?rest_route=\/wp\/v2\/posts\/80883\/revisions\/86688"}],"wp:attachment":[{"href":"https:\/\/www.brennerbasisdemokratie.eu\/index.php?rest_route=%2Fwp%2Fv2%2Fmedia&parent=80883"}],"wp:term":[{"taxonomy":"category","embeddable":true,"href":"https:\/\/www.brennerbasisdemokratie.eu\/index.php?rest_route=%2Fwp%2Fv2%2Fcategories&post=80883"},{"taxonomy":"post_tag","embeddable":true,"href":"https:\/\/www.brennerbasisdemokratie.eu\/index.php?rest_route=%2Fwp%2Fv2%2Ftags&post=80883"}],"curies":[{"name":"wp","href":"https:\/\/api.w.org\/{rel}","templated":true}]}}