{"id":80940,"date":"2023-09-24T12:02:44","date_gmt":"2023-09-24T10:02:44","guid":{"rendered":"https:\/\/www.brennerbasisdemokratie.eu\/?p=80940"},"modified":"2023-09-27T14:18:44","modified_gmt":"2023-09-27T12:18:44","slug":"zum-tod-von-giorgio-napolitano","status":"publish","type":"post","link":"https:\/\/www.brennerbasisdemokratie.eu\/?p=80940","title":{"rendered":"Zum Tod von Giorgio Napolitano."},"content":{"rendered":"<p>Vorgestern ist der ehemalige italienische Staatspr\u00e4sident Giorgio Napolitano (98) verstorben. Nicht erst seitdem wird er als gro\u00dfer Autonomief\u00fcrsprecher und <a title=\"Des einen Freund, des anderen\u2026\" href=\"https:\/\/www.brennerbasisdemokratie.eu\/?p=18339\" rel=\"\">Freund<\/a> S\u00fcdtirols bezeichnet, dem unser Land besonders viel verdanke \u2014 auch von denen, die sich nach dem Ableben von Silvio Berlusconi <a title=\"LH r\u00fcgt Julia Unterberger f\u00fcr Kritik an Berlusconi.\" href=\"https:\/\/www.brennerbasisdemokratie.eu\/?p=78946\" rel=\"\">nicht gescheut hatten<\/a>, auf die negativen Aspekte seines Handelns zu verweisen. Klar, zwischen den beiden M\u00e4nnern liegen Welten, dennoch w\u00e4re auch diesmal ein klein wenig Haltung w\u00fcnschenswert gewesen.<\/p>\n<p>Arno Kompatscher (<abbr title=\"S\u00fcdtiroler Volkspartei\">SVP<\/abbr>) bezeichnete Napolitano jetzt sogar als \u00bbBesonderen unter den Besonderen\u00ab, so wie Napolitano auch stets die Sonderstellung S\u00fcdtirols als besondere unter den Sonderautonomien hervorgehoben habe. Wie den meisten anderen fallen aber auch dem Landeshauptmann vor allem zwei Dinge ein, die der ehemalige Staatspr\u00e4sident \u00bbgeleistet\u00ab hat:<\/p>\n<ul>\n<li>Er war pers\u00f6nlich bei der Entfernung des Grenzbalkens am Brenner anwesend, die wir aber dem europ\u00e4ischen Einigungsprozess verdanken.<\/li>\n<li>Er hat den S\u00fcdtiroler Sch\u00fctzen das Tragen historischer, unscharf gemachter Waffen genehmigt.<\/li>\n<\/ul>\n<p>Beides sind zwar nette, aber doch eher symbolische Gesten, die noch in seine Zeit als Innenminister fallen.<\/p>\n<p>Zum Ausgleich f\u00fcr all die Lobhudelei der letzten Tage m\u00f6chte ich jedoch auch daran erinnern, dass er<\/p>\n<ul>\n<li>den Ausbau der Autonomie stets h\u00f6chstens in hom\u00f6opathischer Dosis mitgetragen, als Staatspr\u00e4sident aber zum Beispiel jede noch so gro\u00dfe Schweinerei von Mario Monti \u2014 den er ausgew\u00e4hlt hatte \u2014 beurkundet hat, als dieser mit der Axt \u00fcber unsere Zust\u00e4ndigkeiten hergefallen ist;<\/li>\n<li>in wichtigen Fragen der S\u00fcdtirolautonomie nie m\u00e4\u00dfigend gegen\u00fcber ultranationalistischen Tendenzen eingegriffen hat;<\/li>\n<li>das <a title=\"Unbequeme Forderungen in einer reifen Demokratie.\" href=\"https:\/\/www.brennerbasisdemokratie.eu\/?p=80552\" rel=\"\">undemokratische<\/a> Dogma der staatlichen Unteilbarkeit niemals kritisch hinterfragt hat, und zwar weder vor noch w\u00e4hrend oder nach seiner Amtszeit als Staatspr\u00e4sident;<\/li>\n<li>sich wie alle seine Vorg\u00e4nger <a title=\"4N: Vergessener Dank.\" href=\"https:\/\/www.brennerbasisdemokratie.eu\/?p=43887\" rel=\"\">niemals f\u00fcr die Untaten und Verbrechen des italienischen Staates bei S\u00fcdtirol entschuldigt<\/a> hat, selbst dann nicht, als er mit dem Verdienstorden des Landes ausgezeichnet wurde;<\/li>\n<li>die S\u00fcdtirolerinnen daf\u00fcr jedoch 2011 in geradezu kolonialistischer Manier dazu aufgefordert hat, <a title=\"Egregio Presidente Napolitano\u2026\" href=\"https:\/\/www.brennerbasisdemokratie.eu\/?p=7087\" rel=\"\">sich an den 150-Jahr-Feierlichkeiten zu beteiligen<\/a> und sich endlich mit Italien zu identifizieren;<\/li>\n<li>keinerlei Verst\u00e4ndnis f\u00fcr die ablehnende Haltung der Landespolitik in dieser Sache gezeigt hat;<\/li>\n<li>wenige Jahre sp\u00e4ter sogar <a title=\"Entscheidung f\u00fcr Italien?\" href=\"https:\/\/www.brennerbasisdemokratie.eu\/?p=21633\" rel=\"\">behauptet hat<\/a>, S\u00fcdtirol habe sich f\u00fcr die Zugeh\u00f6rigkeit zu Italien entschieden, obschon dem Land und seinen B\u00fcrgerinnen eine freie und demokratische Entscheidung \u00fcber den Verbleib bei Italien stets verwehrt wurde;<\/li>\n<li>sich regelm\u00e4\u00dfig \u00fcber die St\u00e4rkung des italienischen Nationalgef\u00fchls gefreut und diesen auch selbst befeuert hat (vgl. <a title=\"Ancien R\u00e9gime.\" href=\"https:\/\/www.brennerbasisdemokratie.eu\/?p=19445\" rel=\"\"><code>01<\/code><\/a> <a title=\"Napolitano und Fu\u00dfballsiege.\" href=\"https:\/\/www.brennerbasisdemokratie.eu\/?p=11700\" rel=\"\"><code>02<\/code><\/a>), womit auch er letztendlich zur immer weiteren Verschiebung des politischen Diskurses <a title=\"Nach rechts verschobene Politlandschaft.\" href=\"https:\/\/www.brennerbasisdemokratie.eu\/?p=78597\" rel=\"\">nach rechts<\/a> beigetragen hat;<\/li>\n<li>im \u00dcbrigen durch seine \u00e4u\u00dferst fragw\u00fcrdige Haltung und geschichtsrevisionistische \u00c4u\u00dferungen der <a title=\"Foibe: Ricordo neofascista.\" href=\"https:\/\/www.brennerbasisdemokratie.eu\/?p=67546\" rel=\"\">Karsth\u00f6hlenerz\u00e4hlung der extremen Rechten<\/a> zum Durchbruch verholfen hat.<sup class=\"modern-footnotes-footnote modern-footnotes-footnote--hover-on-desktop \" data-mfn=\"1\" data-mfn-post-scope=\"00000000000007e30000000000000000_80940\"><a href=\"javascript:void(0)\"  role=\"button\" aria-pressed=\"false\" aria-describedby=\"mfn-content-00000000000007e30000000000000000_80940-1\">1<\/a><\/sup><span id=\"mfn-content-00000000000007e30000000000000000_80940-1\" role=\"tooltip\" class=\"modern-footnotes-footnote__note\" tabindex=\"0\" data-mfn=\"1\">Napolitano bezeichnete die Massaker 2007 in seiner offiziellen Rede zum Erinnerungstag als \u00bbethnische S\u00e4uberung\u00ab und legitimierte damit die Darstellung der Rechtsextremen, die Menschen seien aus ethnischen statt aus ideologischen Gr\u00fcnden umgebracht worden. Die zuvor von den Faschisten begangenen Verbrechen erw\u00e4hnte er nicht.<\/span><\/li>\n<\/ul>\n<p>Wenn Napolitano wirklich zu den ganz gro\u00dfen Unterst\u00fctzerinnen der S\u00fcdtirolautonomie gez\u00e4hlt werden muss, sagt das also wohl mehr \u00fcber die anderen (und \u00fcber die Autonomie selbst) aus als \u00fcber Napolitano. Ihm kann man h\u00f6chstens zugute halten, weniger autonomie- und minderheitenfeindlich als andere gewesen zu sein.<\/p>\n<p>M\u00f6ge er in Frieden ruhen.<\/p>\n<ul class=\"modern-footnotes-list modern-footnotes-list--show-only-for-print\"><li><span>1<\/span><div>Napolitano bezeichnete die Massaker 2007 in seiner offiziellen Rede zum Erinnerungstag als \u00bbethnische S\u00e4uberung\u00ab und legitimierte damit die Darstellung der Rechtsextremen, die Menschen seien aus ethnischen statt aus ideologischen Gr\u00fcnden umgebracht worden. Die zuvor von den Faschisten begangenen Verbrechen erw\u00e4hnte er nicht.<\/div><\/li><\/ul>","protected":false},"excerpt":{"rendered":"<p>Vorgestern ist der ehemalige italienische Staatspr\u00e4sident Giorgio Napolitano (98) verstorben. Nicht erst seitdem wird er als gro\u00dfer Autonomief\u00fcrsprecher und Freund S\u00fcdtirols bezeichnet, dem unser Land besonders viel verdanke \u2014 auch von denen, die sich nach dem Ableben von Silvio Berlusconi nicht gescheut hatten, auf die negativen Aspekte seines Handelns zu verweisen. Klar, zwischen den beiden [&hellip;]<\/p>","protected":false},"author":1,"featured_media":0,"comment_status":"open","ping_status":"open","sticky":false,"template":"","format":"standard","meta":{"_crdt_document":"","ngg_post_thumbnail":0,"_jetpack_memberships_contains_paid_content":false,"footnotes":""},"categories":[1],"tags":[],"class_list":["post-80940","post","type-post","status-publish","format-standard","hentry","category-allgemein","entity-landesregierung","entity-schutzen","entity-staat-italien","entity-svp","issue-150-jahre-italienische-einheit","issue-foibe","issue-italianizzazione","location-italy","location-sudtirolo","language-deutsch","person-arno-kompatscher","person-giorgio-napolitano","person-mario-monti","topic-colonialismi","topic-geschichte","topic-grenzen","topic-nationalismus","topic-politik","topic-selbstbestimmung","topic-vorzeigeautonomie"],"jetpack_featured_media_url":"","jetpack_sharing_enabled":true,"_links":{"self":[{"href":"https:\/\/www.brennerbasisdemokratie.eu\/index.php?rest_route=\/wp\/v2\/posts\/80940","targetHints":{"allow":["GET"]}}],"collection":[{"href":"https:\/\/www.brennerbasisdemokratie.eu\/index.php?rest_route=\/wp\/v2\/posts"}],"about":[{"href":"https:\/\/www.brennerbasisdemokratie.eu\/index.php?rest_route=\/wp\/v2\/types\/post"}],"author":[{"embeddable":true,"href":"https:\/\/www.brennerbasisdemokratie.eu\/index.php?rest_route=\/wp\/v2\/users\/1"}],"replies":[{"embeddable":true,"href":"https:\/\/www.brennerbasisdemokratie.eu\/index.php?rest_route=%2Fwp%2Fv2%2Fcomments&post=80940"}],"version-history":[{"count":16,"href":"https:\/\/www.brennerbasisdemokratie.eu\/index.php?rest_route=\/wp\/v2\/posts\/80940\/revisions"}],"predecessor-version":[{"id":81017,"href":"https:\/\/www.brennerbasisdemokratie.eu\/index.php?rest_route=\/wp\/v2\/posts\/80940\/revisions\/81017"}],"wp:attachment":[{"href":"https:\/\/www.brennerbasisdemokratie.eu\/index.php?rest_route=%2Fwp%2Fv2%2Fmedia&parent=80940"}],"wp:term":[{"taxonomy":"category","embeddable":true,"href":"https:\/\/www.brennerbasisdemokratie.eu\/index.php?rest_route=%2Fwp%2Fv2%2Fcategories&post=80940"},{"taxonomy":"post_tag","embeddable":true,"href":"https:\/\/www.brennerbasisdemokratie.eu\/index.php?rest_route=%2Fwp%2Fv2%2Ftags&post=80940"}],"curies":[{"name":"wp","href":"https:\/\/api.w.org\/{rel}","templated":true}]}}