{"id":80972,"date":"2023-09-25T13:39:46","date_gmt":"2023-09-25T11:39:46","guid":{"rendered":"https:\/\/www.brennerbasisdemokratie.eu\/?p=80972"},"modified":"2025-05-25T18:39:13","modified_gmt":"2025-05-25T16:39:13","slug":"auch-danisches-parlament-wird-mehrsprachig","status":"publish","type":"post","link":"https:\/\/www.brennerbasisdemokratie.eu\/?p=80972","title":{"rendered":"Auch das d\u00e4nische Parlament wird mehrsprachig."},"content":{"rendered":"<p>Vor wenigen Monaten hatte Aki-Mathilda H\u00f8egh-Dam, eine von nur zwei gr\u00f6nl\u00e4ndischen Abgeordneten zum d\u00e4nischen Parlament <em>(Folketing),<\/em> f\u00fcr Aufsehen gesorgt, weil sie sich <a title=\"Gr\u00f6nl\u00e4ndische Abgeordnete weigert sich D\u00e4nisch zu sprechen.\" href=\"https:\/\/www.brennerbasisdemokratie.eu\/?p=78591\">geweigert hatte<\/a>, eine parlamentarische Rede auf D\u00e4nisch zu halten. Um auf die <a title=\"Minorisierte Sprachen.\" href=\"https:\/\/www.brennerbasisdemokratie.eu\/?p=72762\" rel=\"\">Minorisierung<\/a> ihrer Sprache \u2014 die seit 2009 die alleinige Amtssprache der weltgr\u00f6\u00dften Insel ist \u2014 hinzuweisen, wandte sie sich stattdessen ausschlie\u00dflich auf Gr\u00f6nl\u00e4ndisch ans Plenum. Dieser Ungehorsam, den in S\u00fcdtirol wohl viele als kleingeistige, ewiggestrige Provokation bezeichnet und missverstanden h\u00e4tten, hat in k\u00fcrzester Zeit daf\u00fcr gesorgt, dass in D\u00e4nemark die einschl\u00e4gigen Regeln ge\u00e4ndert wurden.<\/p>\n<p>In einem ersten Schritt erhalten Abgeordnete aus Gr\u00f6nland und F\u00e4r\u00f6er doppelt so viel Redezeit wie ihnen normalerweise zust\u00fcnde, wenn sie sie dazu nutzen, ihre Rede in zwei Sprachen (ihrer eigenen plus D\u00e4nisch) zu halten. Eine Simultan\u00fcbersetzung ist vorerst nicht vorgesehen. Zudem werden den Parlamentarierinnen aus diesen autonomen Gebieten aber zus\u00e4tzliche Mittel zur Verf\u00fcgung gestellt, damit sie Informationen \u00fcber ihre T\u00e4tigkeit in die Sprache ihrer Wahlkreise \u00fcbersetzen und dort ver\u00f6ffentlichen k\u00f6nnen. Sie d\u00fcrfen daf\u00fcr auf Kosten des Parlaments auch Dolmetscherinnen anstellen.<\/p>\n<p>Das <em>Folketing<\/em> selbst verpflichtet sich dazu, Zusammenfassungen der wichtigsten Debatten sowie die Homepage des Parlaments auch ins F\u00e4r\u00f6ische<sup class=\"modern-footnotes-footnote modern-footnotes-footnote--hover-on-desktop \" data-mfn=\"1\" data-mfn-post-scope=\"00000000000007e30000000000000000_80972\"><a href=\"javascript:void(0)\"  role=\"button\" aria-pressed=\"false\" aria-describedby=\"mfn-content-00000000000007e30000000000000000_80972-1\">1<\/a><\/sup><span id=\"mfn-content-00000000000007e30000000000000000_80972-1\" role=\"tooltip\" class=\"modern-footnotes-footnote__note\" tabindex=\"0\" data-mfn=\"1\">60.000-100.000 Sprecherinnen<\/span> und Gr\u00f6nl\u00e4ndische<sup class=\"modern-footnotes-footnote modern-footnotes-footnote--hover-on-desktop \" data-mfn=\"2\" data-mfn-post-scope=\"00000000000007e30000000000000000_80972\"><a href=\"javascript:void(0)\"  role=\"button\" aria-pressed=\"false\" aria-describedby=\"mfn-content-00000000000007e30000000000000000_80972-2\">2<\/a><\/sup><span id=\"mfn-content-00000000000007e30000000000000000_80972-2\" role=\"tooltip\" class=\"modern-footnotes-footnote__note\" tabindex=\"0\" data-mfn=\"2\">knapp 60.000 Sprecherinnen<\/span> zu \u00fcbersetzen. Allen Abgeordneten und Mitarbeitenden des <em>Folketings<\/em> sollen zudem kostenlose Kurse \u00fcber die Kultur, Geschichte und politische Besonderheiten der beiden Gebiete angeboten werden.<\/p>\n<p>Rechte und rechtsradikale Parteien widersetzten sich diesen \u00c4nderungen, konnten sich jedoch nicht durchsetzen.<\/p>\n<p>Erst k\u00fcrzlich hatte auch Spanien <a title=\"Plurilinguizzato il Congresso spagnolo.\" href=\"https:\/\/www.brennerbasisdemokratie.eu\/?p=80100\" rel=\"\">beschlossen<\/a>, im eigenen Parlament auf Mehrsprachigkeit zu setzen \u2014 in diesem Fall von vornherein mit Simultan\u00fcbersetzung. Sprachwissenschafterinnen hatten die <a title=\"Warum ein mehrsprachiges Parlament wichtig ist.\" href=\"https:\/\/www.brennerbasisdemokratie.eu\/?p=80495\" rel=\"\">Vorz\u00fcge einer derartigen L\u00f6sung<\/a> best\u00e4tigt.<\/p>\n<p><strong><span style=\"font-family: Helvetica, Arial, sans-serif; text-transform: uppercase;\">C\u00ebla enghe:<\/span><\/strong> <a title=\"Anche l\u2019occitano al Congresso spagnolo.\" href=\"https:\/\/www.brennerbasisdemokratie.eu\/?p=80907\" rel=\"\"><code>01<\/code><\/a> <span style=\"font-family: Helvetica, Arial, sans-serif; font-weight: normal;\">||<\/span> <a title=\"Kornische Vereidigung.\" href=\"https:\/\/www.brennerbasisdemokratie.eu\/?p=86883\"><span style=\"color: #ff8c00\"><code>01<\/code><\/span><\/a> <a title=\"La deputata groenlandese che si rifiuta di parlare in danese.\" href=\"https:\/\/www.brennerbasisdemokratie.eu\/?p=89352\"><span style=\"color: #ff8c00\"><code>02<\/code><\/span><\/a> <a href=\"https:\/\/www.brennerbasisdemokratie.eu\/?p=92380\" title=\"Serve insubordinazione.\"><span style=\"color: #ff8c00\"><code>03<\/code><\/span><\/a><\/p>\n<ul class=\"modern-footnotes-list modern-footnotes-list--show-only-for-print\"><li><span>1<\/span><div>60.000-100.000 Sprecherinnen<\/div><\/li><li><span>2<\/span><div>knapp 60.000 Sprecherinnen<\/div><\/li><\/ul>","protected":false},"excerpt":{"rendered":"<p>Vor wenigen Monaten hatte Aki-Mathilda H\u00f8egh-Dam, eine von nur zwei gr\u00f6nl\u00e4ndischen Abgeordneten zum d\u00e4nischen Parlament (Folketing), f\u00fcr Aufsehen gesorgt, weil sie sich geweigert hatte, eine parlamentarische Rede auf D\u00e4nisch zu halten. Um auf die Minorisierung ihrer Sprache \u2014 die seit 2009 die alleinige Amtssprache der weltgr\u00f6\u00dften Insel ist \u2014 hinzuweisen, wandte sie sich stattdessen ausschlie\u00dflich [&hellip;]<\/p>","protected":false},"author":1,"featured_media":0,"comment_status":"open","ping_status":"open","sticky":false,"template":"","format":"standard","meta":{"_crdt_document":"","ngg_post_thumbnail":0,"_jetpack_memberships_contains_paid_content":false,"footnotes":""},"categories":[1],"tags":[],"class_list":["post-80972","post","type-post","status-publish","format-standard","hentry","category-allgemein","issue-autonomievergleich","issue-good-news","issue-good-practices","location-catalunya","location-danmark","location-faroer","location-kalaallit-nunaat","language-deutsch","topic-comparatio","topic-democrazia","topic-minderheitenschutz","topic-minorisaziun","topic-plurilinguism","topic-politik","topic-ungehorsam"],"jetpack_featured_media_url":"","jetpack_sharing_enabled":true,"_links":{"self":[{"href":"https:\/\/www.brennerbasisdemokratie.eu\/index.php?rest_route=\/wp\/v2\/posts\/80972","targetHints":{"allow":["GET"]}}],"collection":[{"href":"https:\/\/www.brennerbasisdemokratie.eu\/index.php?rest_route=\/wp\/v2\/posts"}],"about":[{"href":"https:\/\/www.brennerbasisdemokratie.eu\/index.php?rest_route=\/wp\/v2\/types\/post"}],"author":[{"embeddable":true,"href":"https:\/\/www.brennerbasisdemokratie.eu\/index.php?rest_route=\/wp\/v2\/users\/1"}],"replies":[{"embeddable":true,"href":"https:\/\/www.brennerbasisdemokratie.eu\/index.php?rest_route=%2Fwp%2Fv2%2Fcomments&post=80972"}],"version-history":[{"count":12,"href":"https:\/\/www.brennerbasisdemokratie.eu\/index.php?rest_route=\/wp\/v2\/posts\/80972\/revisions"}],"predecessor-version":[{"id":92407,"href":"https:\/\/www.brennerbasisdemokratie.eu\/index.php?rest_route=\/wp\/v2\/posts\/80972\/revisions\/92407"}],"wp:attachment":[{"href":"https:\/\/www.brennerbasisdemokratie.eu\/index.php?rest_route=%2Fwp%2Fv2%2Fmedia&parent=80972"}],"wp:term":[{"taxonomy":"category","embeddable":true,"href":"https:\/\/www.brennerbasisdemokratie.eu\/index.php?rest_route=%2Fwp%2Fv2%2Fcategories&post=80972"},{"taxonomy":"post_tag","embeddable":true,"href":"https:\/\/www.brennerbasisdemokratie.eu\/index.php?rest_route=%2Fwp%2Fv2%2Ftags&post=80972"}],"curies":[{"name":"wp","href":"https:\/\/api.w.org\/{rel}","templated":true}]}}