{"id":81067,"date":"2023-09-30T11:00:27","date_gmt":"2023-09-30T09:00:27","guid":{"rendered":"https:\/\/www.brennerbasisdemokratie.eu\/?p=81067"},"modified":"2024-02-07T14:21:46","modified_gmt":"2024-02-07T13:21:46","slug":"fdi-will-autonomie-im-sinne-der-nationalen-gemeinschaft-umbauen","status":"publish","type":"post","link":"https:\/\/www.brennerbasisdemokratie.eu\/?p=81067","title":{"rendered":"FdI will Autonomie im Sinne der nationalen Gemeinschaft umbauen."},"content":{"rendered":"<p>Gestern war der Abgeordnete und ranghohe <abbr title=\"Fratelli d\u2019Italia\">FdI<\/abbr>-Parteifunktion\u00e4r Giovanni Donzelli in Bozen, um seine Partei in Hinblick auf die anstehenden Landtagswahlen zu unterst\u00fctzen. Diesen \u00bbnationalen\u00ab Anker scheinen die staatlichen Parteien zu brauchen. Von der Tageszeitung <em>A. Adige<\/em> wird Donzelli unter anderem mit folgender Aussage <a title=\"AA: Donzelli ritiene l'autonomia un valore\u2026\" href=\"https:\/\/www.altoadige.it\/cronaca\/donzelli-ritiene-l-autonomia-un-valore-se-rivista-in-un-ottica-di-comunit%C3%A0-nazionale-1.3591962\" target=\"_blank\" rel=\"noopener\">zitiert:<\/a><\/p>\n<blockquote><p>Zu viele Jahre lang wurde erz\u00e4hlt, dass die Rechten gegen die Autonomie seien. Die Rechten sind jedoch \u00fcberzeugt, dass die Autonomie ein Wert sein kann, wenn sie um die nationale Einheit und ein direktes Verh\u00e4ltnis zu den B\u00fcrgerinnen erg\u00e4nzt wird. Mit einer im Sinne der nationalen Gemeinschaft korrigierten Autonomie kann es einen ausgezeichneten Dialog geben.<\/p>\n<p><em><small>\u2013 Giovanni Donzelli<\/small><\/em><\/p><\/blockquote>\n<details>\n<summary><em><small>\u00dcbersetzung von mir (<span style=\"text-decoration: underline;\">Original anzeigen<\/span>)<\/small><\/em><\/summary>\n<p style=\"padding-left: 40px;\"><em>Per troppi anni si \u00e8 raccontato che la destra era contraria all&#8217;autonomia. La destra \u00e8 invece convinta che l&#8217;autonomia possa essere un valore, se integrata con l&#8217;unit\u00e0 nazionale e se integrata con un rapporto diretto con i cittadini. Con un&#8217;autonomia rivista in un&#8217;ottica di comunit\u00e0 nazionale ci pu\u00f2 essere un ottimo dialogo.<\/em><\/p>\n<p style=\"padding-left: 40px;\"><small><em>\u2013 Giovanni Donzelli<\/em><\/small><\/p>\n<\/details>\n<p>Die Autonomie muss also nicht in erster Linie gesch\u00fctzt, wiederhergestellt oder gar ausgebaut, sondern \u2014 wenn es nach den Neofaschistinnen geht, die Italien regieren \u2014 im Sinne der nationalen Gemeinschaft korrigiert werden.<\/p>\n<p>Als die Partei- und nunmehrige Regierungschefin Giorgia Meloni (FdI) vor gut einem Jahr in den <em>Dolomiten<\/em> geschrieben hatte, dass sie \u00bbeine starke Autonomie in einem starken Staat\u00ab sehe, hatte dies noch f\u00fcr die engagierte Widerrede von <abbr title=\"S\u00fcdtiroler Volkspartei\">SVP<\/abbr>-Obmann Philipp Achammer gesorgt. Auf <em>Twitter<\/em> <a title=\"Tweet Philipp Achammer.\" href=\"https:\/\/x.com\/PhilippAchammer\/status\/1572621414687031296?s=20\" target=\"_blank\" rel=\"noopener\">schrieb<\/a> er damals:<\/p>\n<blockquote><p>Wenn Giorgia Meloni meint, dass die Autonomie ins Gesamtspektrum der nationalen Einheit eingegliedert werden m\u00fcsse und dass Bereiche von strategischem nationalen Interesse der Zentralregierung zu \u00fcberlassen seien, dann sollte dies ein Weckruf f\u00fcr uns S\u00fcdtiroler\/innen und unsere Autonomie sein. Denn solche Aussagen sind Zentralismus in seiner Reinform. Fakt ist: Mit deklariert nationalistischen Kr\u00e4ften ist noch nie eine Autonomie verteidigt worden. Deshalb mehr denn je: Wir werden unsere Autonomie auf Punkt und Beistrich verteidigen!<\/p>\n<p><em><small>\u2013 Philipp Achammer<\/small><\/em><\/p><\/blockquote>\n<p>Wenige Monate sp\u00e4ter kann Donzelli in S\u00fcdtirol seinen diesbez\u00fcglichen Testballon steigen lassen, ohne dass sich auch nur ein L\u00fcftchen bewegt. Alarmglocken schrillen nicht mehr. Stattdessen ist \u2014 auch angesichts j\u00fcngster Umfrageergebnisse \u2014 mehr denn je <a title=\"LH schlie\u00dft Koalition mit FdI nicht aus.\" href=\"https:\/\/www.brennerbasisdemokratie.eu\/?p=77648\" rel=\"\">eine Koalition<\/a> der SVP mit den Ultranationalistinnen zu bef\u00fcrchten.<\/p>\n<p>Und w\u00e4hrend andere europ\u00e4ische Minderheiten erfolgreich an der Pluralisierung und Plurilingualisierung der Nationalstaaten arbeiten (<a title=\"Plurilinguizzato il Congresso spagnolo.\" href=\"https:\/\/www.brennerbasisdemokratie.eu\/?p=80100\" rel=\"\"><code>01<\/code><\/a> <a title=\"Auch das d\u00e4nische Parlament wird mehrsprachig.\" href=\"https:\/\/www.brennerbasisdemokratie.eu\/?p=80972\" rel=\"\"><code>02<\/code><\/a>), zu denen sie geh\u00f6ren, steht bei uns die Einordnung der Autonomie in die nationale (Volks-)Gemeinschaft im Raum.<\/p>\n<p><strong><span style=\"font-family: Helvetica, Arial, sans-serif; text-transform: uppercase;\">C\u00ebla enghe:<\/span><\/strong> <a href=\"https:\/\/www.brennerbasisdemokratie.eu\/?p=81664\" title=\"Italienerinnen in der Landesregierung: FdI will Statut ab\u00e4ndern.\"><span style=\"color: #ff8c00\"><code>01<\/code><\/span><\/a> <a href=\"https:\/\/www.brennerbasisdemokratie.eu\/?p=83742\" title=\"Nat\u00fcrlich keine Sportautonomie.\"><span style=\"color: #ff8c00\"><code>02<\/code><\/span><\/a><\/p>","protected":false},"excerpt":{"rendered":"<p>Gestern war der Abgeordnete und ranghohe FdI-Parteifunktion\u00e4r Giovanni Donzelli in Bozen, um seine Partei in Hinblick auf die anstehenden Landtagswahlen zu unterst\u00fctzen. Diesen \u00bbnationalen\u00ab Anker scheinen die staatlichen Parteien zu brauchen. Von der Tageszeitung A. Adige wird Donzelli unter anderem mit folgender Aussage zitiert: Zu viele Jahre lang wurde erz\u00e4hlt, dass die Rechten gegen die [&hellip;]<\/p>","protected":false},"author":1,"featured_media":0,"comment_status":"open","ping_status":"open","sticky":false,"template":"","format":"standard","meta":{"_crdt_document":"","ngg_post_thumbnail":0,"_jetpack_memberships_contains_paid_content":false,"footnotes":""},"categories":[1],"tags":[],"class_list":["post-81067","post","type-post","status-publish","format-standard","hentry","category-allgemein","entity-fdi","entity-svp","issue-landtagswahl-2023","issue-zitac","location-italy","location-sudtirolo","language-deutsch","medium-aa","medium-dolo","medium-socialmedia","person-giorgia-meloni","topic-medien","topic-politik","topic-vorzeigeautonomie","topic-zentralismus"],"jetpack_featured_media_url":"","jetpack_sharing_enabled":true,"_links":{"self":[{"href":"https:\/\/www.brennerbasisdemokratie.eu\/index.php?rest_route=\/wp\/v2\/posts\/81067","targetHints":{"allow":["GET"]}}],"collection":[{"href":"https:\/\/www.brennerbasisdemokratie.eu\/index.php?rest_route=\/wp\/v2\/posts"}],"about":[{"href":"https:\/\/www.brennerbasisdemokratie.eu\/index.php?rest_route=\/wp\/v2\/types\/post"}],"author":[{"embeddable":true,"href":"https:\/\/www.brennerbasisdemokratie.eu\/index.php?rest_route=\/wp\/v2\/users\/1"}],"replies":[{"embeddable":true,"href":"https:\/\/www.brennerbasisdemokratie.eu\/index.php?rest_route=%2Fwp%2Fv2%2Fcomments&post=81067"}],"version-history":[{"count":9,"href":"https:\/\/www.brennerbasisdemokratie.eu\/index.php?rest_route=\/wp\/v2\/posts\/81067\/revisions"}],"predecessor-version":[{"id":83767,"href":"https:\/\/www.brennerbasisdemokratie.eu\/index.php?rest_route=\/wp\/v2\/posts\/81067\/revisions\/83767"}],"wp:attachment":[{"href":"https:\/\/www.brennerbasisdemokratie.eu\/index.php?rest_route=%2Fwp%2Fv2%2Fmedia&parent=81067"}],"wp:term":[{"taxonomy":"category","embeddable":true,"href":"https:\/\/www.brennerbasisdemokratie.eu\/index.php?rest_route=%2Fwp%2Fv2%2Fcategories&post=81067"},{"taxonomy":"post_tag","embeddable":true,"href":"https:\/\/www.brennerbasisdemokratie.eu\/index.php?rest_route=%2Fwp%2Fv2%2Ftags&post=81067"}],"curies":[{"name":"wp","href":"https:\/\/api.w.org\/{rel}","templated":true}]}}