{"id":81388,"date":"2023-10-19T22:22:15","date_gmt":"2023-10-19T20:22:15","guid":{"rendered":"https:\/\/www.brennerbasisdemokratie.eu\/?p=81388"},"modified":"2024-03-24T13:32:58","modified_gmt":"2024-03-24T12:32:58","slug":"nur-der-pd-ist-gegen-zweisprachigkeit-und-proporz","status":"publish","type":"post","link":"https:\/\/www.brennerbasisdemokratie.eu\/?p=81388","title":{"rendered":"Nur der PD ist gegen Zweisprachigkeit <u>und<\/u> Proporz."},"content":{"rendered":"<p>Schon mehrmals hatten wir darauf hingewiesen und kritisiert, dass der <abbr title=\"Partito Democratico\">PD<\/abbr> sich immer wieder gegen Proporz <em>und<\/em> Zweisprachigkeit im Gesundheitswesen wendet (vgl. <a title=\"PD will Zweisprachigkeit und Proporz lockern.\" href=\"https:\/\/www.brennerbasisdemokratie.eu\/?p=75025\" rel=\"\"><code>01<\/code><\/a> <a title=\"Der PD erneut gegen Proporz und Zweisprachigkeit.\" href=\"https:\/\/www.brennerbasisdemokratie.eu\/?p=79553\" rel=\"\"><code>02<\/code><\/a>) und somit wichtige S\u00e4ulen des Minderheitenschutzes zur Disposition stellt, ohne alternative Mechanismen vorzuschlagen, um in einem <a title=\"Language Barriers in Health Care.\" href=\"https:\/\/www.brennerbasisdemokratie.eu\/?p=48634\" rel=\"\">so sensiblen Bereich<\/a> das Recht auf Gebrauch der Muttersprache zu gew\u00e4hrleisten. Im Gegenteil: Der Landtagsabgeordnete Sandro Repetto (PD) hatte die Zweisprachigkeit per se im Gesundheitsbereich vor einiger Zeit ausdr\u00fccklich <a title=\"Repetto (PD): Sanit\u00e0, bilinguismo superfluo.\" href=\"https:\/\/www.brennerbasisdemokratie.eu\/?p=50483\" rel=\"\">als \u00bb\u00fcberfl\u00fcssig\u00ab bezeichnet.<\/a><\/p>\n<p>Die Forderung nach Abschaffung oder Aufweichung des Proporzes war fr\u00fcher in der Regel noch mit jener nach gleichzeitigem <em>Ausbau<\/em> der sprachlichen Anforderungen verkn\u00fcpft, doch davon ist jetzt beim PD keine Spur. Dass aber Minderheitenschutz Regeln ben\u00f6tigt und eine Liberalisierung stets der einseitigen Assimilierung in die H\u00e4nde spielt, ist nicht nur selbstverst\u00e4ndlich, sondern auch \u00fcberall dort in S\u00fcdtirol bereits zu beobachten, wo diese Regeln schon gelockert wurden.<\/p>\n<h6>\u00bbff-Wahlhilfe\u00ab<\/h6>\n<p>Erstaunlich ist, was aus einem Fragenkatalog der diesw\u00f6chigen <em>ff<\/em> (Nr. 42\/23) hervorgeht: Der Forderung nach einer <em>dauerhaften<\/em> Aussetzung des verpflichtenden Zweisprachigkeitsnachweises, \u00bbum den Personalmangel in Sanit\u00e4t, Pflege und Busdienst zu bek\u00e4mpfen\u00ab, stimmen \u2014 schlimm genug \u2014 f\u00fcnf Parteien zu. Neben dem PD sind dies <em>La Civica, Centrodestra, <\/em>die <em>Lega<\/em> und mit Einschr\u00e4nkungen die <abbr title=\"F\u00fcnfsternebewegung\">5SB<\/abbr><sup class=\"modern-footnotes-footnote modern-footnotes-footnote--hover-on-desktop \" data-mfn=\"1\" data-mfn-post-scope=\"00000000000007e30000000000000000_81388\"><a href=\"javascript:void(0)\"  role=\"button\" aria-pressed=\"false\" aria-describedby=\"mfn-content-00000000000007e30000000000000000_81388-1\">1<\/a><\/sup><span id=\"mfn-content-00000000000007e30000000000000000_81388-1\" role=\"tooltip\" class=\"modern-footnotes-footnote__note\" tabindex=\"0\" data-mfn=\"1\">5SB: \u00bbJa, aber nur solange wir in Not sind\u00ab<\/span>. Die Abschaffung des ethnischen Proporzes wollen hingegen das <em>Team K,<\/em> der PD, die <em>Gr\u00fcnen, Vita<\/em> und teilweise <em>Centrodestra.<\/em><sup class=\"modern-footnotes-footnote modern-footnotes-footnote--hover-on-desktop \" data-mfn=\"2\" data-mfn-post-scope=\"00000000000007e30000000000000000_81388\"><a href=\"javascript:void(0)\"  role=\"button\" aria-pressed=\"false\" aria-describedby=\"mfn-content-00000000000007e30000000000000000_81388-2\">2<\/a><\/sup><span id=\"mfn-content-00000000000007e30000000000000000_81388-2\" role=\"tooltip\" class=\"modern-footnotes-footnote__note\" tabindex=\"0\" data-mfn=\"2\"><em>Centrodestra:<\/em> \u00bbJa, es muss \u00fcberarbeitet und aktualisiert werden.\u00ab<\/span><\/p>\n<p>Somit stimmt nur der angeblich pro-autonomistische, f\u00fcr Mehrsprachigkeit und Minderheitenschutz einstehende PD der <em>dauerhaften<\/em> Aussetzung der Zweisprachigkeitspflicht <em>und<\/em> gleichzeitig der Abschaffung des Sprachgruppenproporzes zu. Von der M\u00f6glichkeit, die eigene Position detaillierter darzulegen, hat die Partei bei anderen Fragen ausgiebigst Gebrauch gemacht, doch bei diesen beiden Punkten gab es vom PD uneingeschr\u00e4nkte Zustimmung. Keine andere Partei, einschlie\u00dflich der italienischen Rechten, ist so weit gegangen.<\/p>\n<p>Zumindest was diese beiden \u2014 zentralen \u2014 Einzelpunkte betrifft hat der PD inzwischen tats\u00e4chlich die Rechten an Autonomie- und Minderheitenfeindlichkeit \u00fcberholt. Das ist nicht nur traurig, sondern auch besch\u00e4mend und gef\u00e4hrlich.<\/p>\n<p><strong><span style=\"font-family: Helvetica, Arial, sans-serif; text-transform: uppercase;\">C\u00ebla enghe:<\/span><\/strong> <a title=\"Die kolonialen Priorit\u00e4ten von PD und CAI.\" href=\"https:\/\/www.brennerbasisdemokratie.eu\/?p=77709\" rel=\"\"><code>01<\/code><\/a> <a title=\"Ovest ist ein \u00bbunver\u00e4nderlicher Eigenname\u00ab.\" href=\"https:\/\/www.brennerbasisdemokratie.eu\/?p=79607\" rel=\"\"><code>02<\/code><\/a> <a title=\"Der PD f\u00fcr die Unteilbarkeit der Nation.\" href=\"https:\/\/www.brennerbasisdemokratie.eu\/?p=79413\" rel=\"\"><code>03<\/code><\/a> <a title=\"Macht es der PD den Rechten (zu) leicht?\" href=\"https:\/\/www.brennerbasisdemokratie.eu\/?p=37766\" rel=\"\"><code>04<\/code><\/a> <span style=\"font-family: Helvetica, Arial, sans-serif; font-weight: normal;\">||<\/span> <a title=\"Landesregierung: PD f\u00fcr ethnische Erpressung.\" href=\"https:\/\/www.brennerbasisdemokratie.eu\/?p=81881\"><span style=\"color: #ff8c00\"><code>01<\/code><\/span><\/a> <a title=\"Le solite critiche al censimento linguistico.\" href=\"https:\/\/www.brennerbasisdemokratie.eu\/?p=82274\" rel=\"\"><span style=\"color: #ff8c00\"><code>02<\/code><\/span><\/a> <a href=\"https:\/\/www.brennerbasisdemokratie.eu\/?p=84487\" title=\"Vom PD noch weiter nach rechts.\"><span style=\"color: #ff8c00\"><code>03<\/code><\/span><\/a><\/p>\n<ul class=\"modern-footnotes-list modern-footnotes-list--show-only-for-print\"><li><span>1<\/span><div>5SB: \u00bbJa, aber nur solange wir in Not sind\u00ab<\/div><\/li><li><span>2<\/span><div><em>Centrodestra:<\/em> \u00bbJa, es muss \u00fcberarbeitet und aktualisiert werden.\u00ab<\/div><\/li><\/ul>","protected":false},"excerpt":{"rendered":"<p>Schon mehrmals hatten wir darauf hingewiesen und kritisiert, dass der PD sich immer wieder gegen Proporz und Zweisprachigkeit im Gesundheitswesen wendet (vgl. 01 02) und somit wichtige S\u00e4ulen des Minderheitenschutzes zur Disposition stellt, ohne alternative Mechanismen vorzuschlagen, um in einem so sensiblen Bereich das Recht auf Gebrauch der Muttersprache zu gew\u00e4hrleisten. Im Gegenteil: Der Landtagsabgeordnete [&hellip;]<\/p>","protected":false},"author":1,"featured_media":0,"comment_status":"open","ping_status":"open","sticky":false,"template":"","format":"standard","meta":{"_crdt_document":"","ngg_post_thumbnail":0,"_jetpack_memberships_contains_paid_content":false,"footnotes":""},"categories":[1],"tags":[],"class_list":["post-81388","post","type-post","status-publish","format-standard","hentry","category-allgemein","entity-5sb","entity-lega","entity-pd","entity-pdl","entity-tk","entity-verc","issue-bilinguismo-negato","issue-italianizzazione","issue-landtagswahl-2023","issue-proporz","issue-sx-di-dx","location-sudtirolo","language-deutsch","medium-ff","person-sandro-repetto","topic-gesundheit","topic-medien","topic-minderheitenschutz","topic-minorisaziun","topic-nationalismus","topic-plurilinguism","topic-politik","topic-recht","topic-vorzeigeautonomie"],"jetpack_featured_media_url":"","jetpack_sharing_enabled":true,"_links":{"self":[{"href":"https:\/\/www.brennerbasisdemokratie.eu\/index.php?rest_route=\/wp\/v2\/posts\/81388","targetHints":{"allow":["GET"]}}],"collection":[{"href":"https:\/\/www.brennerbasisdemokratie.eu\/index.php?rest_route=\/wp\/v2\/posts"}],"about":[{"href":"https:\/\/www.brennerbasisdemokratie.eu\/index.php?rest_route=\/wp\/v2\/types\/post"}],"author":[{"embeddable":true,"href":"https:\/\/www.brennerbasisdemokratie.eu\/index.php?rest_route=\/wp\/v2\/users\/1"}],"replies":[{"embeddable":true,"href":"https:\/\/www.brennerbasisdemokratie.eu\/index.php?rest_route=%2Fwp%2Fv2%2Fcomments&post=81388"}],"version-history":[{"count":8,"href":"https:\/\/www.brennerbasisdemokratie.eu\/index.php?rest_route=\/wp\/v2\/posts\/81388\/revisions"}],"predecessor-version":[{"id":84498,"href":"https:\/\/www.brennerbasisdemokratie.eu\/index.php?rest_route=\/wp\/v2\/posts\/81388\/revisions\/84498"}],"wp:attachment":[{"href":"https:\/\/www.brennerbasisdemokratie.eu\/index.php?rest_route=%2Fwp%2Fv2%2Fmedia&parent=81388"}],"wp:term":[{"taxonomy":"category","embeddable":true,"href":"https:\/\/www.brennerbasisdemokratie.eu\/index.php?rest_route=%2Fwp%2Fv2%2Fcategories&post=81388"},{"taxonomy":"post_tag","embeddable":true,"href":"https:\/\/www.brennerbasisdemokratie.eu\/index.php?rest_route=%2Fwp%2Fv2%2Ftags&post=81388"}],"curies":[{"name":"wp","href":"https:\/\/api.w.org\/{rel}","templated":true}]}}