{"id":81696,"date":"2023-10-31T13:35:28","date_gmt":"2023-10-31T12:35:28","guid":{"rendered":"https:\/\/www.brennerbasisdemokratie.eu\/?p=81696"},"modified":"2026-02-02T09:07:32","modified_gmt":"2026-02-02T08:07:32","slug":"baskische-gedankenspiele","status":"publish","type":"post","link":"https:\/\/www.brennerbasisdemokratie.eu\/?p=81696","title":{"rendered":"Baskische Gedankenspiele."},"content":{"rendered":"<!-- Snippets by WebberZone Snippetz --><div class=\"ata_snippets\"><hr style=\"height: 20px; border: none; margin-top: 0em; background-color: darkred;\"\/><\/div><p>Die spanische Linke ben\u00f6tigt f\u00fcr die Bildung der neuen Regierung katalanische Unterst\u00fctzung. Aber auch die beiden baskischen Parteien EAJ\/PNV und <em>EH Bildu<\/em> bringen sich ein. Sie setzen auf eine Reform des Regionalstaates, erl\u00e4utert Politikwissenschaftler Matthias Scantamburlo von der Universit\u00e4t Bilbao\/Bilbo im Podcast von Wolfgang Mayr:<\/p>\n<blockquote><audio class=\"wp-audio-shortcode\" id=\"audio-81696-1\" preload=\"none\" style=\"width: 100%;\" controls=\"controls\"><source type=\"audio\/mpeg\" src=\"https:\/\/www.brennerbasisdemokratie.eu\/wp-content\/uploads\/2023\/10\/podcast_scantamburlo-basken1.mp3?_=1\" \/><a href=\"https:\/\/www.brennerbasisdemokratie.eu\/wp-content\/uploads\/2023\/10\/podcast_scantamburlo-basken1.mp3\">https:\/\/www.brennerbasisdemokratie.eu\/wp-content\/uploads\/2023\/10\/podcast_scantamburlo-basken1.mp3<\/a><\/audio><\/blockquote>\n<p>Derzeit sind nicht die katalanischen Parteien ein Stolperstein f\u00fcr die Bildung einer neuen Regierung. Die radikale Linke solidarisiert sich mit der klerikal-faschistischen <em>Hamas<\/em> im pal\u00e4stinensischen Gaza. Die spanische Rechte hingegen, die Volkspartei (<abbr title=\"Partido Popular\">PP<\/abbr>) und die <em>Vox<\/em>-Faschisten, unterst\u00fctzen Israel. Dieser Streit verdr\u00e4ngte den innerspanischen Konflikt, jenen mit den Katalanen und den Basken.<\/p>\n<p>Jahrelang galt das <a href=\"https:\/\/www.euskadi.eus\/hasiera\/\">autonome Baskenland<\/a> als die <a href=\"https:\/\/www.bpb.de\/themen\/kriege-konflikte\/dossier-kriege-konflikte\/54582\/baskenland\/\">\u00bbUnruheprovinz\u00ab<\/a> Spaniens, als ein Hort des Terrorismus. Seit der Aufl\u00f6sung der <a href=\"https:\/\/www.baskultur.info\/component\/easytagcloud\/122-module\/11-eta\">ETA<\/a> gilt die <a href=\"https:\/\/www.baskultur.info\/\">baskische Region<\/a> als ein Stabilit\u00e4tsfaktor, die konservative baskische <a href=\"https:\/\/www.eaj-pnv.eus\/\">Nationalpartei EAJ\/PNV<\/a> trotzte den spanischen Sozialisten und der nationalkonservativen <a href=\"https:\/\/gfbv-voices.org\/francos-rueckkehr-spanien-vor-der-wahl-teil-1\/\">spanischen Volkspartei<\/a> weitreichende Befugnisse ab. Katalonien l\u00f6ste das <a href=\"https:\/\/www.baskultur.info\/geschichte\/baskenland2\/9-bsk-geschichte\">Baskenland<\/a> als rebellische antistaatliche Hochburg ab. Als Reaktion darauf entstand die <a href=\"https:\/\/gfbv-voices.org\/francos-rueckkehr-spanien-vor-der-wahl-teil-1\/\">rechtsradikale <em>Vox<\/em><\/a><em>,<\/em> politische Enkel des Diktators Franco.<\/p>\n<p><span style=\"font-family: Helvetica, Arial, sans-serif; text-transform: uppercase; font-weight: bold;\">Serie<\/span> <span style=\"font-family: Helvetica, Arial, sans-serif; font-weight: bold;\">I<\/span> <a title=\"Dialog hinter verschlossenen T\u00fcren.\" href=\"https:\/\/www.brennerbasisdemokratie.eu\/?p=81743\" rel=\"\"><span style=\"font-family: Helvetica, Arial, sans-serif; font-weight: bold;\">II<\/span><\/a><\/p>\n<!-- Snippets by WebberZone Snippetz --><div class=\"ata_snippets\"><hr style=\"height: 10px;border: none;margin-top: 0px;background-color: darkred\" \/>\r\n\r\n<div style=\"background-color: none;padding: 0px;font-size: 14px;font-family: Helvetica,Arial;margin: 10px 0px 0px 0px\"><span style=\"color: darkred\"><strong><small>Autor:innen- und Gastbeitr\u00e4ge widerspiegeln nicht notwendigerweise die Meinung oder die Position von BBD, so wie die jeweiligen Verfasser:innen nicht notwendigerweise die Ziele von BBD unterst\u00fctzen.<\/small><\/strong><small>\u00b7 I contributi esterni non necessariamente riflettono le opinioni o la posizione di BBD, come a loro volta le autrici\/gli autori non necessariamente condividono gli obiettivi di BBD. \u2014 <a href=\"http:\/\/www.brennerbasisdemokratie.eu\/?page_id=11356#copyleft\"><strong>\u00a9<\/strong><\/a><\/small><\/span><\/div><\/div>","protected":false},"excerpt":{"rendered":"<p>Die spanische Linke ben\u00f6tigt f\u00fcr die Bildung der neuen Regierung katalanische Unterst\u00fctzung. Aber auch die beiden baskischen Parteien EAJ\/PNV und EH Bildu bringen sich ein. Sie setzen auf eine Reform des Regionalstaates, erl\u00e4utert Politikwissenschaftler Matthias Scantamburlo von der Universit\u00e4t Bilbao\/Bilbo im Podcast von Wolfgang Mayr: Derzeit sind nicht die katalanischen Parteien ein Stolperstein f\u00fcr die [&hellip;]<\/p>","protected":false},"author":14,"featured_media":0,"comment_status":"open","ping_status":"open","sticky":false,"template":"","format":"standard","meta":{"_crdt_document":"","ngg_post_thumbnail":0,"_jetpack_memberships_contains_paid_content":false,"footnotes":""},"categories":[751],"tags":[],"class_list":["post-81696","post","type-post","status-publish","format-standard","hentry","category-autorinnen-neu","entity-eaj","entity-eh-bildu","entity-pp","entity-psoe","entity-vox","issue-podcast","location-asia","location-catalunya","location-euskadi","location-israel","location-palastina","location-spania","language-deutsch","person-matthias-scantamburlo","topic-faschismen","topic-krieg","topic-minderheitenschutz","topic-politik","topic-wissenschaft"],"jetpack_featured_media_url":"","jetpack_sharing_enabled":true,"_links":{"self":[{"href":"https:\/\/www.brennerbasisdemokratie.eu\/index.php?rest_route=\/wp\/v2\/posts\/81696","targetHints":{"allow":["GET"]}}],"collection":[{"href":"https:\/\/www.brennerbasisdemokratie.eu\/index.php?rest_route=\/wp\/v2\/posts"}],"about":[{"href":"https:\/\/www.brennerbasisdemokratie.eu\/index.php?rest_route=\/wp\/v2\/types\/post"}],"author":[{"embeddable":true,"href":"https:\/\/www.brennerbasisdemokratie.eu\/index.php?rest_route=\/wp\/v2\/users\/14"}],"replies":[{"embeddable":true,"href":"https:\/\/www.brennerbasisdemokratie.eu\/index.php?rest_route=%2Fwp%2Fv2%2Fcomments&post=81696"}],"version-history":[{"count":5,"href":"https:\/\/www.brennerbasisdemokratie.eu\/index.php?rest_route=\/wp\/v2\/posts\/81696\/revisions"}],"predecessor-version":[{"id":83903,"href":"https:\/\/www.brennerbasisdemokratie.eu\/index.php?rest_route=\/wp\/v2\/posts\/81696\/revisions\/83903"}],"wp:attachment":[{"href":"https:\/\/www.brennerbasisdemokratie.eu\/index.php?rest_route=%2Fwp%2Fv2%2Fmedia&parent=81696"}],"wp:term":[{"taxonomy":"category","embeddable":true,"href":"https:\/\/www.brennerbasisdemokratie.eu\/index.php?rest_route=%2Fwp%2Fv2%2Fcategories&post=81696"},{"taxonomy":"post_tag","embeddable":true,"href":"https:\/\/www.brennerbasisdemokratie.eu\/index.php?rest_route=%2Fwp%2Fv2%2Ftags&post=81696"}],"curies":[{"name":"wp","href":"https:\/\/api.w.org\/{rel}","templated":true}]}}