{"id":81736,"date":"2023-11-02T13:00:13","date_gmt":"2023-11-02T12:00:13","guid":{"rendered":"https:\/\/www.brennerbasisdemokratie.eu\/?p=81736"},"modified":"2025-09-24T04:58:29","modified_gmt":"2025-09-24T02:58:29","slug":"il-canada-raddoppia-la-percentuale-di-immigrati-francofoni","status":"publish","type":"post","link":"https:\/\/www.brennerbasisdemokratie.eu\/?p=81736","title":{"rendered":"Il Canada raddoppia la percentuale di immigrati francofoni."},"content":{"rendered":"<p>Una ventina d&#8217;anni fa il Canada ha introdotto una soglia minima di immigrazione francofona in tutte le province meno il Qu\u00e9bec, per contribuire al mantenimento del gruppo linguistico francese in situazione di minoranza linguistica. Finora il valore di riferimento di tale \u00abproporzionale linguistica\u00bb era stato fissato al 4,4%. Ci\u00f2 corrisponde alla percentuale di popolazione canadese non residente in Qu\u00e9bec che nel censimento del 2001 aveva indicato il francese come lingua materna o come lingua ufficiale che meglio padroneggiava, nonostante nel 2016 tale valore fosse sceso al 3,8%.<\/p>\n<p>In vista di un aggiornamento della soglia, il Commissario alle lingue ufficiali, Raymond Th\u00e9berge, nel 2022 <a title=\"Canada: immigrazione \u00aba tutela\u00bb delle minoranze.\" href=\"https:\/\/www.brennerbasisdemokratie.eu\/?p=70430\" rel=\"\">aveva avanzato delle richieste molto chiare<\/a>, tra cui un sensibile innalzamento per ovviare al declino delle comunit\u00e0 francofone. Gi\u00e0 nel 2006 la normativa era comunque stata resa pi\u00f9 stringente, scartando dal conteggio per il raggiungimento della soglia tutti gli immigrati bilingui inglese-francese.<\/p>\n<p>Negli ultimi giorni il Governo federale di Justin Trudeau ha reso pubblico il proprio piano di innalzamento della soglia minima, che verr\u00e0 portata al 6% nel 2024, al 7% nel 2025 e all&#8217;8% nel 2026, quasi il doppio rispetto all&#8217;attuale 4,4%.<\/p>\n<blockquote><p><a href=\"https:\/\/www.canada.ca\/en\/immigration-refugees-citizenship\/news\/2023\/11\/stabilizing-canadas-immigration-targets-to-support-sustainable-growth.html\"><img loading=\"lazy\" decoding=\"async\" class=\"aligncenter wp-image-81738 size-full\" src=\"https:\/\/www.brennerbasisdemokratie.eu\/wp-content\/uploads\/2023\/11\/canada-frenchimmigrationtargets.png\" alt=\"\" width=\"950\" height=\"246\" srcset=\"https:\/\/www.brennerbasisdemokratie.eu\/wp-content\/uploads\/2023\/11\/canada-frenchimmigrationtargets.png 950w, https:\/\/www.brennerbasisdemokratie.eu\/wp-content\/uploads\/2023\/11\/canada-frenchimmigrationtargets-768x199.png 768w\" sizes=\"auto, (max-width: 950px) 100vw, 950px\" \/><\/a><\/p><\/blockquote>\n<p><small><em>Stralcio del comunicato ufficiale del Governo del Canada<\/em><\/small><\/p>\n<p>Ovviamente soddisfatto Raymond Th\u00e9berge, che <a title=\"OCOL: Statement from the Commissioner\u2026\" href=\"https:\/\/www.clo-ocol.gc.ca\/en\/newsroom\/2023-11-01\/statement-commissioner-official-languages-new-francophone-immigration-targets\" target=\"_blank\" rel=\"noopener\">ha lodato<\/a> l&#8217;impegno della politica come \u00abpasso importante nella giusta direzione\u00bb per arrestare il declino delle comunit\u00e0 minoritarie. Tuttavia ha ricordato anche che la legge sulle lingue ufficiali, aggiornata pochi mesi fa, prevede ora di portare la consistenza delle comunit\u00e0 francofone al 6,1% fuori dal Qu\u00e9bec, traguardo che ritiene possibile raggiungere solo innalzando ulteriormente gli obiettivi sull&#8217;immigrazione in futuro. Inoltre ritiene necessario continuare ad essere innovativi e creativi per attrarre una proporzione sempre maggiore di stranieri di lingua francese.<\/p>\n<p>Sono meno ottimiste invece le associazioni della francofonia francese, come la <em>F\u00e9d\u00e9ration des Communeaut\u00e9s Francophones et Acadienne du Canada,<\/em> che ritenevano necessario elevare immediatamente la soglia dal 4,4% al 12% per poter resistere all&#8217;assimilazione. Secondo alcuni esperti infatti l&#8217;8% del 2026 sar\u00e0 a malapena sufficiente per evitare ulteriori cali e non potr\u00e0 garantire la necessaria crescita.<\/p>\n<blockquote><p><a href=\"https:\/\/www.quebec.ca\/immigration\/francais-au-quebec\"><img loading=\"lazy\" decoding=\"async\" class=\"aligncenter wp-image-81737 size-full\" src=\"https:\/\/www.brennerbasisdemokratie.eu\/wp-content\/uploads\/2023\/11\/quebec_importance-du-francais.png\" alt=\"\" width=\"950\" height=\"481\" srcset=\"https:\/\/www.brennerbasisdemokratie.eu\/wp-content\/uploads\/2023\/11\/quebec_importance-du-francais.png 950w, https:\/\/www.brennerbasisdemokratie.eu\/wp-content\/uploads\/2023\/11\/quebec_importance-du-francais-768x389.png 768w\" sizes=\"auto, (max-width: 950px) 100vw, 950px\" \/><\/a><\/p><\/blockquote>\n<p><small><em>Pagina ufficiale del Servizio immigrazione del Qu\u00e9bec<\/em><\/small><\/p>\n<p>Da tutti questi ragionamenti \u00e8 comunque esclusa la provincia del Qu\u00e9bec, unica a maggioranza francofona, che (diversamente dal Sudtirolo) ha ampie competenze sia in campo linguistico sia rispetto all&#8217;immigrazione e da molti anni attua politiche atte a difendere la lingua francese.<\/p>\n<p><strong><span style=\"font-family: Helvetica, Arial, sans-serif; text-transform: uppercase;\">C\u00ebla enghe:<\/span><\/strong> <a title=\"Ostbelgien: Integration in der Regionalsprache.\" href=\"https:\/\/www.brennerbasisdemokratie.eu\/?p=44507\" rel=\"\"><code>01<\/code><\/a> <a title=\"Inklusion von Gefl\u00fcchteten auf Katalanisch.\" href=\"https:\/\/www.brennerbasisdemokratie.eu\/?p=71726\" rel=\"\"><code>02<\/code><\/a> <a title=\"Zuwanderungssprache Italienisch.\" href=\"https:\/\/www.brennerbasisdemokratie.eu\/?p=47501\" rel=\"\"><code>03<\/code><\/a> <a title=\"Hohe Zuwanderung aus Italien nach S\u00fcdtirol.\" href=\"https:\/\/www.brennerbasisdemokratie.eu\/?p=44555\" rel=\"\"><code>04<\/code><\/a> <a title=\"Migration: Von anderen lernen?\" href=\"https:\/\/www.brennerbasisdemokratie.eu\/?p=9925\" rel=\"\"><code>05<\/code><\/a> <a title=\"Integration im Sinne des Nationalstaats.\" href=\"https:\/\/www.brennerbasisdemokratie.eu\/?p=15111\" rel=\"\"><code>06<\/code><\/a> <span style=\"font-family: Helvetica, Arial, sans-serif; font-weight: normal;\">||<\/span> <a title=\"F\u00fcnfundneunzig Prozent.\" href=\"https:\/\/www.brennerbasisdemokratie.eu\/?p=85747\"><span style=\"color: #ff8c00\"><code>01<\/code><\/span><\/a> <a title=\"Noch mehr frankophone Zuwanderung f\u00fcr Kanada.\" href=\"https:\/\/www.brennerbasisdemokratie.eu\/?p=88660\"><span style=\"color:#ff8c00; text-decoration:underline; text-decoration-color:#ff8c00; text-decoration-thickness:3px;\"><code>02<\/code><\/span><\/a> <a title=\"In Canada ora guardano anche quanti francofoni emigrano.\" href=\"https:\/\/www.brennerbasisdemokratie.eu\/?p=90093\"><span style=\"color:#ff8c00; text-decoration:underline; text-decoration-color:#ff8c00; text-decoration-thickness:3px;\"><code>03<\/code><\/span><\/a> <a title=\"Il Canada ha un ministro alle lingue ufficiali.\" href=\"https:\/\/www.brennerbasisdemokratie.eu\/?p=91972\"><span style=\"color: #ff8c00\"><code>04<\/code><\/span><\/a><\/p>","protected":false},"excerpt":{"rendered":"<p>Una ventina d&#8217;anni fa il Canada ha introdotto una soglia minima di immigrazione francofona in tutte le province meno il Qu\u00e9bec, per contribuire al mantenimento del gruppo linguistico francese in situazione di minoranza linguistica. Finora il valore di riferimento di tale \u00abproporzionale linguistica\u00bb era stato fissato al 4,4%. Ci\u00f2 corrisponde alla percentuale di popolazione canadese [&hellip;]<\/p>","protected":false},"author":1,"featured_media":0,"comment_status":"open","ping_status":"open","sticky":false,"template":"","format":"standard","meta":{"_crdt_document":"","ngg_post_thumbnail":0,"_jetpack_memberships_contains_paid_content":false,"footnotes":""},"categories":[1],"tags":[],"class_list":["post-81736","post","type-post","status-publish","format-standard","hentry","category-allgemein","issue-autonomievergleich","issue-good-news","issue-good-practices","location-canada","location-quebec","language-italiano","topic-comparatio","topic-kohasion","topic-migraziun","topic-minderheitenschutz","topic-plurilinguism","topic-politik"],"jetpack_featured_media_url":"","jetpack_sharing_enabled":true,"_links":{"self":[{"href":"https:\/\/www.brennerbasisdemokratie.eu\/index.php?rest_route=\/wp\/v2\/posts\/81736","targetHints":{"allow":["GET"]}}],"collection":[{"href":"https:\/\/www.brennerbasisdemokratie.eu\/index.php?rest_route=\/wp\/v2\/posts"}],"about":[{"href":"https:\/\/www.brennerbasisdemokratie.eu\/index.php?rest_route=\/wp\/v2\/types\/post"}],"author":[{"embeddable":true,"href":"https:\/\/www.brennerbasisdemokratie.eu\/index.php?rest_route=\/wp\/v2\/users\/1"}],"replies":[{"embeddable":true,"href":"https:\/\/www.brennerbasisdemokratie.eu\/index.php?rest_route=%2Fwp%2Fv2%2Fcomments&post=81736"}],"version-history":[{"count":8,"href":"https:\/\/www.brennerbasisdemokratie.eu\/index.php?rest_route=\/wp\/v2\/posts\/81736\/revisions"}],"predecessor-version":[{"id":94767,"href":"https:\/\/www.brennerbasisdemokratie.eu\/index.php?rest_route=\/wp\/v2\/posts\/81736\/revisions\/94767"}],"wp:attachment":[{"href":"https:\/\/www.brennerbasisdemokratie.eu\/index.php?rest_route=%2Fwp%2Fv2%2Fmedia&parent=81736"}],"wp:term":[{"taxonomy":"category","embeddable":true,"href":"https:\/\/www.brennerbasisdemokratie.eu\/index.php?rest_route=%2Fwp%2Fv2%2Fcategories&post=81736"},{"taxonomy":"post_tag","embeddable":true,"href":"https:\/\/www.brennerbasisdemokratie.eu\/index.php?rest_route=%2Fwp%2Fv2%2Ftags&post=81736"}],"curies":[{"name":"wp","href":"https:\/\/api.w.org\/{rel}","templated":true}]}}