{"id":81866,"date":"2023-11-11T11:36:41","date_gmt":"2023-11-11T10:36:41","guid":{"rendered":"https:\/\/www.brennerbasisdemokratie.eu\/?p=81866"},"modified":"2026-01-26T22:47:46","modified_gmt":"2026-01-26T21:47:46","slug":"unredlichkeit-im-namen-der-fichte","status":"publish","type":"post","link":"https:\/\/www.brennerbasisdemokratie.eu\/?p=81866","title":{"rendered":"Im Namen der Fichte."},"content":{"rendered":"<p>Italienische Nationalisten \u2014 pardon: Umweltsch\u00fctzerinnen \u2014 haben <a title=\"LAV: Nation vor Tierschutz.\" href=\"https:\/\/www.brennerbasisdemokratie.eu\/?p=80641\" rel=\"\">nach den Wolfabsch\u00fcssen<\/a> ein weiteres Thema f\u00fcr sich entdeckt, n\u00e4mlich den \u00fcber 100 Jahre alten Weihnachtsbaum, den S\u00fcdtirol heuer in seiner Eigenschaft als inoffizielles \u00bbzehntes Bundesland\u00ab der Stadt Wien geschenkt hat. Aufgeworfen hat das Thema der Bozner Aktivist Argante Brancalion von <em>Ambiente &amp; Salute.<\/em> Doch dass es ihm tats\u00e4chlich um den einen Baum gehe, der laut Forstverwaltung ohnehin das Ende seines Lebenszyklus erreicht hatte, verneint sogar er. Es gehe: um die Symbolik. Erstaunlich ist, dass auch Umweltsch\u00fctzerinnen die Symbolik viel weniger st\u00f6rt, wenn S\u00fcdtirol (wie 2010) und das Trentino (2021) den Weihnachtsbaum f\u00fcr den Petersplatz in Rom zur Verf\u00fcgung stellen. Oder wenn B\u00e4ume allj\u00e4hrlich in S\u00fcdtiroler Ortschaften, einschlie\u00dflich der Landeshauptstadt, aufgestellt werden. Das Problem mit der Symbolik explodiert aber wie von selbst, wenn der italienische Nationalismus verletzt wird, weil B\u00e4ume nicht nur in den S\u00fcden, sondern auch in den Norden (oder vielmehr in den Osten) gehen.<\/p>\n<p>Dabei soll und darf die Tradition, allj\u00e4hrlich Millionen junger B\u00e4ume zu z\u00fcchten, um sie rechtzeitig vor Weihnachten zu f\u00e4llen und nach dem Fest zu entsorgen, nat\u00fcrlich hinterfragt werden. Dass aber genau dieser eine Baum nicht etwa aus nationalistischen, sondern aus \u00f6kologischen Gr\u00fcnden thematisiert worden sein soll, ist unglaubw\u00fcrdig und erweist einer sachlichen Debatte keinen guten Dienst. Umso mehr, als Brancalion tats\u00e4chlich fordert, \u00d6sterreich solle doch \u00bbseine eigenen B\u00e4ume\u00ab f\u00e4llen. Weil Umweltschutz an Staatsgrenzen halt macht?<\/p>\n<p>Ein wahres Meisterwerk gelingt da aber dem <em>Corriere,<\/em> f\u00fcr den Alan Conti \u2014 k\u00fcrzlich noch beim <em>A. Adige<\/em> f\u00fcr <em>CasaPound<\/em>-freundliche Berichterstattung zust\u00e4ndig \u2014 dem Land gar \u00bbSchizophrenie in internationalen Beziehungen\u00ab <a title=\"Corriere: Natale, per l'albero in piazza\u2026\" href=\"https:\/\/corrieredeltrentino.corriere.it\/notizie\/cronaca\/23_novembre_06\/natale-per-l-albero-in-piazza-a-vienna-la-provincia-di-bolzano-abbatte-un-abete-di-115-anni-poi-sara-bruciato-inaccettabile-8b5ba8cf-ddbf-409a-8d28-84572214exlk.shtml\" target=\"_blank\" rel=\"noopener\">vorwerfen darf<\/a>, weil es den \u00bbf\u00fcr die \u00d6sterreicher gef\u00e4llten\u00ab Baum gerade jetzt \u00fcber den Brenner schicke, wo das Nachbarland den Transitverkehr blockiert <a title=\"Transitklage: Frontalangriff auf S\u00fcdtirol.\" href=\"https:\/\/www.brennerbasisdemokratie.eu\/?p=81364\" rel=\"\">und Minister Salvini <em>(Lega)<\/em> dagegen klagt.<\/a> Sogar einen Zusammenhang zwischen dem Weihnachtsbaum und dem Stimmenverlust von Landesrat Arnold Schuler (<abbr title=\"S\u00fcdtiroler Volkspartei\">SVP<\/abbr>) bei den j\u00fcngsten Landtagswahlen will der Autor erkennen.<\/p>\n<p>Doch sp\u00e4testens, wenn die Kritik am Weihnachtsbaum f\u00fcr Wien so unversch\u00e4mt mit der Forderung nach freiem Lkw-Transit verkn\u00fcpft wird, ist klar, dass es nicht um Umweltschutz geht, sondern um italienischen Nationalstolz.<\/p>\n<p><strong><span style=\"font-family: Helvetica, Arial, sans-serif; text-transform: uppercase;\">C\u00ebla enghe:<\/span><\/strong> <a title=\"Umweltschutz auf Kosten von Minderheiten.\" href=\"https:\/\/www.brennerbasisdemokratie.eu\/?p=62545\"><code>01<\/code><\/a> <span style=\"font-family: Helvetica, Arial, sans-serif; font-weight: normal;\">||<\/span> <a title=\"Sinner und die kolonialistischen Konsumentensch\u00fctzerinnen.\" href=\"https:\/\/www.brennerbasisdemokratie.eu\/?p=95667\"><span style=\"color: #ff8c00\"><code>01<\/code><\/span><\/a><\/p>","protected":false},"excerpt":{"rendered":"<p>Italienische Nationalisten \u2014 pardon: Umweltsch\u00fctzerinnen \u2014 haben nach den Wolfabsch\u00fcssen ein weiteres Thema f\u00fcr sich entdeckt, n\u00e4mlich den \u00fcber 100 Jahre alten Weihnachtsbaum, den S\u00fcdtirol heuer in seiner Eigenschaft als inoffizielles \u00bbzehntes Bundesland\u00ab der Stadt Wien geschenkt hat. Aufgeworfen hat das Thema der Bozner Aktivist Argante Brancalion von Ambiente &amp; Salute. Doch dass es ihm [&hellip;]<\/p>","protected":false},"author":1,"featured_media":0,"comment_status":"open","ping_status":"open","sticky":false,"template":"","format":"standard","meta":{"_crdt_document":"","ngg_post_thumbnail":0,"_jetpack_memberships_contains_paid_content":false,"footnotes":""},"categories":[1],"tags":[],"class_list":["post-81866","post","type-post","status-publish","format-standard","hentry","category-allgemein","entity-cpi","entity-land-sudtirol","entity-lega","entity-svp","issue-landtagswahl-2023","issue-medienkritik","location-italy","location-osterreich","location-sudtirolo","language-deutsch","medium-aa","medium-corriere","person-alan-conti","person-arnold-schuler","person-matteo-salvini","topic-ecologia","topic-grenzen","topic-mobilitaet","topic-nationalismus","topic-politik","topic-symbolik"],"jetpack_featured_media_url":"","jetpack_sharing_enabled":true,"_links":{"self":[{"href":"https:\/\/www.brennerbasisdemokratie.eu\/index.php?rest_route=\/wp\/v2\/posts\/81866","targetHints":{"allow":["GET"]}}],"collection":[{"href":"https:\/\/www.brennerbasisdemokratie.eu\/index.php?rest_route=\/wp\/v2\/posts"}],"about":[{"href":"https:\/\/www.brennerbasisdemokratie.eu\/index.php?rest_route=\/wp\/v2\/types\/post"}],"author":[{"embeddable":true,"href":"https:\/\/www.brennerbasisdemokratie.eu\/index.php?rest_route=\/wp\/v2\/users\/1"}],"replies":[{"embeddable":true,"href":"https:\/\/www.brennerbasisdemokratie.eu\/index.php?rest_route=%2Fwp%2Fv2%2Fcomments&post=81866"}],"version-history":[{"count":9,"href":"https:\/\/www.brennerbasisdemokratie.eu\/index.php?rest_route=\/wp\/v2\/posts\/81866\/revisions"}],"predecessor-version":[{"id":95679,"href":"https:\/\/www.brennerbasisdemokratie.eu\/index.php?rest_route=\/wp\/v2\/posts\/81866\/revisions\/95679"}],"wp:attachment":[{"href":"https:\/\/www.brennerbasisdemokratie.eu\/index.php?rest_route=%2Fwp%2Fv2%2Fmedia&parent=81866"}],"wp:term":[{"taxonomy":"category","embeddable":true,"href":"https:\/\/www.brennerbasisdemokratie.eu\/index.php?rest_route=%2Fwp%2Fv2%2Fcategories&post=81866"},{"taxonomy":"post_tag","embeddable":true,"href":"https:\/\/www.brennerbasisdemokratie.eu\/index.php?rest_route=%2Fwp%2Fv2%2Ftags&post=81866"}],"curies":[{"name":"wp","href":"https:\/\/api.w.org\/{rel}","templated":true}]}}