{"id":81874,"date":"2023-11-11T22:17:13","date_gmt":"2023-11-11T21:17:13","guid":{"rendered":"https:\/\/www.brennerbasisdemokratie.eu\/?p=81874"},"modified":"2025-07-08T18:25:33","modified_gmt":"2025-07-08T16:25:33","slug":"schule-fdi-will-kultur-von-sprache-trennen","status":"publish","type":"post","link":"https:\/\/www.brennerbasisdemokratie.eu\/?p=81874","title":{"rendered":"Schule: FdI will Kultur von Sprache trennen."},"content":{"rendered":"<p>Die <a title=\"FdI: Homophober Angriff auf Centaurus.\" href=\"https:\/\/www.brennerbasisdemokratie.eu\/?p=69628\" rel=\"\">homophobe<\/a> <a title=\"Klimakatastrophe im Bozner Gemeinderat.\" href=\"https:\/\/www.brennerbasisdemokratie.eu\/?p=75105\" rel=\"\">Klimaleugnerin<\/a> und nunmehrige Landtagsabgeordnete von <em>Fratelli d&#8217;Italia,<\/em> Anna Scarafoni, hatte im Fr\u00fchling das Schulmodell von Aosta <a title=\"Erw\u00fcnschte Aostisierung.\" href=\"https:\/\/www.brennerbasisdemokratie.eu\/?p=77387\" rel=\"\">als Vorbild f\u00fcr jenes in S\u00fcdtirol empfohlen.<\/a> Dabei ist die Region im Nordwesten des italienischen Staatsgebiets ein Beispiel f\u00fcr gelungene <a title=\"Minorisierte Sprachen.\" href=\"https:\/\/www.brennerbasisdemokratie.eu\/?p=72762\" rel=\"\">Marginalisierung<\/a> der Minderheitensprachen Franz\u00f6sisch und Provenzalisch zugunsten von Italienisch.<\/p>\n<p>Was die neofaschistische Partei von Giorgia Meloni mit der Schule vorhat, ist aber zum Beispiel auch auf dem <em>Facebook<\/em>-Profil ihres Brixner Gemeinderats und Landtagskandidaten Antonio Bova zu sehen. Der hat im August seine \u00bbVision\u00ab f\u00fcr die Schule in S\u00fcdtirol vorgestellt \u2014 und die verr\u00e4t einiges.<\/p>\n<blockquote><p><a href=\"https:\/\/www.facebook.com\/consiglierebressanone\/posts\/pfbid02LwMFAori3YSgPH99X5r27Mt5ZRCR6n3TTLoh3iLp4FAaNCcmc81ajS6y8KFFsmHQl?mibextid=eTXpx5\"><img loading=\"lazy\" decoding=\"async\" class=\"aligncenter wp-image-81875 size-full\" src=\"https:\/\/www.brennerbasisdemokratie.eu\/wp-content\/uploads\/2023\/11\/fb_bova-schule.png\" alt=\"\" width=\"900\" height=\"996\" srcset=\"https:\/\/www.brennerbasisdemokratie.eu\/wp-content\/uploads\/2023\/11\/fb_bova-schule.png 900w, https:\/\/www.brennerbasisdemokratie.eu\/wp-content\/uploads\/2023\/11\/fb_bova-schule-768x850.png 768w\" sizes=\"auto, (max-width: 900px) 100vw, 900px\" \/><\/a><\/p><\/blockquote>\n<p><small><em>Querbalken von mir<\/em><\/small><\/p>\n<p>Demnach sollen Lehrpersonen an italienischen Schulen zwar angemessen auf den Unterricht in deutscher Sprache vorbereitet werden, dies aber ausdr\u00fccklich in Vebindung mit einer \u00bbhumanistischen, in unserer italienischen Identit\u00e4t verwurzelten Kultur\u00ab. Das ist eine gar nicht so subtile Andeutung, dass die deutsche Kultur nicht oder nicht ausreichend \u00bbhumanistisch\u00ab (und somit wohl minderwertig) sei. Zudem ist es eine klare Definition dessen, was unter Mehrsprachigkeit zu verstehen ist. Die politischen Erben des <abbr title=\"Movimento Sociale Italiano\">MSI<\/abbr>, dessen Flamme sie noch im Parteisymbol f\u00fchren, setzen \u2014 jedenfalls kurzfristig \u2014 nicht mehr auf vollst\u00e4ndige <em>sprachliche<\/em> Assimilierung. Das m\u00fcssen sie auch gar nicht, denn \u00fcber kurz oder lang <a title=\"Minorities and the oppressing freedom.\" href=\"https:\/\/www.brennerbasisdemokratie.eu\/?p=70900\" rel=\"\">spielt selbst Gleichbehandlung im nationalstaatlichen Kontext der Einsprachigkeit in die H\u00e4nde.<\/a> Brachiale Methoden, wie jene im Faschismus, rufen unn\u00f6tige Widerst\u00e4nde hervor. Auch weiterhin betrachten italienische Rechte Sprache jedoch als reines Mittel zum Zweck, weshalb sie sie m\u00f6glichst von jedem kulturellen Einfluss s\u00e4ubern wollen, der mit ihrer Erlernung einhergehen k\u00f6nnte. Man m\u00fcsste sich wohl Blindheit vorwerfen lassen, erkannte man in dieser Haltung nicht das gute alte, nach wie vor in Stein gemei\u00dfelte <em>Ceteros Excoluimus<\/em> wieder.<\/p>\n<p>Da es getrennte Schulsysteme gibt, bleiben die kolonialen Forderungen der Neofaschisten vorerst haupts\u00e4chlich auf die italienische Schule begrenzt, die jedoch nicht zuf\u00e4llig zur mehrsprachigen (und gleichzeitig mononationalen) umgebaut werden soll. Sollte es jedoch jemals zu einer Fusion \u2014 oder auch nur zu einem mehrsprachigen Zusatzangebot \u2014 kommen, d\u00fcrfen wir uns darauf gefasst machen, dass der ultranationalistische Kulturkampf auch dorthin getragen w\u00fcrde.<\/p>\n<p>Die Forderung, unsere Landesgeschichte auf eine bestimmte Art und Weise zu vermitteln oder den geografischen, kulturell-literarischen, historischen Fokus des Unterrichts auf die italienische Nation zu richten, st\u00fcnde dann wohl sehr schnell im Raum.<\/p>\n<p><strong><span style=\"font-family: Helvetica, Arial, sans-serif; text-transform: uppercase;\">C\u00ebla enghe:<\/span><\/strong> <a title=\"Moreno Cabrera a proposito di bilinguismo forzato.\" href=\"https:\/\/www.brennerbasisdemokratie.eu\/?p=28331\" rel=\"\"><code>01<\/code><\/a> <a title=\"Hegemoniale Zweisprachigkeit.\" href=\"https:\/\/www.brennerbasisdemokratie.eu\/?p=75013\" rel=\"\"><code>02<\/code><\/a> <a title=\"Suprematistische Zweisprachigkeit.\" href=\"https:\/\/www.brennerbasisdemokratie.eu\/?p=24695\" rel=\"\"><code>03<\/code><\/a> <span style=\"font-family: Helvetica, Arial, sans-serif; font-weight: normal;\">||<\/span> <a title=\"Verbotene deutschsprachige Begr\u00fc\u00dfung.\" href=\"https:\/\/www.brennerbasisdemokratie.eu\/?p=82950\"><span style=\"color: #ff8c00\"><code>01<\/code><\/span><\/a><\/p>","protected":false},"excerpt":{"rendered":"<p>Die homophobe Klimaleugnerin und nunmehrige Landtagsabgeordnete von Fratelli d&#8217;Italia, Anna Scarafoni, hatte im Fr\u00fchling das Schulmodell von Aosta als Vorbild f\u00fcr jenes in S\u00fcdtirol empfohlen. Dabei ist die Region im Nordwesten des italienischen Staatsgebiets ein Beispiel f\u00fcr gelungene Marginalisierung der Minderheitensprachen Franz\u00f6sisch und Provenzalisch zugunsten von Italienisch. Was die neofaschistische Partei von Giorgia Meloni mit [&hellip;]<\/p>","protected":false},"author":1,"featured_media":0,"comment_status":"open","ping_status":"open","sticky":false,"template":"","format":"standard","meta":{"_crdt_document":"","ngg_post_thumbnail":0,"_jetpack_memberships_contains_paid_content":false,"footnotes":""},"categories":[1],"tags":[],"class_list":["post-81874","post","type-post","status-publish","format-standard","hentry","category-allgemein","entity-fdi","entity-msi","issue-clil-immersion","issue-italianizzazione","location-italy","location-sudtirolo","language-deutsch","medium-socialmedia","person-anna-scarafoni","topic-colonialismi","topic-faschismen","topic-minderheitenschutz","topic-minorisaziun","topic-nationalismus","topic-plurilinguism","topic-politik","topic-scola"],"jetpack_featured_media_url":"","jetpack_sharing_enabled":true,"_links":{"self":[{"href":"https:\/\/www.brennerbasisdemokratie.eu\/index.php?rest_route=\/wp\/v2\/posts\/81874","targetHints":{"allow":["GET"]}}],"collection":[{"href":"https:\/\/www.brennerbasisdemokratie.eu\/index.php?rest_route=\/wp\/v2\/posts"}],"about":[{"href":"https:\/\/www.brennerbasisdemokratie.eu\/index.php?rest_route=\/wp\/v2\/types\/post"}],"author":[{"embeddable":true,"href":"https:\/\/www.brennerbasisdemokratie.eu\/index.php?rest_route=\/wp\/v2\/users\/1"}],"replies":[{"embeddable":true,"href":"https:\/\/www.brennerbasisdemokratie.eu\/index.php?rest_route=%2Fwp%2Fv2%2Fcomments&post=81874"}],"version-history":[{"count":4,"href":"https:\/\/www.brennerbasisdemokratie.eu\/index.php?rest_route=\/wp\/v2\/posts\/81874\/revisions"}],"predecessor-version":[{"id":93240,"href":"https:\/\/www.brennerbasisdemokratie.eu\/index.php?rest_route=\/wp\/v2\/posts\/81874\/revisions\/93240"}],"wp:attachment":[{"href":"https:\/\/www.brennerbasisdemokratie.eu\/index.php?rest_route=%2Fwp%2Fv2%2Fmedia&parent=81874"}],"wp:term":[{"taxonomy":"category","embeddable":true,"href":"https:\/\/www.brennerbasisdemokratie.eu\/index.php?rest_route=%2Fwp%2Fv2%2Fcategories&post=81874"},{"taxonomy":"post_tag","embeddable":true,"href":"https:\/\/www.brennerbasisdemokratie.eu\/index.php?rest_route=%2Fwp%2Fv2%2Ftags&post=81874"}],"curies":[{"name":"wp","href":"https:\/\/api.w.org\/{rel}","templated":true}]}}