{"id":81909,"date":"2023-11-13T19:00:39","date_gmt":"2023-11-13T18:00:39","guid":{"rendered":"https:\/\/www.brennerbasisdemokratie.eu\/?p=81909"},"modified":"2026-03-16T15:50:57","modified_gmt":"2026-03-16T14:50:57","slug":"christian-bianchi-bestimmt-die-sprache","status":"publish","type":"post","link":"https:\/\/www.brennerbasisdemokratie.eu\/?p=81909","title":{"rendered":"Christian Bianchi bestimmt die Sprache."},"content":{"rendered":"<p>Weil wir ja gerade <a title=\"Landesregierung: PD f\u00fcr ethnische Erpressung.\" href=\"https:\/\/www.brennerbasisdemokratie.eu\/?p=81881\" rel=\"\">beim Thema Pr\u00e4potenz waren<\/a>, hier noch ein weiteres Beispiel: Die <abbr title=\"Tageszeitung\">TAZ<\/abbr> ist, wie es ihre (Un-)Art ist, wieder einmal nach vorn geprescht und hat in der Druckausgabe vom vergangenen Samstag einfach behauptet, Christian Bianchi <em>(Uniti\/Lega)<\/em> werde sein Landtagsmandat nicht annehmen. Der Leiferer B\u00fcrgermeister hatte <em>nach<\/em> der Wahl bekanntgegeben, dass er sein jetziges Amt nur dann aufgeben werde, wenn er in die Landesregierung kommt. Etwas anderes interessiert ihn offenbar nicht, auch nicht der W\u00e4hlerwille.<\/p>\n<p>Nun war Bianchi \u00fcber die voreiligen Schlussfolgerungen der TAZ wenig erfreut und verlangte <a title=\"TAZ: Sono rimasto sconvolto.\" href=\"https:\/\/www.tageszeitung.it\/2023\/11\/11\/sono-rimasto-sconvolto\/\" target=\"_blank\" rel=\"noopener\">eine Richtigstellung<\/a> <strong>in italienischer Sprache.<\/strong> Das muss wohl dieser \u00bbgegenseitige Respekt\u00ab sein, den er f\u00fcr die <em>Frecce Tricolori<\/em> eingefordert hatte, <a title=\"\u00abRespirare il sacro tricolore.\u00bb\" href=\"https:\/\/www.brennerbasisdemokratie.eu\/?p=81034\" rel=\"\">kurz bevor er sich dar\u00fcber freute<\/a>, dass die S\u00fcdtirolerinnen (im wahrsten Sinne <em>von oben herab)<\/em> dazu gezwungen wurden, \u00bbdie heilige Trikolore\u00ab einzuatmen.<\/p>\n<p>Einer Zeitung, die in einer Minderheitensprache erscheint, als Politiker einfach einen Text in der <em>lingua nazionale<\/em> zu schicken, ist ein unverbl\u00fcmter Akt der <a title=\"Minorisierte Sprachen.\" href=\"https:\/\/www.brennerbasisdemokratie.eu\/?p=72762\" rel=\"\">Minorisierung<\/a>. Gleichzeitig best\u00e4tigt man damit, dass man es f\u00fcr v\u00f6llig legitim h\u00e4lt, in S\u00fcdtirol mit Deutschsprachigen immer und in jedem Kontext einfach Italienisch zu sprechen \u2014 ganz einfach, weil man es kann (vgl. <a title=\"Hegemoniale Zweisprachigkeit.\" href=\"https:\/\/www.brennerbasisdemokratie.eu\/?p=75013\" rel=\"\"><code>01<\/code><\/a> <a title=\"Moreno Cabrera a proposito di bilinguismo forzato.\" href=\"https:\/\/www.brennerbasisdemokratie.eu\/?p=28331\" rel=\"\"><code>02<\/code><\/a> <a title=\"Le bilinguisme du colonis\u00e9.\" href=\"https:\/\/www.brennerbasisdemokratie.eu\/?p=69924\" rel=\"\"><code>03<\/code><\/a>). Bianchi st\u00fctzt damit die Auffassung, dass man sich als Italienischsprachiger dem Gegen\u00fcber grunds\u00e4tzlich nicht anzupassen braucht. Anders gesagt: <strong><em>Siamo in Italia e qui si parla italiano.<\/em><\/strong><\/p>\n<p>Dass das kein Einzelfall ist, belegt unter anderem die Tatsache, dass mehrere Parteien im Vorfeld der Wahlen Frageb\u00f6gen deutschsprachiger Medien auf Italienisch beantwortet haben: Im Fall der <abbr title=\"S\u00fcdtiroler Wirtschaftszeitung\">SWZ<\/abbr><sup class=\"modern-footnotes-footnote modern-footnotes-footnote--hover-on-desktop \" data-mfn=\"1\" data-mfn-post-scope=\"00000000000007e30000000000000000_81909\"><a href=\"javascript:void(0)\"  role=\"button\" aria-pressed=\"false\" aria-describedby=\"mfn-content-00000000000007e30000000000000000_81909-1\">1<\/a><\/sup><span id=\"mfn-content-00000000000007e30000000000000000_81909-1\" role=\"tooltip\" class=\"modern-footnotes-footnote__note\" tabindex=\"0\" data-mfn=\"1\">Nr. 36\/2023 \u2013 die Sprache war den Parteien freigestellt<\/span> waren dies <abbr title=\"F\u00fcnfsternebewegung\">5SB<\/abbr>, <abbr title=\"Fratelli d\u2019Italia\">FdI<\/abbr> und <em>La Civica<\/em><sup class=\"modern-footnotes-footnote modern-footnotes-footnote--hover-on-desktop \" data-mfn=\"2\" data-mfn-post-scope=\"00000000000007e30000000000000000_81909\"><a href=\"javascript:void(0)\"  role=\"button\" aria-pressed=\"false\" aria-describedby=\"mfn-content-00000000000007e30000000000000000_81909-2\">2<\/a><\/sup><span id=\"mfn-content-00000000000007e30000000000000000_81909-2\" role=\"tooltip\" class=\"modern-footnotes-footnote__note\" tabindex=\"0\" data-mfn=\"2\"><em>Uniti\/Lega, Enzian, FI, Vita, Centrodestra<\/em> haben nicht teilgenommen<\/span>, bei der <em>ff <\/em><sup class=\"modern-footnotes-footnote modern-footnotes-footnote--hover-on-desktop \" data-mfn=\"3\" data-mfn-post-scope=\"00000000000007e30000000000000000_81909\"><a href=\"javascript:void(0)\"  role=\"button\" aria-pressed=\"false\" aria-describedby=\"mfn-content-00000000000007e30000000000000000_81909-3\">3<\/a><\/sup><span id=\"mfn-content-00000000000007e30000000000000000_81909-3\" role=\"tooltip\" class=\"modern-footnotes-footnote__note\" tabindex=\"0\" data-mfn=\"3\">Nr. 42\/2023<\/span> <em>Uniti\/Lega<\/em> und <em>La Civica.<\/em> Wohl keiner \u00bbdeutschsprachigen\u00ab Partei w\u00fcrde es einfallen, einem italienischsprachigen Medium nur auf Deutsch zu antworten, obwohl es sich <em>dabei<\/em> nicht um Suprematismus, sondern um seine Negierung (vgl. <a title=\"Festival der Sprachbeharrung.\" href=\"https:\/\/www.brennerbasisdemokratie.eu\/?p=74907\" rel=\"\"><code>01<\/code><\/a>) handeln w\u00fcrde.<sup class=\"modern-footnotes-footnote modern-footnotes-footnote--hover-on-desktop \" data-mfn=\"4\" data-mfn-post-scope=\"00000000000007e30000000000000000_81909\"><a href=\"javascript:void(0)\"  role=\"button\" aria-pressed=\"false\" aria-describedby=\"mfn-content-00000000000007e30000000000000000_81909-4\">4<\/a><\/sup><span id=\"mfn-content-00000000000007e30000000000000000_81909-4\" role=\"tooltip\" class=\"modern-footnotes-footnote__note\" tabindex=\"0\" data-mfn=\"4\">Es ist nicht dasselbe, ob man ein vorhandenes Diskriminierungsmuster verst\u00e4rkt oder ob man es konterkariert.<\/span> Mir w\u00e4re aber auch keine deutschsprachige Politikerin bekannt, die nicht imstande w\u00e4re, Fragen auf Italienisch zu beantworten.<\/p>\n<p><strong><span style=\"font-family: Helvetica, Arial, sans-serif; text-transform: uppercase;\">C\u00ebla enghe:<\/span><\/strong> <a title=\"Hurra, Zanin spricht Deutsch!\" href=\"https:\/\/www.brennerbasisdemokratie.eu\/?p=61013\" rel=\"\"><code>01<\/code><\/a> <a title=\"A Bolzano nessuna necessit\u00e0 di parlare in tedesco.\" href=\"https:\/\/www.brennerbasisdemokratie.eu\/?p=77347\" rel=\"\"><code>02<\/code><\/a> <a title=\"Die sprachliche Barriere ist geringer.\" href=\"https:\/\/www.brennerbasisdemokratie.eu\/?p=81754\" rel=\"\"><code>03<\/code><\/a> <a title=\"Mehrheits- und Minderheitensprache im Kontakt.\" href=\"https:\/\/www.brennerbasisdemokratie.eu\/?p=72582\" rel=\"\"><code>04<\/code><\/a> <a title=\"Kolipsi: Die Outgroup-Kontakte.\" href=\"https:\/\/www.brennerbasisdemokratie.eu\/?p=74013\" rel=\"\"><code>05<\/code><\/a> <a title=\"Rom nicht mit Deutsch behelligen.\" href=\"https:\/\/www.brennerbasisdemokratie.eu\/?p=53072\" rel=\"\"><code>06<\/code><\/a> <span style=\"font-family: Helvetica, Arial, sans-serif; font-weight: normal;\">||<\/span> <a title=\"Politici monolingui e arroganti, ci risiamo.\" href=\"https:\/\/www.brennerbasisdemokratie.eu\/?p=83977\" rel=\"\"><span style=\"color: #ff8c00\"><code>01<\/code><\/span><\/a> <a title=\"Gazzini und die Sprachen.\" href=\"https:\/\/www.brennerbasisdemokratie.eu\/?p=85338\"><span style=\"color: #ff8c00\"><code>02<\/code><\/span><\/a> <a title=\"Schule: Die Desinformation kommt direkt vom Landesrat.\" href=\"https:\/\/www.brennerbasisdemokratie.eu\/?p=89891\"><span style=\"color: #ff8c00\"><code>03<\/code><\/span><\/a> <a title=\"Christian Bianchi nega la minorizzazione.\" href=\"https:\/\/www.brennerbasisdemokratie.eu\/?p=96481\"><span style=\"color: #ff8c00\"><code>04<\/code><\/span><\/a> <a title=\"Christian Bianchi gegen den Dialekt.\" href=\"https:\/\/www.brennerbasisdemokratie.eu\/?p=98445\"><span style=\"color: #ff8c00\"><code>05<\/code><\/span><\/a><\/p>\n<ul class=\"modern-footnotes-list modern-footnotes-list--show-only-for-print\"><li><span>1<\/span><div>Nr. 36\/2023 \u2013 die Sprache war den Parteien freigestellt<\/div><\/li><li><span>2<\/span><div><em>Uniti\/Lega, Enzian, FI, Vita, Centrodestra<\/em> haben nicht teilgenommen<\/div><\/li><li><span>3<\/span><div>Nr. 42\/2023<\/div><\/li><li><span>4<\/span><div>Es ist nicht dasselbe, ob man ein vorhandenes Diskriminierungsmuster verst\u00e4rkt oder ob man es konterkariert.<\/div><\/li><\/ul>","protected":false},"excerpt":{"rendered":"<p>Weil wir ja gerade beim Thema Pr\u00e4potenz waren, hier noch ein weiteres Beispiel: Die TAZ ist, wie es ihre (Un-)Art ist, wieder einmal nach vorn geprescht und hat in der Druckausgabe vom vergangenen Samstag einfach behauptet, Christian Bianchi (Uniti\/Lega) werde sein Landtagsmandat nicht annehmen. Der Leiferer B\u00fcrgermeister hatte nach der Wahl bekanntgegeben, dass er sein [&hellip;]<\/p>","protected":false},"author":1,"featured_media":0,"comment_status":"open","ping_status":"open","sticky":false,"template":"","format":"standard","meta":{"_crdt_document":"","ngg_post_thumbnail":0,"_jetpack_memberships_contains_paid_content":false,"footnotes":""},"categories":[1],"tags":[],"class_list":["post-81909","post","type-post","status-publish","format-standard","hentry","category-allgemein","entity-5sb","entity-fdi","entity-landesregierung","entity-lega","issue-banalnationalism","issue-italianizzazione","issue-landtagswahl-2023","issue-outgroup","location-sudtirolo","language-deutsch","medium-ff","medium-swz","medium-taz","person-christian-bianchi","topic-colonialismi","topic-medien","topic-minorisaziun","topic-nationalismus","topic-plurilinguism","topic-politik"],"jetpack_featured_media_url":"","jetpack_sharing_enabled":true,"_links":{"self":[{"href":"https:\/\/www.brennerbasisdemokratie.eu\/index.php?rest_route=\/wp\/v2\/posts\/81909","targetHints":{"allow":["GET"]}}],"collection":[{"href":"https:\/\/www.brennerbasisdemokratie.eu\/index.php?rest_route=\/wp\/v2\/posts"}],"about":[{"href":"https:\/\/www.brennerbasisdemokratie.eu\/index.php?rest_route=\/wp\/v2\/types\/post"}],"author":[{"embeddable":true,"href":"https:\/\/www.brennerbasisdemokratie.eu\/index.php?rest_route=\/wp\/v2\/users\/1"}],"replies":[{"embeddable":true,"href":"https:\/\/www.brennerbasisdemokratie.eu\/index.php?rest_route=%2Fwp%2Fv2%2Fcomments&post=81909"}],"version-history":[{"count":14,"href":"https:\/\/www.brennerbasisdemokratie.eu\/index.php?rest_route=\/wp\/v2\/posts\/81909\/revisions"}],"predecessor-version":[{"id":81913,"href":"https:\/\/www.brennerbasisdemokratie.eu\/index.php?rest_route=\/wp\/v2\/posts\/81909\/revisions\/81913"}],"wp:attachment":[{"href":"https:\/\/www.brennerbasisdemokratie.eu\/index.php?rest_route=%2Fwp%2Fv2%2Fmedia&parent=81909"}],"wp:term":[{"taxonomy":"category","embeddable":true,"href":"https:\/\/www.brennerbasisdemokratie.eu\/index.php?rest_route=%2Fwp%2Fv2%2Fcategories&post=81909"},{"taxonomy":"post_tag","embeddable":true,"href":"https:\/\/www.brennerbasisdemokratie.eu\/index.php?rest_route=%2Fwp%2Fv2%2Ftags&post=81909"}],"curies":[{"name":"wp","href":"https:\/\/api.w.org\/{rel}","templated":true}]}}