{"id":81930,"date":"2023-11-14T14:13:45","date_gmt":"2023-11-14T13:13:45","guid":{"rendered":"https:\/\/www.brennerbasisdemokratie.eu\/?p=81930"},"modified":"2023-11-24T10:09:23","modified_gmt":"2023-11-24T09:09:23","slug":"freiwillige-einheit","status":"publish","type":"post","link":"https:\/\/www.brennerbasisdemokratie.eu\/?p=81930","title":{"rendered":"Freiwillige Unteilbarkeit der Nation?"},"content":{"rendered":"<p>Italienische Parteien, darunter neofaschistische, <a title=\"Italienerinnen in der Landesregierung: FdI will Statut ab\u00e4ndern.\" href=\"https:\/\/www.brennerbasisdemokratie.eu\/?p=81664\" rel=\"\">fordern<\/a>&nbsp;bei der Bildung der n\u00e4chsten Landesregierung eine Abweichung vom Proporz zu ihren Gunsten und zu Lasten der nationalen Minderheit. Da dauert es nat\u00fcrlich nicht lange, bis auf deutschsprachiger Seite nachgegeben wird: Schon regt Politikwissenschafter G\u00fcnther Pallaver in einem <em>Salto<\/em>-Beitrag <em>(<a title=\"Salto: Flexibler Proporz.\" href=\"https:\/\/salto.bz\/de\/article\/14112023\/freiwilliger-proporz\" target=\"_blank\" rel=\"noopener\">Freiwilliger Proporz<\/a>)<\/em> an, die gegenw\u00e4rtige Regelung abzu\u00e4ndern, um sie zu flexibilisieren. Nach dem Vorbild der Schweizer Konkordanz solle k\u00fcnftig nur noch auf Freiwilligkeit gesetzt werden.<\/p>\n<p>W\u00e4hrend sich andere Staatsparlamente in Europa <a href=\"https:\/\/www.brennerbasisdemokratie.eu\/?p=80972\">immer weiter den Rechten der Minderheiten \u00f6ffnen<\/a>, sollen also hierzulande wieder die Privilegien der nationalen Mehrheit gest\u00e4rkt werden. Womit man zudem transethnisches Wahlverhalten <a href=\"https:\/\/www.brennerbasisdemokratie.eu\/?p=17905\"><em>ad absurdum<\/em> f\u00fchren<\/a> w\u00fcrde.<\/p>\n<h6>Gefragt, gekuscht<\/h6>\n<p>Doch ist die jetzige Haltung der italienischen Parteien \u00fcberhaupt eine gute Basis f\u00fcr ein derartiges Unterfangen? Noch dazu in einem Kontext, wo Italien von rechtsrechten Kr\u00e4ften regiert wird und allgemein kaum Verst\u00e4ndnis f\u00fcr die Befindlichkeiten einer Minderheit vorhanden ist (vgl. <a title=\"\u00abRespirare il sacro tricolore.\u00bb\" href=\"https:\/\/www.brennerbasisdemokratie.eu\/?p=81034\" rel=\"\"><code>01<\/code><\/a> <a title=\"Nur der PD ist gegen Zweisprachigkeit und Proporz.\" href=\"https:\/\/www.brennerbasisdemokratie.eu\/?p=81388\" rel=\"\"><code>02<\/code><\/a>&nbsp;<a href=\"https:\/\/www.brennerbasisdemokratie.eu\/?p=77709\"><code>03<\/code><\/a>). Der <abbr title=\"Partito Democratico\">PD<\/abbr> setzt \u2014 von wegen Freiwilligkeit \u2014 sogar <a title=\"Landesregierung: PD f\u00fcr ethnische Erpressung.\" href=\"https:\/\/www.brennerbasisdemokratie.eu\/?p=81881\" rel=\"\">auf Erpressung.<\/a><\/p>\n<p>Doch wenn sich die italienischen Parteien schon jetzt, wo die Regeln klar sind, so verhalten, als k\u00f6nnte man sie nach Gutd\u00fcnken anwenden: Wie gro\u00df w\u00e4re dann in Zukunft die Wahrscheinlichkeit, dass aus der angeblichen Freiwilligkeit erst Recht ein Anspruchsdenken entsteht, dem mit allen Mitteln Nachdruck verliehen wird?<\/p>\n<p>Pallaver schreibt:<\/p>\n<blockquote><p>Die St\u00e4rke der S\u00fcdtiroler Autonomie beruht [auf] ihrer Flexibilit\u00e4t und Anpassungsf\u00e4higkeit an die soziale Wirklichkeit, [auf] ihrem st\u00e4ndigen Wandel.<\/p>\n<p><small><em>\u2013 G\u00fcnther Pallaver<\/em><\/small><\/p><\/blockquote>\n<p>Die Autonomie muss stets flexibel und anschmiegsam sein. Grunds\u00e4tzlich k\u00f6nnte man einverstanden sein. Doch wo ist diese Flexibilit\u00e4t beim Staat? Wo ist sie bei der Rechtsprechung des Verfassungsgerichts? Ich w\u00fcrde daher einen provokanten Deal vorschlagen: Der Minderheitenschutz wird \u2014 wennschon \u2014 flexibilisiert, sobald auch ihr, liebe italienische Parteien, Artikel 5 der italienischen Verfassung (Unteilbarkeit des Staates) flexibilisiert. Und er bleibt so lange starr, wie ihr tatenlos dabei zuseht, wie Zwei- und Dreisprachigkeit systematisch ausgehebelt (z. B. <a href=\"https:\/\/www.brennerbasisdemokratie.eu\/?p=69693\"><code>01<\/code><\/a> <a href=\"https:\/\/www.brennerbasisdemokratie.eu\/?p=58850\"><code>02<\/code><\/a> <a href=\"https:\/\/www.brennerbasisdemokratie.eu\/?p=48222\"><code>03<\/code><\/a>) werden. Bis dahin ist Flexibilisierung <em>zu Lasten<\/em> der Minderheit leider verfr\u00fcht.<\/p>\n<p><strong><span style=\"font-family: Helvetica, Arial, sans-serif; text-transform: uppercase;\">C\u00ebla enghe:<\/span><\/strong> <a title=\"Due assessori \u2013 senza voti.\" href=\"https:\/\/www.brennerbasisdemokratie.eu\/?p=81781\"><code>01<\/code><\/a> <span style=\"font-family: Helvetica, Arial, sans-serif; font-weight: normal;\">||<\/span> <a title=\"La Lega mette in dubbio la rappresentanza ladina.\" href=\"https:\/\/www.brennerbasisdemokratie.eu\/?p=81953\" rel=\"\"><span style=\"color: #ff8c00\"><code>01<\/code><\/span><\/a> <a title=\"Landesregierung: SVP soll gordischen Knoten l\u00f6sen.\" href=\"https:\/\/www.brennerbasisdemokratie.eu\/?p=82052\" rel=\"\"><span style=\"color: #ff8c00\"><code>02<\/code><\/span><\/a><\/p>","protected":false},"excerpt":{"rendered":"<p>Italienische Parteien, darunter neofaschistische, fordern&nbsp;bei der Bildung der n\u00e4chsten Landesregierung eine Abweichung vom Proporz zu ihren Gunsten und zu Lasten der nationalen Minderheit. Da dauert es nat\u00fcrlich nicht lange, bis auf deutschsprachiger Seite nachgegeben wird: Schon regt Politikwissenschafter G\u00fcnther Pallaver in einem Salto-Beitrag (Freiwilliger Proporz) an, die gegenw\u00e4rtige Regelung abzu\u00e4ndern, um sie zu flexibilisieren. Nach [&hellip;]<\/p>","protected":false},"author":1,"featured_media":0,"comment_status":"open","ping_status":"open","sticky":false,"template":"","format":"standard","meta":{"ngg_post_thumbnail":0,"_jetpack_newsletter_access":"","_jetpack_dont_email_post_to_subs":false,"_jetpack_newsletter_tier_id":0,"_jetpack_memberships_contains_paywalled_content":false,"_jetpack_memberships_contains_paid_content":false,"footnotes":""},"categories":[1],"tags":[],"class_list":["post-81930","post","type-post","status-publish","format-standard","hentry","category-allgemein","entity-fdi","entity-landesregierung","entity-lega","entity-pd","entity-verfassungsgericht","issue-landtagswahl-2023","issue-proporz","issue-zitac","location-italy","location-sudtirolo","language-deutsch","medium-salto","person-gunther-pallaver","topic-colonialismi","topic-democrazia","topic-faschismen","topic-minderheitenschutz","topic-minorisaziun","topic-nationalismus","topic-politik","topic-selbstbestimmung"],"yoast_head":"<!-- This site is optimized with the Yoast SEO plugin v28.3 - https:\/\/yoast.com\/product\/yoast-seo-wordpress\/ -->\n<title>Freiwillige Unteilbarkeit der Nation? - BBD<\/title>\n<meta name=\"robots\" content=\"index, follow, max-snippet:-1, max-image-preview:large, max-video-preview:-1\" \/>\n<link rel=\"canonical\" href=\"https:\/\/www.brennerbasisdemokratie.eu\/?p=81930\" \/>\n<meta property=\"og:locale\" content=\"en_GB\" \/>\n<meta property=\"og:type\" content=\"article\" \/>\n<meta property=\"og:title\" content=\"Freiwillige Unteilbarkeit der Nation? - BBD\" \/>\n<meta property=\"og:description\" content=\"Italienische Parteien, darunter neofaschistische, fordern&nbsp;bei der Bildung der n\u00e4chsten Landesregierung eine Abweichung vom Proporz zu ihren Gunsten und zu Lasten der nationalen Minderheit. Da dauert es nat\u00fcrlich nicht lange, bis auf deutschsprachiger Seite nachgegeben wird: Schon regt Politikwissenschafter G\u00fcnther Pallaver in einem Salto-Beitrag (Freiwilliger Proporz) an, die gegenw\u00e4rtige Regelung abzu\u00e4ndern, um sie zu flexibilisieren. Nach [&hellip;]\" \/>\n<meta property=\"og:url\" content=\"https:\/\/www.brennerbasisdemokratie.eu\/?p=81930\" \/>\n<meta property=\"og:site_name\" content=\"BBD\" \/>\n<meta property=\"article:publisher\" content=\"https:\/\/www.facebook.com\/Brennerbasisdemokratie\/\" \/>\n<meta property=\"article:published_time\" content=\"2023-11-14T13:13:45+00:00\" \/>\n<meta property=\"article:modified_time\" content=\"2023-11-24T09:09:23+00:00\" \/>\n<meta property=\"og:image\" content=\"https:\/\/www.brennerbasisdemokratie.eu\/wp-content\/uploads\/2026\/08\/bbd-defaultimage.png\" \/>\n\t<meta property=\"og:image:width\" content=\"1200\" \/>\n\t<meta property=\"og:image:height\" content=\"630\" \/>\n\t<meta property=\"og:image:type\" content=\"image\/png\" \/>\n<meta name=\"author\" content=\"Simon Constantini\" \/>\n<meta name=\"twitter:card\" content=\"summary_large_image\" \/>\n<meta name=\"twitter:creator\" content=\"@31bbd\" \/>\n<meta name=\"twitter:site\" content=\"@31bbd\" \/>\n<meta name=\"twitter:label1\" content=\"Written by\" \/>\n\t<meta name=\"twitter:data1\" content=\"Simon Constantini\" \/>\n\t<meta name=\"twitter:label2\" content=\"Estimated reading time\" \/>\n\t<meta name=\"twitter:data2\" content=\"2 minutes\" \/>\n<script type=\"application\/ld+json\" class=\"yoast-schema-graph\">{\"@context\":\"https:\\\/\\\/schema.org\",\"@graph\":[{\"@type\":\"Article\",\"@id\":\"https:\\\/\\\/www.brennerbasisdemokratie.eu\\\/?p=81930#article\",\"isPartOf\":{\"@id\":\"https:\\\/\\\/www.brennerbasisdemokratie.eu\\\/?p=81930\"},\"author\":{\"name\":\"Simon Constantini\",\"@id\":\"https:\\\/\\\/www.brennerbasisdemokratie.eu\\\/#\\\/schema\\\/person\\\/d02c4d1a3c6c3b2c70d7c7f27eb857ec\"},\"headline\":\"Freiwillige Unteilbarkeit der Nation?\",\"datePublished\":\"2023-11-14T13:13:45+00:00\",\"dateModified\":\"2023-11-24T09:09:23+00:00\",\"mainEntityOfPage\":{\"@id\":\"https:\\\/\\\/www.brennerbasisdemokratie.eu\\\/?p=81930\"},\"wordCount\":345,\"commentCount\":1,\"publisher\":{\"@id\":\"https:\\\/\\\/www.brennerbasisdemokratie.eu\\\/#organization\"},\"articleSection\":[\"BBD\"],\"inLanguage\":\"en-GB\",\"potentialAction\":[{\"@type\":\"CommentAction\",\"name\":\"Comment\",\"target\":[\"https:\\\/\\\/www.brennerbasisdemokratie.eu\\\/?p=81930#respond\"]}]},{\"@type\":\"WebPage\",\"@id\":\"https:\\\/\\\/www.brennerbasisdemokratie.eu\\\/?p=81930\",\"url\":\"https:\\\/\\\/www.brennerbasisdemokratie.eu\\\/?p=81930\",\"name\":\"Freiwillige Unteilbarkeit der Nation? - BBD\",\"isPartOf\":{\"@id\":\"https:\\\/\\\/www.brennerbasisdemokratie.eu\\\/#website\"},\"datePublished\":\"2023-11-14T13:13:45+00:00\",\"dateModified\":\"2023-11-24T09:09:23+00:00\",\"breadcrumb\":{\"@id\":\"https:\\\/\\\/www.brennerbasisdemokratie.eu\\\/?p=81930#breadcrumb\"},\"inLanguage\":\"en-GB\",\"potentialAction\":[{\"@type\":\"ReadAction\",\"target\":[\"https:\\\/\\\/www.brennerbasisdemokratie.eu\\\/?p=81930\"]}]},{\"@type\":\"BreadcrumbList\",\"@id\":\"https:\\\/\\\/www.brennerbasisdemokratie.eu\\\/?p=81930#breadcrumb\",\"itemListElement\":[{\"@type\":\"ListItem\",\"position\":1,\"name\":\"Home\",\"item\":\"https:\\\/\\\/www.brennerbasisdemokratie.eu\\\/\"},{\"@type\":\"ListItem\",\"position\":2,\"name\":\"Freiwillige Unteilbarkeit der Nation?\"}]},{\"@type\":\"WebSite\",\"@id\":\"https:\\\/\\\/www.brennerbasisdemokratie.eu\\\/#website\",\"url\":\"https:\\\/\\\/www.brennerbasisdemokratie.eu\\\/\",\"name\":\"Brennerbasisdemokratie\",\"description\":\"linksgr\u00fcnversiffter Separatismus\",\"publisher\":{\"@id\":\"https:\\\/\\\/www.brennerbasisdemokratie.eu\\\/#organization\"},\"alternateName\":\"BBD\",\"potentialAction\":[{\"@type\":\"SearchAction\",\"target\":{\"@type\":\"EntryPoint\",\"urlTemplate\":\"https:\\\/\\\/www.brennerbasisdemokratie.eu\\\/?s={search_term_string}\"},\"query-input\":{\"@type\":\"PropertyValueSpecification\",\"valueRequired\":true,\"valueName\":\"search_term_string\"}}],\"inLanguage\":\"en-GB\"},{\"@type\":\"Organization\",\"@id\":\"https:\\\/\\\/www.brennerbasisdemokratie.eu\\\/#organization\",\"name\":\"BBD\",\"url\":\"https:\\\/\\\/www.brennerbasisdemokratie.eu\\\/\",\"logo\":{\"@type\":\"ImageObject\",\"inLanguage\":\"en-GB\",\"@id\":\"https:\\\/\\\/www.brennerbasisdemokratie.eu\\\/#\\\/schema\\\/logo\\\/image\\\/\",\"url\":\"\",\"contentUrl\":\"\",\"caption\":\"BBD\"},\"image\":{\"@id\":\"https:\\\/\\\/www.brennerbasisdemokratie.eu\\\/#\\\/schema\\\/logo\\\/image\\\/\"},\"sameAs\":[\"https:\\\/\\\/www.facebook.com\\\/Brennerbasisdemokratie\\\/\",\"https:\\\/\\\/x.com\\\/31bbd\",\"https:\\\/\\\/bsky.app\\\/profile\\\/31bbd.bsky.social\",\"https:\\\/\\\/tyrol.social\\\/@bbd\"]},{\"@type\":\"Person\",\"@id\":\"https:\\\/\\\/www.brennerbasisdemokratie.eu\\\/#\\\/schema\\\/person\\\/d02c4d1a3c6c3b2c70d7c7f27eb857ec\",\"name\":\"Simon Constantini\",\"image\":{\"@type\":\"ImageObject\",\"inLanguage\":\"en-GB\",\"@id\":\"https:\\\/\\\/secure.gravatar.com\\\/avatar\\\/48c8e5a626e54792d47a47aaa2dfe3ad32a7e03bd56f76114a8ecaae23e227ff?s=96&d=identicon&r=r\",\"url\":\"https:\\\/\\\/secure.gravatar.com\\\/avatar\\\/48c8e5a626e54792d47a47aaa2dfe3ad32a7e03bd56f76114a8ecaae23e227ff?s=96&d=identicon&r=r\",\"contentUrl\":\"https:\\\/\\\/secure.gravatar.com\\\/avatar\\\/48c8e5a626e54792d47a47aaa2dfe3ad32a7e03bd56f76114a8ecaae23e227ff?s=96&d=identicon&r=r\",\"caption\":\"Simon Constantini\"},\"sameAs\":[\"http:\\\/\\\/www.brennerbasisdemokratie.eu\\\/?author=1\"],\"url\":\"https:\\\/\\\/www.brennerbasisdemokratie.eu\\\/?author=1\"}]}<\/script>\n<!-- \/ Yoast SEO plugin. -->","yoast_head_json":{"title":"Freiwillige Unteilbarkeit der Nation? - BBD","robots":{"index":"index","follow":"follow","max-snippet":"max-snippet:-1","max-image-preview":"max-image-preview:large","max-video-preview":"max-video-preview:-1"},"canonical":"https:\/\/www.brennerbasisdemokratie.eu\/?p=81930","og_locale":"en_GB","og_type":"article","og_title":"Freiwillige Unteilbarkeit der Nation? - BBD","og_description":"Italienische Parteien, darunter neofaschistische, fordern&nbsp;bei der Bildung der n\u00e4chsten Landesregierung eine Abweichung vom Proporz zu ihren Gunsten und zu Lasten der nationalen Minderheit. Da dauert es nat\u00fcrlich nicht lange, bis auf deutschsprachiger Seite nachgegeben wird: Schon regt Politikwissenschafter G\u00fcnther Pallaver in einem Salto-Beitrag (Freiwilliger Proporz) an, die gegenw\u00e4rtige Regelung abzu\u00e4ndern, um sie zu flexibilisieren. Nach [&hellip;]","og_url":"https:\/\/www.brennerbasisdemokratie.eu\/?p=81930","og_site_name":"BBD","article_publisher":"https:\/\/www.facebook.com\/Brennerbasisdemokratie\/","article_published_time":"2023-11-14T13:13:45+00:00","article_modified_time":"2023-11-24T09:09:23+00:00","og_image":[{"width":1200,"height":630,"url":"https:\/\/www.brennerbasisdemokratie.eu\/wp-content\/uploads\/2026\/08\/bbd-defaultimage.png","type":"image\/png"}],"author":"Simon Constantini","twitter_card":"summary_large_image","twitter_creator":"@31bbd","twitter_site":"@31bbd","twitter_misc":{"Written by":"Simon Constantini","Estimated reading time":"2 minutes"},"schema":{"@context":"https:\/\/schema.org","@graph":[{"@type":"Article","@id":"https:\/\/www.brennerbasisdemokratie.eu\/?p=81930#article","isPartOf":{"@id":"https:\/\/www.brennerbasisdemokratie.eu\/?p=81930"},"author":{"name":"Simon Constantini","@id":"https:\/\/www.brennerbasisdemokratie.eu\/#\/schema\/person\/d02c4d1a3c6c3b2c70d7c7f27eb857ec"},"headline":"Freiwillige Unteilbarkeit der Nation?","datePublished":"2023-11-14T13:13:45+00:00","dateModified":"2023-11-24T09:09:23+00:00","mainEntityOfPage":{"@id":"https:\/\/www.brennerbasisdemokratie.eu\/?p=81930"},"wordCount":345,"commentCount":1,"publisher":{"@id":"https:\/\/www.brennerbasisdemokratie.eu\/#organization"},"articleSection":["BBD"],"inLanguage":"en-GB","potentialAction":[{"@type":"CommentAction","name":"Comment","target":["https:\/\/www.brennerbasisdemokratie.eu\/?p=81930#respond"]}]},{"@type":"WebPage","@id":"https:\/\/www.brennerbasisdemokratie.eu\/?p=81930","url":"https:\/\/www.brennerbasisdemokratie.eu\/?p=81930","name":"Freiwillige Unteilbarkeit der Nation? - BBD","isPartOf":{"@id":"https:\/\/www.brennerbasisdemokratie.eu\/#website"},"datePublished":"2023-11-14T13:13:45+00:00","dateModified":"2023-11-24T09:09:23+00:00","breadcrumb":{"@id":"https:\/\/www.brennerbasisdemokratie.eu\/?p=81930#breadcrumb"},"inLanguage":"en-GB","potentialAction":[{"@type":"ReadAction","target":["https:\/\/www.brennerbasisdemokratie.eu\/?p=81930"]}]},{"@type":"BreadcrumbList","@id":"https:\/\/www.brennerbasisdemokratie.eu\/?p=81930#breadcrumb","itemListElement":[{"@type":"ListItem","position":1,"name":"Home","item":"https:\/\/www.brennerbasisdemokratie.eu\/"},{"@type":"ListItem","position":2,"name":"Freiwillige Unteilbarkeit der Nation?"}]},{"@type":"WebSite","@id":"https:\/\/www.brennerbasisdemokratie.eu\/#website","url":"https:\/\/www.brennerbasisdemokratie.eu\/","name":"Brennerbasisdemokratie","description":"linksgr\u00fcnversiffter Separatismus","publisher":{"@id":"https:\/\/www.brennerbasisdemokratie.eu\/#organization"},"alternateName":"BBD","potentialAction":[{"@type":"SearchAction","target":{"@type":"EntryPoint","urlTemplate":"https:\/\/www.brennerbasisdemokratie.eu\/?s={search_term_string}"},"query-input":{"@type":"PropertyValueSpecification","valueRequired":true,"valueName":"search_term_string"}}],"inLanguage":"en-GB"},{"@type":"Organization","@id":"https:\/\/www.brennerbasisdemokratie.eu\/#organization","name":"BBD","url":"https:\/\/www.brennerbasisdemokratie.eu\/","logo":{"@type":"ImageObject","inLanguage":"en-GB","@id":"https:\/\/www.brennerbasisdemokratie.eu\/#\/schema\/logo\/image\/","url":"","contentUrl":"","caption":"BBD"},"image":{"@id":"https:\/\/www.brennerbasisdemokratie.eu\/#\/schema\/logo\/image\/"},"sameAs":["https:\/\/www.facebook.com\/Brennerbasisdemokratie\/","https:\/\/x.com\/31bbd","https:\/\/bsky.app\/profile\/31bbd.bsky.social","https:\/\/tyrol.social\/@bbd"]},{"@type":"Person","@id":"https:\/\/www.brennerbasisdemokratie.eu\/#\/schema\/person\/d02c4d1a3c6c3b2c70d7c7f27eb857ec","name":"Simon Constantini","image":{"@type":"ImageObject","inLanguage":"en-GB","@id":"https:\/\/secure.gravatar.com\/avatar\/48c8e5a626e54792d47a47aaa2dfe3ad32a7e03bd56f76114a8ecaae23e227ff?s=96&d=identicon&r=r","url":"https:\/\/secure.gravatar.com\/avatar\/48c8e5a626e54792d47a47aaa2dfe3ad32a7e03bd56f76114a8ecaae23e227ff?s=96&d=identicon&r=r","contentUrl":"https:\/\/secure.gravatar.com\/avatar\/48c8e5a626e54792d47a47aaa2dfe3ad32a7e03bd56f76114a8ecaae23e227ff?s=96&d=identicon&r=r","caption":"Simon Constantini"},"sameAs":["http:\/\/www.brennerbasisdemokratie.eu\/?author=1"],"url":"https:\/\/www.brennerbasisdemokratie.eu\/?author=1"}]}},"jetpack_sharing_enabled":true,"jetpack_featured_media_url":"","_links":{"self":[{"href":"https:\/\/www.brennerbasisdemokratie.eu\/index.php?rest_route=\/wp\/v2\/posts\/81930","targetHints":{"allow":["GET"]}}],"collection":[{"href":"https:\/\/www.brennerbasisdemokratie.eu\/index.php?rest_route=\/wp\/v2\/posts"}],"about":[{"href":"https:\/\/www.brennerbasisdemokratie.eu\/index.php?rest_route=\/wp\/v2\/types\/post"}],"author":[{"embeddable":true,"href":"https:\/\/www.brennerbasisdemokratie.eu\/index.php?rest_route=\/wp\/v2\/users\/1"}],"replies":[{"embeddable":true,"href":"https:\/\/www.brennerbasisdemokratie.eu\/index.php?rest_route=%2Fwp%2Fv2%2Fcomments&post=81930"}],"version-history":[{"count":13,"href":"https:\/\/www.brennerbasisdemokratie.eu\/index.php?rest_route=\/wp\/v2\/posts\/81930\/revisions"}],"predecessor-version":[{"id":82065,"href":"https:\/\/www.brennerbasisdemokratie.eu\/index.php?rest_route=\/wp\/v2\/posts\/81930\/revisions\/82065"}],"wp:attachment":[{"href":"https:\/\/www.brennerbasisdemokratie.eu\/index.php?rest_route=%2Fwp%2Fv2%2Fmedia&parent=81930"}],"wp:term":[{"taxonomy":"category","embeddable":true,"href":"https:\/\/www.brennerbasisdemokratie.eu\/index.php?rest_route=%2Fwp%2Fv2%2Fcategories&post=81930"},{"taxonomy":"post_tag","embeddable":true,"href":"https:\/\/www.brennerbasisdemokratie.eu\/index.php?rest_route=%2Fwp%2Fv2%2Ftags&post=81930"}],"curies":[{"name":"wp","href":"https:\/\/api.w.org\/{rel}","templated":true}]}}