{"id":81988,"date":"2023-11-17T19:50:13","date_gmt":"2023-11-17T18:50:13","guid":{"rendered":"https:\/\/www.brennerbasisdemokratie.eu\/?p=81988"},"modified":"2024-06-18T21:05:02","modified_gmt":"2024-06-18T19:05:02","slug":"dorfmann-kritisiert-spanische-amnestie","status":"publish","type":"post","link":"https:\/\/www.brennerbasisdemokratie.eu\/?p=81988","title":{"rendered":"Dorfmann kritisiert spanische Amnestie."},"content":{"rendered":"<p>Bez\u00fcglich der Amnestie f\u00fcr die katalanischen Unabh\u00e4ngigkeitsbewegung, der der spanische Ministerpr\u00e4sident Pedro S\u00e1nchez (<abbr title=\"Partido Socialista Obrero Espa\u00f1ol\">PSOE<\/abbr>) in <a title=\"I catalani chiedono amnistia e referendum.\" href=\"https:\/\/www.brennerbasisdemokratie.eu\/?p=81052\" rel=\"\">Koalitionsverhandlungen<\/a> mit katalanischen Parteien zugestimmt hat, zitierte die <abbr title=\"Tageszeitung\">TAZ<\/abbr> den EU-Abgeordneten Herbert Dorfmann (<abbr title=\"S\u00fcdtiroler Volkspartei\">SVP<\/abbr>) vorgestern so:<\/p>\n<blockquote><p>Es ist eine formal bedenkliche Geschichte, dass man die Gerichtsbarkeit in die Knie zwingt, damit jemand eine Regierung bilden kann.<\/p>\n<p><em><small>\u2013 Herbert Dorfmann<br \/>\n<\/small><\/em><\/p><\/blockquote>\n<p>Damit befindet sich der S\u00fcdtiroler Autonomist mit den ultranationalistischen Positionen der spanischen <abbr title=\"Partido Popular\">PP<\/abbr> und <em>Vox<\/em> in Einklang. <a title=\"Dorfmann: \u00bbJeder andere Staat w\u00fcrde dasselbe tun.\u00ab\" href=\"https:\/\/www.brennerbasisdemokratie.eu\/?p=40150\" rel=\"\">Ganz normal ist f\u00fcr Dorfmann jedoch<\/a>, wie das PP-gef\u00fchrte Spanien am 1. Oktober 2017 friedliche Abstimmungsteilnehmerinnen brutal niederkn\u00fcppeln lie\u00df. Von <abbr title=\"Nichtregierungsorganisation\">NRO<\/abbr>s wie <a title=\"Human Rights Watch r\u00fcgt Spanien.\" href=\"https:\/\/www.brennerbasisdemokratie.eu\/?p=36994\" rel=\"\"><em>Human Rights Watch<\/em><\/a>, <em><a title=\"AI best\u00e4tigt Gewalt und fordert Ermittlungen.\" href=\"https:\/\/www.brennerbasisdemokratie.eu\/?p=36863\" rel=\"\">Amnesty International<\/a><\/em> und <a title=\"GfbV erhebt schwere Vorw\u00fcrfe gegen Spanien.\" href=\"https:\/\/www.brennerbasisdemokratie.eu\/?p=36801\" rel=\"\">GfbV<\/a>, aber auch von Institutionen wie der <a title=\"OSZE kritisiert \u00dcberf\u00e4lle der spanischen Polizei.\" href=\"https:\/\/www.brennerbasisdemokratie.eu\/?p=36777\" rel=\"\">OSZE<\/a> und der UNO wurde die damalige Polizeigewalt hingegen verurteilt.<\/p>\n<p>In der Folge <a title=\"Die \u00bbRebellion\u00ab nimmt Gestalt an.\" href=\"https:\/\/www.brennerbasisdemokratie.eu\/?p=37263\" rel=\"\">fabrizierte<\/a> eine durch und durch <a title=\"Llarena l\u00e4sst sich von Rechten ehren.\" href=\"https:\/\/www.brennerbasisdemokratie.eu\/?p=69607\" rel=\"\">politisierten Justiz<\/a> schwerwiegende Vorw\u00fcrfe gegen Unabh\u00e4ngigkeitsbef\u00fcrworterinnen, um deren politische Verfolgung mit juristischen Mitteln (Stichwort: <em>Lawfare)<\/em> zu erm\u00f6glichen. Es darf daran erinnert werden, dass die Gerichtsbarkeit anderer europ\u00e4ischer Staaten die Rebellions- und Hochverratsvorw\u00fcrfe in Auslieferungsverfahren stets abgewiesen (<a title=\"Puigdemont soll ausgeliefert werden.\" href=\"https:\/\/www.brennerbasisdemokratie.eu\/?p=41846\" rel=\"\"><code>01<\/code><\/a> <a title=\"Haftbefehl gegen Puig gescheitert.\" href=\"https:\/\/www.brennerbasisdemokratie.eu\/?p=62924\" rel=\"\"><code>02<\/code><\/a> <a title=\"Sardegna: Puigdemont libero.\" href=\"https:\/\/www.brennerbasisdemokratie.eu\/?p=68128\" rel=\"\"><code>03<\/code><\/a> <span style=\"font-family: Helvetica, Arial, sans-serif; font-weight: normal;\">|<\/span> <a title=\"Katalonien: Schweiz watscht Spanien ab.\" href=\"https:\/\/www.brennerbasisdemokratie.eu\/?p=39191\" rel=\"\"><code>04<\/code><\/a>) und <a title=\"Staaten spielen bei spanischer Repression nicht mit.\" href=\"https:\/\/www.brennerbasisdemokratie.eu\/?p=68101\" rel=\"\">sich geweigert hat<\/a>, bei der v\u00f6llig \u00fcberzogenen <a href=\"https:\/\/www.brennerbasisdemokratie.eu\/?p=51551\">Repression<\/a> mitzuspielen.<\/p>\n<p>Auch f\u00fcr die Verfolgung und Inhaftierung von Politikerinnen wurde Spanien von internationalen Organisationen und Gremien scharf kritisiert und mehrmals nachdr\u00fccklich zu ihrer Freilassung aufgefordert (vgl. <a title=\"UNO fordert erneut Ende der willk\u00fcrlichen Haft.\" href=\"https:\/\/www.brennerbasisdemokratie.eu\/?p=49866\" rel=\"\"><code>01<\/code><\/a> <a title=\"UNO gegen Unterdr\u00fcckung der Unabh\u00e4ngigkeitsbewegung.\" href=\"https:\/\/www.brennerbasisdemokratie.eu\/?p=77977\" rel=\"\"><code>02<\/code><\/a> <a title=\"Grundrechte katalanischer Politiker verletzt.\" href=\"https:\/\/www.brennerbasisdemokratie.eu\/?p=73947\" rel=\"\"><code>03<\/code><\/a> <a title=\"L\u2019ONU esige la liberazione di Oriol e dei Jordi.\" href=\"https:\/\/www.brennerbasisdemokratie.eu\/?p=48876\" rel=\"\"><code>04<\/code><\/a>). Der f\u00fcr Grundrechte zust\u00e4ndige <em>Europarat<\/em> <a title=\"Europarat kritisiert Spanien scharf.\" href=\"https:\/\/www.brennerbasisdemokratie.eu\/?p=66568\" rel=\"\">nannte<\/a> das Land gar schon in einem Atemzug mit der autorit\u00e4ren T\u00fcrkei. Es erstaunt also eher, dass sich Pedro S\u00e1nchez <em>erst jetzt<\/em> und im Laufe von Koalitionsverhandlungen dazu entschieden hat, der offensichtlich entgleisten Justiz endlich einen Riegel vorzuschieben.<\/p>\n<p>Expertinnen hatten ohnehin l\u00e4ngst gewarnt, dass Spanien demn\u00e4chst eine schallende Ohrfeige vom <em>Europ\u00e4ischen Gerichtshof f\u00fcr Menschenrechte<\/em> (wo die F\u00e4lle mehrerer Katalaninnen inzwischen h\u00e4ngig waren) gedroht h\u00e4tte \u2014 und somit ein Eingriff dringend geboten war, um dem Land <a href=\"https:\/\/www.brennerbasisdemokratie.eu\/?p=43947\">eine weitere<\/a> &nbsp;krachende Niederlage zu ersparen.<\/p>\n<p>Heute \u00fcbrigens ver\u00f6ffentlichte die weit rechte <em>Asociaci\u00f3n de Militares Espa\u00f1oles, <\/em>deren auf Gegenseitigkeit beruhende Sympathien f\u00fcr PP und <em>Vox<\/em> kein Geheimnis sind, einen offenen Brief. Darin fordern im Ruhestand befindliche Milit\u00e4rs die Streitkr\u00e4fte ausdr\u00fccklich zu einem Putsch gegen S\u00e1nchez auf. Sie werden wohl mit&nbsp;der gr\u00f6\u00dftm\u00f6glichen Milde der Justiz rechnen k\u00f6nnen. Hochverratsvorw\u00fcrfe sind unwahrscheinlich.<\/p>\n<p>Aber Dorfmann findet stattdessen eine l\u00e4ngst \u00fcberf\u00e4llige Amnestie, dank der ein politisches Problem wieder dorthin geholt wird, wo es hingeh\u00f6rt \u2014 n\u00e4mlich in die politische Arena und nicht in Gerichtss\u00e4le \u2014, bedenklich. Unfassbar.<\/p>\n<p><strong><span style=\"font-family: Helvetica, Arial, sans-serif; text-transform: uppercase;\">C\u00ebla enghe:<\/span><\/strong> <a title=\"EU laut Dorfmann \u00bbvern\u00fcnftig\u00ab.\" href=\"https:\/\/www.brennerbasisdemokratie.eu\/?p=36499\" rel=\"\"><code>01<\/code><\/a>&nbsp;<a title=\"Bei Anfrage Politik.\" href=\"https:\/\/www.brennerbasisdemokratie.eu\/?p=64093\" rel=\"\"><code>02<\/code><\/a> <a title=\"Spionage gegen katalanische Unabh\u00e4ngigkeitsbewegung aufgedeckt.\" href=\"https:\/\/www.brennerbasisdemokratie.eu\/?p=71808\" rel=\"\"><code>03<\/code><\/a> <a href=\"https:\/\/www.brennerbasisdemokratie.eu\/?p=62843\"><code>04<\/code><\/a> <a title=\"Lo schema della giudizializzazione.\" href=\"https:\/\/www.brennerbasisdemokratie.eu\/?p=48112\" rel=\"\"><code>05<\/code><\/a> <a title=\"Antrag von Ponsat\u00ed an Nazi \u00fcbergeben.\" href=\"https:\/\/www.brennerbasisdemokratie.eu\/?p=78107\" rel=\"\"><code>06<\/code><\/a> <span style=\"font-family: Helvetica, Arial, sans-serif; font-weight: normal;\">|<\/span> <a title=\"\u00bbDer Anfang vom Ende der Rechtsstaatlichkeit?\u00ab\" href=\"https:\/\/www.brennerbasisdemokratie.eu\/?p=81959\" rel=\"\"><code>07<\/code><\/a> <span style=\"font-family: Helvetica, Arial, sans-serif; font-weight: normal;\">||<\/span> <a title=\"Drei Richter und das spanische Amnestiegesetz.\" href=\"https:\/\/www.brennerbasisdemokratie.eu\/?p=82261\"><span style=\"color: #ff8c00\"><code>01<\/code><\/span><\/a> <a href=\"https:\/\/www.brennerbasisdemokratie.eu\/?p=86458\" title=\"UN-Berichterstatter bef\u00fcrwortet Amnestie und Selbstbestimmung.\"><span style=\"color: #ff8c00\"><code>02<\/code><\/span><\/a><\/p>","protected":false},"excerpt":{"rendered":"<p>Bez\u00fcglich der Amnestie f\u00fcr die katalanischen Unabh\u00e4ngigkeitsbewegung, der der spanische Ministerpr\u00e4sident Pedro S\u00e1nchez (PSOE) in Koalitionsverhandlungen mit katalanischen Parteien zugestimmt hat, zitierte die TAZ den EU-Abgeordneten Herbert Dorfmann (SVP) vorgestern so: Es ist eine formal bedenkliche Geschichte, dass man die Gerichtsbarkeit in die Knie zwingt, damit jemand eine Regierung bilden kann. \u2013 Herbert Dorfmann Damit [&hellip;]<\/p>","protected":false},"author":1,"featured_media":0,"comment_status":"open","ping_status":"open","sticky":false,"template":"","format":"standard","meta":{"_crdt_document":"","ngg_post_thumbnail":0,"_jetpack_memberships_contains_paid_content":false,"footnotes":""},"categories":[1],"tags":[],"class_list":["post-81988","post","type-post","status-publish","format-standard","hentry","category-allgemein","entity-amnesty-international","entity-egmr","entity-eu-parlament","entity-europarat","entity-evp","entity-gfbv","entity-osze","entity-pp","entity-psoe","entity-svp","entity-uno","entity-vox","issue-1o2017","issue-zitac","location-catalunya","location-europa","location-spania","location-sudtirolo","language-deutsch","medium-taz","person-herbert-dorfmann","person-pedro-sanchez","topic-democrazia","topic-faschismen","topic-grundrechte","topic-militar","topic-nationalismus","topic-politik","topic-recht","topic-repression","topic-selbstbestimmung","topic-zentralismus"],"jetpack_featured_media_url":"","jetpack_sharing_enabled":true,"_links":{"self":[{"href":"https:\/\/www.brennerbasisdemokratie.eu\/index.php?rest_route=\/wp\/v2\/posts\/81988","targetHints":{"allow":["GET"]}}],"collection":[{"href":"https:\/\/www.brennerbasisdemokratie.eu\/index.php?rest_route=\/wp\/v2\/posts"}],"about":[{"href":"https:\/\/www.brennerbasisdemokratie.eu\/index.php?rest_route=\/wp\/v2\/types\/post"}],"author":[{"embeddable":true,"href":"https:\/\/www.brennerbasisdemokratie.eu\/index.php?rest_route=\/wp\/v2\/users\/1"}],"replies":[{"embeddable":true,"href":"https:\/\/www.brennerbasisdemokratie.eu\/index.php?rest_route=%2Fwp%2Fv2%2Fcomments&post=81988"}],"version-history":[{"count":16,"href":"https:\/\/www.brennerbasisdemokratie.eu\/index.php?rest_route=\/wp\/v2\/posts\/81988\/revisions"}],"predecessor-version":[{"id":86466,"href":"https:\/\/www.brennerbasisdemokratie.eu\/index.php?rest_route=\/wp\/v2\/posts\/81988\/revisions\/86466"}],"wp:attachment":[{"href":"https:\/\/www.brennerbasisdemokratie.eu\/index.php?rest_route=%2Fwp%2Fv2%2Fmedia&parent=81988"}],"wp:term":[{"taxonomy":"category","embeddable":true,"href":"https:\/\/www.brennerbasisdemokratie.eu\/index.php?rest_route=%2Fwp%2Fv2%2Fcategories&post=81988"},{"taxonomy":"post_tag","embeddable":true,"href":"https:\/\/www.brennerbasisdemokratie.eu\/index.php?rest_route=%2Fwp%2Fv2%2Ftags&post=81988"}],"curies":[{"name":"wp","href":"https:\/\/api.w.org\/{rel}","templated":true}]}}