{"id":82075,"date":"2023-11-24T20:23:20","date_gmt":"2023-11-24T19:23:20","guid":{"rendered":"https:\/\/www.brennerbasisdemokratie.eu\/?p=82075"},"modified":"2024-12-11T12:31:03","modified_gmt":"2024-12-11T11:31:03","slug":"mehrsprachigkeit-in-sudtirol-aus-historischer-perspektive","status":"publish","type":"post","link":"https:\/\/www.brennerbasisdemokratie.eu\/?p=82075","title":{"rendered":"Mehrsprachigkeit in S\u00fcdtirol aus historischer Perspektive."},"content":{"rendered":"<p>Die <em>Akademie Meran<\/em> und das <em>Center for Autonomy Experience<\/em> organisieren am morgigen Samstag die Tagung<\/p>\n<p style=\"text-align: center;\"><em><strong>Mehrsprachigkeit in S\u00fcdtirol vom Fr\u00fchmittelalter bis zum Ersten Weltkrieg<\/strong><\/em><\/p>\n<blockquote><p>S\u00fcdtirol und das historische Tirol sind seit je eine mehrsprachige Alpenregion. An der \u00dcberschneidungszone zweier gro\u00dfer Kultur- und Wirtschaftsr\u00e4ume gelegen, war das Italienische auch vor der Annexion S\u00fcdtirols durch Italien von 1918-20 in Meran, Bozen oder im Unterland nicht unvertraut. Und auch im Trentino verwendete man seit dem Mittelalter mitunter Deutsch als Verkehrssprache. Neben diesen beiden gro\u00dfen Sprachen existierten mehrere kleinere und wesentlich \u00e4ltere Sprachen. Trotz eines langdauernden R\u00fcckzugsprozesses werden bis heute in den ostalpinen Seitent\u00e4lern das Dolomitenladinische mit seinen f\u00fcnf Idiomen sowie das Zimbrische um Lusern und das Fersentalerische im Trentino gesprochen. Migrationsbewegungen, \u00bbLandnahmen\u00ab und \u00dcberformungen ver\u00e4nderten die Sprachlandschaft des \u00bbLandes im Gebirge\u00ab kontinuierlich und zeigen, wie vielf\u00e4ltig Sprachgeschichte sein kann.&nbsp;<\/p>\n<p>Zw\u00f6lf deutsch-italienische Vortr\u00e4ge, die inhaltlich vom Fr\u00fchmittelalter bis in das 20. Jahrhundert reichen, werden die historische Mehrsprachigkeit erkunden: Was sprach man alles im s\u00fcdlichen Tirol zur Zeit von Walther von der Vogelweide und Dante Alighieri? Wie wurde der einst weitgehend r\u00e4toromanische Vintschgau germanisiert? Was verraten uns Orts- und Flurnamen \u00fcber die Sprachgeschichte Merans? Und allgemein: Welche Rolle spielten \u00fcberhaupt das Konzept \u00bbSprache\u00ab, die \u00bbMehrsprachigkeit\u00ab und der Kontakt mit Fremdsprachen im Leben eines Menschen aus dem Mittelalter, der Fr\u00fchen Neuzeit und der noch jungen Moderne?&nbsp;&nbsp;<\/p>\n<p>Internationale Wissenschaftler*innen aus der Geschichtswissenschaft, der Linguistik, der Literatur- und Translationswissenschaft und der Kulturanthropologie gehen diesen Fragen nach \u2013 um am Ende der Tagung an einem Runden Tisch \u00fcber unsere Vorstellungen von Mehrsprachigkeit in Geschichte und Gegenwart zu diskutieren.&nbsp;&nbsp;<\/p>\n<p>Forscher*innen, Historiker*innen und Interessierte sind herzlich eingeladen. Wir freuen uns auf Ihre Teilnahme und auf anregende Diskussionen!<\/p>\n<p><em>\u2013 aus der offiziellen Ank\u00fcndigung<\/em><\/p><\/blockquote>\n<p><a title=\"Programm.\" href=\"https:\/\/www.autonomyexperience.org\/wp-content\/uploads\/2023\/10\/Programm_Plurilinguismo_11-2023.pdf\" target=\"_blank\" rel=\"noopener\">Programm<\/a><\/p>\n<p>Die Veranstaltung findet am 25. November ab 9.00 Uhr am Sitz der <em>Akademie Meran<\/em> (Franz-Innerhofer-Stra\u00dfe Nr. 1) statt.<\/p>","protected":false},"excerpt":{"rendered":"<p>Die Akademie Meran und das Center for Autonomy Experience organisieren am morgigen Samstag die Tagung Mehrsprachigkeit in S\u00fcdtirol vom Fr\u00fchmittelalter bis zum Ersten Weltkrieg S\u00fcdtirol und das historische Tirol sind seit je eine mehrsprachige Alpenregion. An der \u00dcberschneidungszone zweier gro\u00dfer Kultur- und Wirtschaftsr\u00e4ume gelegen, war das Italienische auch vor der Annexion S\u00fcdtirols durch Italien von [&hellip;]<\/p>","protected":false},"author":1,"featured_media":0,"comment_status":"open","ping_status":"open","sticky":false,"template":"","format":"standard","meta":{"_crdt_document":"","ngg_post_thumbnail":0,"_jetpack_memberships_contains_paid_content":false,"footnotes":""},"categories":[1],"tags":[],"class_list":["post-82075","post","type-post","status-publish","format-standard","hentry","category-allgemein","entity-autonomy-experience","entity-eurac","issue-zitac","location-ladinia","location-nord-osttirol","location-sudtirolo","location-tirol","location-trentino","language-deutsch","topic-kunstcultura","topic-geschichte","topic-ortsnamen","topic-plurilinguism","topic-termin","topic-wissenschaft"],"jetpack_featured_media_url":"","jetpack_sharing_enabled":true,"_links":{"self":[{"href":"https:\/\/www.brennerbasisdemokratie.eu\/index.php?rest_route=\/wp\/v2\/posts\/82075","targetHints":{"allow":["GET"]}}],"collection":[{"href":"https:\/\/www.brennerbasisdemokratie.eu\/index.php?rest_route=\/wp\/v2\/posts"}],"about":[{"href":"https:\/\/www.brennerbasisdemokratie.eu\/index.php?rest_route=\/wp\/v2\/types\/post"}],"author":[{"embeddable":true,"href":"https:\/\/www.brennerbasisdemokratie.eu\/index.php?rest_route=\/wp\/v2\/users\/1"}],"replies":[{"embeddable":true,"href":"https:\/\/www.brennerbasisdemokratie.eu\/index.php?rest_route=%2Fwp%2Fv2%2Fcomments&post=82075"}],"version-history":[{"count":11,"href":"https:\/\/www.brennerbasisdemokratie.eu\/index.php?rest_route=\/wp\/v2\/posts\/82075\/revisions"}],"predecessor-version":[{"id":82086,"href":"https:\/\/www.brennerbasisdemokratie.eu\/index.php?rest_route=\/wp\/v2\/posts\/82075\/revisions\/82086"}],"wp:attachment":[{"href":"https:\/\/www.brennerbasisdemokratie.eu\/index.php?rest_route=%2Fwp%2Fv2%2Fmedia&parent=82075"}],"wp:term":[{"taxonomy":"category","embeddable":true,"href":"https:\/\/www.brennerbasisdemokratie.eu\/index.php?rest_route=%2Fwp%2Fv2%2Fcategories&post=82075"},{"taxonomy":"post_tag","embeddable":true,"href":"https:\/\/www.brennerbasisdemokratie.eu\/index.php?rest_route=%2Fwp%2Fv2%2Ftags&post=82075"}],"curies":[{"name":"wp","href":"https:\/\/api.w.org\/{rel}","templated":true}]}}