{"id":82088,"date":"2023-11-26T13:32:49","date_gmt":"2023-11-26T12:32:49","guid":{"rendered":"https:\/\/www.brennerbasisdemokratie.eu\/?p=82088"},"modified":"2025-10-18T10:56:45","modified_gmt":"2025-10-18T08:56:45","slug":"wie-ortsnamen-unsichtbar-werden","status":"publish","type":"post","link":"https:\/\/www.brennerbasisdemokratie.eu\/?p=82088","title":{"rendered":"Wie Ortsnamen unsichtbar gemacht werden."},"content":{"rendered":"<p>Zuerst die gute Nachricht: Der Chor mit dem sch\u00f6nen Namen <em>Cor di J\u00ebuni Gherd\u00ebina<\/em> war bei den f\u00fcnften <em>European Choir Games<\/em> in Norrk\u00f6ping (28. Oktober &#8211; 5. November) \u00e4u\u00dferst erfolgreich.<\/p>\n<p>Anschlie\u00dfend ver\u00f6ffentlichte der Chor unter anderem auf seiner Homepage folgendes Foto, das durch die Medien ging:<\/p>\n<blockquote><p><img loading=\"lazy\" decoding=\"async\" class=\"size-full wp-image-82089 aligncenter\" src=\"https:\/\/www.brennerbasisdemokratie.eu\/wp-content\/uploads\/2023\/11\/cordijeunigherdeina.png\" alt=\"\" width=\"950\" height=\"438\" srcset=\"https:\/\/www.brennerbasisdemokratie.eu\/wp-content\/uploads\/2023\/11\/cordijeunigherdeina.png 950w, https:\/\/www.brennerbasisdemokratie.eu\/wp-content\/uploads\/2023\/11\/cordijeunigherdeina-768x354.png 768w\" sizes=\"auto, (max-width: 950px) 100vw, 950px\" \/><\/p><\/blockquote>\n<p><small><em>Ausschnitt Webseite <\/em>Cor di J\u00ebuni Gherd\u00ebina<em> \u2013 Unkenntlichmachung von mir<\/em><\/small><\/p>\n<p>Ausnahmsweise will ich an dieser Stelle nicht (nur) auf den <a title=\"Banaler Nationalismus.\" href=\"https:\/\/www.brennerbasisdemokratie.eu\/?p=66863\" rel=\"\">banalen Nationalismus<\/a> \u2014 die italienische Flagge \u2014 hinweisen.<\/p>\n<p>Vielmehr eignet sich das Bild als Anschauungsmaterial f\u00fcr eine weitere Problematik: Wie hier schon \u00f6fter <a title=\"Demokratie oder Privatverein?\" href=\"https:\/\/www.brennerbasisdemokratie.eu\/?p=9044\" rel=\"\">bem\u00e4ngelt<\/a>, haben wir gerade in einem sensiblen Gebiet wie S\u00fcdtirol \u2014 international wohl ziemlich einmalig \u2014 die Hoheit \u00fcber die geographische Bezeichnung von Tourismusdestinationen aus der Hand gegeben und sie Privatvereinen mit Gewinnabsicht<sup class=\"modern-footnotes-footnote modern-footnotes-footnote--hover-on-desktop \" data-mfn=\"1\" data-mfn-post-scope=\"00000000000007e30000000000000000_82088\"><a href=\"javascript:void(0)\"  role=\"button\" aria-pressed=\"false\" aria-describedby=\"mfn-content-00000000000007e30000000000000000_82088-1\">1<\/a><\/sup><span id=\"mfn-content-00000000000007e30000000000000000_82088-1\" role=\"tooltip\" class=\"modern-footnotes-footnote__note\" tabindex=\"0\" data-mfn=\"1\">Die Tourismusvereine m\u00f6gen zwar selbst keine Gewinnabsichten haben, doch sie arbeiten im Dienste und Auftrag eines potenten Wirtschaftszweigs.<\/span> \u00fcberlassen. In vielen F\u00e4llen, wie etwa dem von Gherd\u00ebina, tr\u00e4gt dies massiv zur weiteren <a title=\"Minorisierte Sprachen.\" href=\"https:\/\/www.brennerbasisdemokratie.eu\/?p=72762\" rel=\"\">Minorisierung<\/a> und Unsichtbarmachung von Minderheiten bei. Es ist kein Zufall, dass die Anerkennung eigener Ortsnamen mit zu den wichtigsten Rechten von nationalen Minderheiten geh\u00f6rt.<\/p>\n<p>Und am vorliegenden Beispiel l\u00e4sst sich konkret aufzeigen, wie der Name einer Tourismusdestination beileibe nicht auf den Bereich Tourismuswerbung beschr\u00e4nkt bleibt, sondern weit dar\u00fcber hinaus strahlt. Dies gilt umso mehr in Regionen wie S\u00fcdtirol (und Talschaften wie Gherd\u00ebina), wo der Tourismus eine bestimmende Rolle spielt und demnach von einem Machtgef\u00e4lle zu seinen Gunsten profitieren kann. Umso wichtiger w\u00e4re es also, gerade weil es auch um Minderheitenschutz geht, wortw\u00f6rtlich \u00bbweitreichende\u00ab Entscheidungen wie diese nicht den Wirtschaftslobbys zu \u00fcberlassen.<\/p>\n<p><strong><span style=\"font-family: Helvetica, Arial, sans-serif; text-transform: uppercase;\">C\u00ebla enghe:<\/span><\/strong> <a title=\"Welcome to\u2026 Dolomiti Superski.\" href=\"https:\/\/www.brennerbasisdemokratie.eu\/?p=26306\"><code>01<\/code><\/a> <a title=\"Was darf Tourismuswerbung?\" href=\"https:\/\/www.brennerbasisdemokratie.eu\/?p=24078\"><code>02<\/code><\/a> <a title=\"Marketing und Privatisierung der Geographie.\" href=\"https:\/\/www.brennerbasisdemokratie.eu\/?p=14197\"><code>03<\/code><\/a> <a title=\"Gherd\u00ebina: Farbenlehre der Einfalt.\" href=\"https:\/\/www.brennerbasisdemokratie.eu\/?p=44702\"><code>04<\/code><\/a> <span style=\"font-family: Helvetica, Arial, sans-serif; font-weight: normal;\">||<\/span> <a title=\"Geschmackloser K\u00e4se.\" href=\"https:\/\/www.brennerbasisdemokratie.eu\/?p=84148\" rel=\"\"><span style=\"color: #ff8c00\"><code>01<\/code><\/span><\/a> <a title=\"Brixen wird zu Weihnachten\u2026 unsichtbar.\" href=\"https:\/\/www.brennerbasisdemokratie.eu\/?p=88893\"><span style=\"color: #ff8c00\"><code>02<\/code><\/span><\/a> <a title=\"Pl\u00f6tzlich authentisch.\" href=\"https:\/\/www.brennerbasisdemokratie.eu\/?p=90379\"><span style=\"color: #ff8c00\"><code>03<\/code><\/span><\/a> <a title=\"Erneuter Pragser Toponomastik-Masochismus.\" href=\"https:\/\/www.brennerbasisdemokratie.eu\/?p=93311\"><span style=\"color: #ff8c00\"><code>04<\/code><\/span><\/a> <a title=\"Kurvenreich und kein Deutsch.\" href=\"https:\/\/www.brennerbasisdemokratie.eu\/?p=93586\"><span style=\"color: #ff8c00\"><code>05<\/code><\/span><\/a> <span style=\"font-family: Helvetica, Arial, sans-serif; font-weight: normal;\">||<\/span> <a title=\"TdM: Tourismusdestination Gherd\u00ebina.\" href=\"https:\/\/umap.openstreetmap.fr\/de\/map\/topographie-der-minorisierung_1299279?feature=Tourismusdestination%20Gherd%C3%ABina#12\/46.5870\/11.6991\" target=\"_blank\" rel=\"noopener\"><span class=\"loc-icon\"><\/span><\/a><\/p>\n<ul class=\"modern-footnotes-list modern-footnotes-list--show-only-for-print\"><li><span>1<\/span><div>Die Tourismusvereine m\u00f6gen zwar selbst keine Gewinnabsichten haben, doch sie arbeiten im Dienste und Auftrag eines potenten Wirtschaftszweigs.<\/div><\/li><\/ul>","protected":false},"excerpt":{"rendered":"<p>Zuerst die gute Nachricht: Der Chor mit dem sch\u00f6nen Namen Cor di J\u00ebuni Gherd\u00ebina war bei den f\u00fcnften European Choir Games in Norrk\u00f6ping (28. Oktober &#8211; 5. November) \u00e4u\u00dferst erfolgreich. Anschlie\u00dfend ver\u00f6ffentlichte der Chor unter anderem auf seiner Homepage folgendes Foto, das durch die Medien ging: Ausschnitt Webseite Cor di J\u00ebuni Gherd\u00ebina \u2013 Unkenntlichmachung von [&hellip;]<\/p>","protected":false},"author":1,"featured_media":0,"comment_status":"open","ping_status":"open","sticky":false,"template":"","format":"standard","meta":{"_crdt_document":"","ngg_post_thumbnail":0,"_jetpack_memberships_contains_paid_content":false,"footnotes":""},"categories":[1],"tags":[],"class_list":["post-82088","post","type-post","status-publish","format-standard","hentry","category-allgemein","issue-assimilierung","issue-banalnationalism","location-ladinia","location-sudtirolo","language-deutsch","topic-colonialismi","topic-kunstcultura","topic-democrazia","topic-medien","topic-minderheitenschutz","topic-minorisaziun","topic-nationalismus","topic-ortsnamen","topic-symbolik","topic-tourismus","topic-wirtschaft"],"jetpack_featured_media_url":"","jetpack_sharing_enabled":true,"_links":{"self":[{"href":"https:\/\/www.brennerbasisdemokratie.eu\/index.php?rest_route=\/wp\/v2\/posts\/82088","targetHints":{"allow":["GET"]}}],"collection":[{"href":"https:\/\/www.brennerbasisdemokratie.eu\/index.php?rest_route=\/wp\/v2\/posts"}],"about":[{"href":"https:\/\/www.brennerbasisdemokratie.eu\/index.php?rest_route=\/wp\/v2\/types\/post"}],"author":[{"embeddable":true,"href":"https:\/\/www.brennerbasisdemokratie.eu\/index.php?rest_route=\/wp\/v2\/users\/1"}],"replies":[{"embeddable":true,"href":"https:\/\/www.brennerbasisdemokratie.eu\/index.php?rest_route=%2Fwp%2Fv2%2Fcomments&post=82088"}],"version-history":[{"count":22,"href":"https:\/\/www.brennerbasisdemokratie.eu\/index.php?rest_route=\/wp\/v2\/posts\/82088\/revisions"}],"predecessor-version":[{"id":95456,"href":"https:\/\/www.brennerbasisdemokratie.eu\/index.php?rest_route=\/wp\/v2\/posts\/82088\/revisions\/95456"}],"wp:attachment":[{"href":"https:\/\/www.brennerbasisdemokratie.eu\/index.php?rest_route=%2Fwp%2Fv2%2Fmedia&parent=82088"}],"wp:term":[{"taxonomy":"category","embeddable":true,"href":"https:\/\/www.brennerbasisdemokratie.eu\/index.php?rest_route=%2Fwp%2Fv2%2Fcategories&post=82088"},{"taxonomy":"post_tag","embeddable":true,"href":"https:\/\/www.brennerbasisdemokratie.eu\/index.php?rest_route=%2Fwp%2Fv2%2Ftags&post=82088"}],"curies":[{"name":"wp","href":"https:\/\/api.w.org\/{rel}","templated":true}]}}