{"id":82149,"date":"2023-11-28T21:24:36","date_gmt":"2023-11-28T20:24:36","guid":{"rendered":"https:\/\/www.brennerbasisdemokratie.eu\/?p=82149"},"modified":"2026-03-15T21:19:09","modified_gmt":"2026-03-15T20:19:09","slug":"gemeinde-bozen-italianisiert-den-fcs","status":"publish","type":"post","link":"https:\/\/www.brennerbasisdemokratie.eu\/?p=82149","title":{"rendered":"Die Gemeinde Bozen italianisiert den FCS."},"content":{"rendered":"<p>In S\u00fcdtirol sowie in ganz Italien und dar\u00fcber hinaus hei\u00dft das Team <em>FC S\u00fcdtirol,<\/em> nur in der Landeshauptstadt Bozen (die immer nur dann <a title=\"Bozen will Busdurchsagen zuerst auf Italienisch.\" href=\"https:\/\/www.brennerbasisdemokratie.eu\/?p=81335\" rel=\"\">sehr sprachsensibel<\/a> wird, wenn es um das Italienische geht) goutiert man dies offenbar nicht. Also wird wie zu \u00bbguten\u00ab alten Zeiten der faschistische <em>Prontuario<\/em> von Ettore Tolomei aus der Schublade geholt, um den Namen des Fu\u00dfballclubs zu italianisieren \u2014 und zwar selbst im deutschen Sprachgebrauch, wie folgende <a title=\"Gde. Bozen: Bekanntmachung FC S\u00fcdtirol.\" href=\"https:\/\/opencity.gemeinde.bozen.it\/Aktuelles\/Bekanntmachungen\/Park-und-Verkehrsregelung-in-der-Triester-und-in-der-Trienter-Strasse-anlaesslich-der-Spiele-des-FC-Suedtirol-Alto-Adige\" target=\"_blank\" rel=\"noopener\">Bekanntmachung<\/a> zeigt:<\/p>\n<blockquote><p><a href=\"https:\/\/opencity.gemeinde.bozen.it\/Aktuelles\/Bekanntmachungen\/Park-und-Verkehrsregelung-in-der-Triester-und-in-der-Trienter-Strasse-anlaesslich-der-Spiele-des-FC-Suedtirol-Alto-Adige\"><img loading=\"lazy\" decoding=\"async\" class=\"aligncenter wp-image-82150 size-full\" src=\"https:\/\/www.brennerbasisdemokratie.eu\/wp-content\/uploads\/2023\/11\/gdebz-fcs1.png\" alt=\"\" width=\"950\" height=\"498\" srcset=\"https:\/\/www.brennerbasisdemokratie.eu\/wp-content\/uploads\/2023\/11\/gdebz-fcs1.png 950w, https:\/\/www.brennerbasisdemokratie.eu\/wp-content\/uploads\/2023\/11\/gdebz-fcs1-768x403.png 768w\" sizes=\"auto, (max-width: 950px) 100vw, 950px\" \/><\/a><\/p><\/blockquote>\n<p><small><em>Heutige Bekanntmachung \u2013 Ausschnitt Webseite der Gde. Bozen<\/em><\/small><\/p>\n<p>Schlie\u00dflich durfte der Mail\u00e4nder Fu\u00dfballclub <em>Inter<\/em> \u00bbdamals\u00ab auch nicht mehr so hei\u00dfen und wurde deshalb kurzerhand in <em>Associazione Sportiva Ambrosiana<\/em> umbenannt. Warum sollte das heute anders sein?<\/p>\n<p>Ein Klick auf die beigef\u00fcgte Verordnung vom 10. August zeigt, dass der Titel der heutigen Bekanntmachung kein Versehen war. Im Betreff des offiziellen Dokuments wird der <em>FC S\u00fcdtirol<\/em> \u2014 pardon: FS S\u00fcdtirol \u2014 ebenfalls mit italianisiertem Namen genannt:<\/p>\n<blockquote><p><img loading=\"lazy\" decoding=\"async\" class=\"size-full wp-image-82151 aligncenter\" src=\"https:\/\/www.brennerbasisdemokratie.eu\/wp-content\/uploads\/2023\/11\/gdebz-fcs2.png\" alt=\"\" width=\"950\" height=\"480\" srcset=\"https:\/\/www.brennerbasisdemokratie.eu\/wp-content\/uploads\/2023\/11\/gdebz-fcs2.png 950w, https:\/\/www.brennerbasisdemokratie.eu\/wp-content\/uploads\/2023\/11\/gdebz-fcs2-768x388.png 768w\" sizes=\"auto, (max-width: 950px) 100vw, 950px\" \/><\/p><\/blockquote>\n<p><small><em>Verordnung (Ausschnitt)<\/em><\/small><\/p>\n<p>Umgekehrt jedoch werden Empf\u00e4nger wie die Freiwilligen Feuerwehren oder <em>SASA &#8211; Viabilit\u00e0,<\/em> die sehr wohl eine offizielle zweisprachige Bezeichnung haben, nur einsprachig Italienisch angef\u00fchrt:<\/p>\n<blockquote><p><img loading=\"lazy\" decoding=\"async\" class=\"size-medium wp-image-82152 aligncenter\" src=\"https:\/\/www.brennerbasisdemokratie.eu\/wp-content\/uploads\/2023\/11\/gdebz-fcs3.png\" alt=\"\" width=\"950\" height=\"389\"\/><\/p><\/blockquote>\n<p><small><em>Verordnung (Ausschnitt)<\/em><\/small><\/p>\n<p>Und das mit dem scharfen S (Triester Stra\u00dfe, <a title=\"Auf der Stra\u00dfe der Peinlichkeiten.\" href=\"https:\/\/www.brennerbasisdemokratie.eu\/?p=9471\" rel=\"\">Trienter Stra\u00dfe\/Trientstra\u00dfe<\/a>, <em>Wei\u00dfes Kreuz\u2026)<\/em> will leider auch nicht so recht klappen.<\/p>\n<p>Wie ich schon mal <a href=\"https:\/\/www.brennerbasisdemokratie.eu\/?p=71785\">geschrieben und unterstellt hatte<\/a>: Sowas passiert nicht einfach, das hat System.<\/p>\n<p><strong><span style=\"font-family: Helvetica, Arial, sans-serif; text-transform: uppercase;\">C\u00ebla enghe:<\/span><\/strong> <a title=\"Bozner Stadtviertelr\u00e4te: Deutsch inexistent.\" href=\"https:\/\/www.brennerbasisdemokratie.eu\/?p=64791\" rel=\"\"><code>01<\/code><\/a> <a title=\"Pressekonferenz des Bozner Stadtrats: Italienisch.\" href=\"https:\/\/www.brennerbasisdemokratie.eu\/?p=71906\" rel=\"\"><code>02<\/code><\/a> <a title=\"Nimmt man beim Arsch?\" href=\"https:\/\/www.brennerbasisdemokratie.eu\/?p=26524\" rel=\"\"><code>03<\/code><\/a> <a title=\"A Bolzano nessuna necessit\u00e0 di parlare in tedesco.\" href=\"https:\/\/www.brennerbasisdemokratie.eu\/?p=77347\" rel=\"\"><code>04<\/code><\/a> <a title=\"FCS: Halb- und Unwahrheiten im Landtag.\" href=\"https:\/\/www.brennerbasisdemokratie.eu\/?p=51137\" rel=\"\"><code>05<\/code><\/a> <span style=\"font-family: Helvetica, Arial, sans-serif; font-weight: normal;\">||<\/span> <a title=\"Freude \u00fcber Italianisierung des FC S\u00fcdtirol.\" href=\"https:\/\/www.brennerbasisdemokratie.eu\/?p=97609\"><span style=\"color: #ff8c00\"><code>01<\/code><\/span><\/a><\/p>","protected":false},"excerpt":{"rendered":"<p>In S\u00fcdtirol sowie in ganz Italien und dar\u00fcber hinaus hei\u00dft das Team FC S\u00fcdtirol, nur in der Landeshauptstadt Bozen (die immer nur dann sehr sprachsensibel wird, wenn es um das Italienische geht) goutiert man dies offenbar nicht. Also wird wie zu \u00bbguten\u00ab alten Zeiten der faschistische Prontuario von Ettore Tolomei aus der Schublade geholt, um [&hellip;]<\/p>","protected":false},"author":1,"featured_media":0,"comment_status":"open","ping_status":"open","sticky":false,"template":"","format":"standard","meta":{"_crdt_document":"","ngg_post_thumbnail":0,"_jetpack_memberships_contains_paid_content":false,"footnotes":""},"categories":[1],"tags":[],"class_list":["post-82149","post","type-post","status-publish","format-standard","hentry","category-allgemein","entity-fc-sudtirol","entity-gemeinde-bozen","issue-italianizzazione","location-italy","location-sudtirolo","language-deutsch","person-ettore-tolomei","topic-colonialismi","topic-faschismen","topic-minorisaziun","topic-mobilitaet","topic-ortsnamen","topic-plurilinguism","topic-politik","topic-sport","topic-sprachpfusch"],"jetpack_featured_media_url":"","jetpack_sharing_enabled":true,"_links":{"self":[{"href":"https:\/\/www.brennerbasisdemokratie.eu\/index.php?rest_route=\/wp\/v2\/posts\/82149","targetHints":{"allow":["GET"]}}],"collection":[{"href":"https:\/\/www.brennerbasisdemokratie.eu\/index.php?rest_route=\/wp\/v2\/posts"}],"about":[{"href":"https:\/\/www.brennerbasisdemokratie.eu\/index.php?rest_route=\/wp\/v2\/types\/post"}],"author":[{"embeddable":true,"href":"https:\/\/www.brennerbasisdemokratie.eu\/index.php?rest_route=\/wp\/v2\/users\/1"}],"replies":[{"embeddable":true,"href":"https:\/\/www.brennerbasisdemokratie.eu\/index.php?rest_route=%2Fwp%2Fv2%2Fcomments&post=82149"}],"version-history":[{"count":14,"href":"https:\/\/www.brennerbasisdemokratie.eu\/index.php?rest_route=\/wp\/v2\/posts\/82149\/revisions"}],"predecessor-version":[{"id":98474,"href":"https:\/\/www.brennerbasisdemokratie.eu\/index.php?rest_route=\/wp\/v2\/posts\/82149\/revisions\/98474"}],"wp:attachment":[{"href":"https:\/\/www.brennerbasisdemokratie.eu\/index.php?rest_route=%2Fwp%2Fv2%2Fmedia&parent=82149"}],"wp:term":[{"taxonomy":"category","embeddable":true,"href":"https:\/\/www.brennerbasisdemokratie.eu\/index.php?rest_route=%2Fwp%2Fv2%2Fcategories&post=82149"},{"taxonomy":"post_tag","embeddable":true,"href":"https:\/\/www.brennerbasisdemokratie.eu\/index.php?rest_route=%2Fwp%2Fv2%2Ftags&post=82149"}],"curies":[{"name":"wp","href":"https:\/\/api.w.org\/{rel}","templated":true}]}}