{"id":82168,"date":"2023-11-29T10:30:16","date_gmt":"2023-11-29T09:30:16","guid":{"rendered":"https:\/\/www.brennerbasisdemokratie.eu\/?p=82168"},"modified":"2023-11-29T15:21:38","modified_gmt":"2023-11-29T14:21:38","slug":"die-zweisprachigkeit-am-kronplatz","status":"publish","type":"post","link":"https:\/\/www.brennerbasisdemokratie.eu\/?p=82168","title":{"rendered":"Die Zweisprachigkeit am Kronplatz."},"content":{"rendered":"<p>Auch auf S\u00fcdtirols Skipisten wird die deutsche Sprache immer mehr zur Fremdsprache (vgl. <a title=\"Gherd\u00ebina: Farbenlehre der Einfalt.\" href=\"https:\/\/www.brennerbasisdemokratie.eu\/?p=44702\" rel=\"\"><code>01<\/code><\/a> <a title=\"Welcome to\u2026 Dolomiti Superski.\" href=\"https:\/\/www.brennerbasisdemokratie.eu\/?p=26306\" rel=\"\"><code>02<\/code><\/a>), wie unter anderem diese sicherheitsrelevanten Hinweise am Kronplatz\/Plan de Corones zeigen:<\/p>\n<blockquote><div class=\"tiled-gallery type-rectangular tiled-gallery-unresized\" data-original-width=\"900\" data-carousel-extra='null' itemscope itemtype=\"http:\/\/schema.org\/ImageGallery\" > <div class=\"gallery-row\" style=\"width: 900px; height: 452px;\" data-original-width=\"900\" data-original-height=\"452\" > <div class=\"gallery-group images-1\" style=\"width: 600px; height: 452px;\" data-original-width=\"600\" data-original-height=\"452\" > <div class=\"tiled-gallery-item tiled-gallery-item-large\" itemprop=\"associatedMedia\" itemscope itemtype=\"http:\/\/schema.org\/ImageObject\"> <a href=\"https:\/\/i0.wp.com\/www.brennerbasisdemokratie.eu\/wp-content\/uploads\/2023\/11\/kronplatz-sicherheit4.png?ssl=1\" border=\"0\" itemprop=\"url\"> <meta itemprop=\"width\" content=\"596\"> <meta itemprop=\"height\" content=\"448\"> <img decoding=\"async\" class=\"\" data-attachment-id=\"82172\" data-orig-file=\"https:\/\/www.brennerbasisdemokratie.eu\/wp-content\/uploads\/2023\/11\/kronplatz-sicherheit4.png\" data-orig-size=\"950,713\" data-comments-opened=\"1\" data-image-meta=\"{&quot;aperture&quot;:&quot;0&quot;,&quot;credit&quot;:&quot;&quot;,&quot;camera&quot;:&quot;&quot;,&quot;caption&quot;:&quot;&quot;,&quot;created_timestamp&quot;:&quot;0&quot;,&quot;copyright&quot;:&quot;&quot;,&quot;focal_length&quot;:&quot;0&quot;,&quot;iso&quot;:&quot;0&quot;,&quot;shutter_speed&quot;:&quot;0&quot;,&quot;title&quot;:&quot;&quot;,&quot;orientation&quot;:&quot;0&quot;}\" data-image-title=\"Gefahr\" data-image-description=\"\" data-medium-file=\"https:\/\/www.brennerbasisdemokratie.eu\/wp-content\/uploads\/2023\/11\/kronplatz-sicherheit4.png\" data-large-file=\"https:\/\/www.brennerbasisdemokratie.eu\/wp-content\/uploads\/2023\/11\/kronplatz-sicherheit4.png\" src=\"https:\/\/i0.wp.com\/www.brennerbasisdemokratie.eu\/wp-content\/uploads\/2023\/11\/kronplatz-sicherheit4.png?w=596&#038;h=448&#038;ssl=1\" srcset=\"https:\/\/www.brennerbasisdemokratie.eu\/wp-content\/uploads\/2023\/11\/kronplatz-sicherheit4.png 950w, https:\/\/www.brennerbasisdemokratie.eu\/wp-content\/uploads\/2023\/11\/kronplatz-sicherheit4-768x576.png 768w\" width=\"596\" height=\"448\" loading=\"lazy\" data-original-width=\"596\" data-original-height=\"448\" itemprop=\"http:\/\/schema.org\/image\" title=\"Gefahr\" alt=\"Gefahr\" style=\"width: 596px; height: 448px;\" \/> <\/a> <div class=\"tiled-gallery-caption\" itemprop=\"caption description\"> Gefahr <\/div> <\/div> <\/div> <!-- close group --> <div class=\"gallery-group images-2\" style=\"width: 300px; height: 452px;\" data-original-width=\"300\" data-original-height=\"452\" > <div class=\"tiled-gallery-item tiled-gallery-item-large\" itemprop=\"associatedMedia\" itemscope itemtype=\"http:\/\/schema.org\/ImageObject\"> <a href=\"https:\/\/i0.wp.com\/www.brennerbasisdemokratie.eu\/wp-content\/uploads\/2023\/11\/kronplatz-sicherheit3.png?ssl=1\" border=\"0\" itemprop=\"url\"> <meta itemprop=\"width\" content=\"296\"> <meta itemprop=\"height\" content=\"222\"> <img decoding=\"async\" class=\"\" data-attachment-id=\"82171\" data-orig-file=\"https:\/\/www.brennerbasisdemokratie.eu\/wp-content\/uploads\/2023\/11\/kronplatz-sicherheit3.png\" data-orig-size=\"950,713\" data-comments-opened=\"1\" data-image-meta=\"{&quot;aperture&quot;:&quot;0&quot;,&quot;credit&quot;:&quot;&quot;,&quot;camera&quot;:&quot;&quot;,&quot;caption&quot;:&quot;&quot;,&quot;created_timestamp&quot;:&quot;0&quot;,&quot;copyright&quot;:&quot;&quot;,&quot;focal_length&quot;:&quot;0&quot;,&quot;iso&quot;:&quot;0&quot;,&quot;shutter_speed&quot;:&quot;0&quot;,&quot;title&quot;:&quot;&quot;,&quot;orientation&quot;:&quot;0&quot;}\" data-image-title=\"Pistenende\" data-image-description=\"\" data-medium-file=\"https:\/\/www.brennerbasisdemokratie.eu\/wp-content\/uploads\/2023\/11\/kronplatz-sicherheit3.png\" data-large-file=\"https:\/\/www.brennerbasisdemokratie.eu\/wp-content\/uploads\/2023\/11\/kronplatz-sicherheit3.png\" src=\"https:\/\/i0.wp.com\/www.brennerbasisdemokratie.eu\/wp-content\/uploads\/2023\/11\/kronplatz-sicherheit3.png?w=296&#038;h=222&#038;ssl=1\" srcset=\"https:\/\/www.brennerbasisdemokratie.eu\/wp-content\/uploads\/2023\/11\/kronplatz-sicherheit3.png 950w, https:\/\/www.brennerbasisdemokratie.eu\/wp-content\/uploads\/2023\/11\/kronplatz-sicherheit3-768x576.png 768w\" width=\"296\" height=\"222\" loading=\"lazy\" data-original-width=\"296\" data-original-height=\"222\" itemprop=\"http:\/\/schema.org\/image\" title=\"Pistenende\" alt=\"Pistenende\" style=\"width: 296px; height: 222px;\" \/> <\/a> <div class=\"tiled-gallery-caption\" itemprop=\"caption description\"> Pistenende <\/div> <\/div> <div class=\"tiled-gallery-item tiled-gallery-item-large\" itemprop=\"associatedMedia\" itemscope itemtype=\"http:\/\/schema.org\/ImageObject\"> <a href=\"https:\/\/i0.wp.com\/www.brennerbasisdemokratie.eu\/wp-content\/uploads\/2023\/11\/kronplatz-sicherheit1.png?ssl=1\" border=\"0\" itemprop=\"url\"> <meta itemprop=\"width\" content=\"296\"> <meta itemprop=\"height\" content=\"222\"> <img decoding=\"async\" class=\"\" data-attachment-id=\"82169\" data-orig-file=\"https:\/\/www.brennerbasisdemokratie.eu\/wp-content\/uploads\/2023\/11\/kronplatz-sicherheit1.png\" data-orig-size=\"950,712\" data-comments-opened=\"1\" data-image-meta=\"{&quot;aperture&quot;:&quot;0&quot;,&quot;credit&quot;:&quot;&quot;,&quot;camera&quot;:&quot;&quot;,&quot;caption&quot;:&quot;&quot;,&quot;created_timestamp&quot;:&quot;0&quot;,&quot;copyright&quot;:&quot;&quot;,&quot;focal_length&quot;:&quot;0&quot;,&quot;iso&quot;:&quot;0&quot;,&quot;shutter_speed&quot;:&quot;0&quot;,&quot;title&quot;:&quot;&quot;,&quot;orientation&quot;:&quot;0&quot;}\" data-image-title=\"Kreuzung\" data-image-description=\"\" data-medium-file=\"https:\/\/www.brennerbasisdemokratie.eu\/wp-content\/uploads\/2023\/11\/kronplatz-sicherheit1.png\" data-large-file=\"https:\/\/www.brennerbasisdemokratie.eu\/wp-content\/uploads\/2023\/11\/kronplatz-sicherheit1.png\" src=\"https:\/\/i0.wp.com\/www.brennerbasisdemokratie.eu\/wp-content\/uploads\/2023\/11\/kronplatz-sicherheit1.png?w=296&#038;h=222&#038;ssl=1\" srcset=\"https:\/\/www.brennerbasisdemokratie.eu\/wp-content\/uploads\/2023\/11\/kronplatz-sicherheit1.png 950w, https:\/\/www.brennerbasisdemokratie.eu\/wp-content\/uploads\/2023\/11\/kronplatz-sicherheit1-768x576.png 768w\" width=\"296\" height=\"222\" loading=\"lazy\" data-original-width=\"296\" data-original-height=\"222\" itemprop=\"http:\/\/schema.org\/image\" title=\"Kreuzung\" alt=\"Kreuzung\" style=\"width: 296px; height: 222px;\" \/> <\/a> <div class=\"tiled-gallery-caption\" itemprop=\"caption description\"> Kreuzung <\/div> <\/div> <\/div> <!-- close group --> <\/div> <!-- close row --> <div class=\"gallery-row\" style=\"width: 900px; height: 676px;\" data-original-width=\"900\" data-original-height=\"676\" > <div class=\"gallery-group images-1\" style=\"width: 900px; height: 676px;\" data-original-width=\"900\" data-original-height=\"676\" > <div class=\"tiled-gallery-item tiled-gallery-item-large\" itemprop=\"associatedMedia\" itemscope itemtype=\"http:\/\/schema.org\/ImageObject\"> <a href=\"https:\/\/i0.wp.com\/www.brennerbasisdemokratie.eu\/wp-content\/uploads\/2023\/11\/kronplatz-sicherheit2.png?ssl=1\" border=\"0\" itemprop=\"url\"> <meta itemprop=\"width\" content=\"896\"> <meta itemprop=\"height\" content=\"672\"> <img decoding=\"async\" class=\"\" data-attachment-id=\"82170\" data-orig-file=\"https:\/\/www.brennerbasisdemokratie.eu\/wp-content\/uploads\/2023\/11\/kronplatz-sicherheit2.png\" data-orig-size=\"950,713\" data-comments-opened=\"1\" data-image-meta=\"{&quot;aperture&quot;:&quot;0&quot;,&quot;credit&quot;:&quot;&quot;,&quot;camera&quot;:&quot;&quot;,&quot;caption&quot;:&quot;&quot;,&quot;created_timestamp&quot;:&quot;0&quot;,&quot;copyright&quot;:&quot;&quot;,&quot;focal_length&quot;:&quot;0&quot;,&quot;iso&quot;:&quot;0&quot;,&quot;shutter_speed&quot;:&quot;0&quot;,&quot;title&quot;:&quot;&quot;,&quot;orientation&quot;:&quot;0&quot;}\" data-image-title=\"Kreuzung\" data-image-description=\"\" data-medium-file=\"https:\/\/www.brennerbasisdemokratie.eu\/wp-content\/uploads\/2023\/11\/kronplatz-sicherheit2.png\" data-large-file=\"https:\/\/www.brennerbasisdemokratie.eu\/wp-content\/uploads\/2023\/11\/kronplatz-sicherheit2.png\" src=\"https:\/\/i0.wp.com\/www.brennerbasisdemokratie.eu\/wp-content\/uploads\/2023\/11\/kronplatz-sicherheit2.png?w=896&#038;h=672&#038;ssl=1\" srcset=\"https:\/\/www.brennerbasisdemokratie.eu\/wp-content\/uploads\/2023\/11\/kronplatz-sicherheit2.png 950w, https:\/\/www.brennerbasisdemokratie.eu\/wp-content\/uploads\/2023\/11\/kronplatz-sicherheit2-768x576.png 768w\" width=\"896\" height=\"672\" loading=\"lazy\" data-original-width=\"896\" data-original-height=\"672\" itemprop=\"http:\/\/schema.org\/image\" title=\"Kreuzung\" alt=\"Kreuzung\" style=\"width: 896px; height: 672px;\" \/> <\/a> <div class=\"tiled-gallery-caption\" itemprop=\"caption description\"> Kreuzung <\/div> <\/div> <\/div> <!-- close group --> <\/div> <!-- close row --> <\/div><\/blockquote>\n<p><small><em>Fotos der aktuellen Wintersaison \u2013 zum Vergr\u00f6\u00dfern anklicken<\/em><\/small><\/p>\n<p>Nur die internationale <em>Lingua franca<\/em> Englisch und die Staatssprache Italienisch finden hier noch Ber\u00fccksichtigung. Deutsch und Ladinisch? Fehlanzeige. Dabei befindet sich der \u00bbHausberg von Bruneck\u00ab, einschlie\u00dflich des gesamten Gipfels, zu einem gro\u00dfen Teil auf dem Gemeindegebiet der ladinischen Gemeinde Mareo.<\/p>\n<p>Als es ein Verein ohne Gewinnabsichten wie der <abbr title=\"Alpenverein S\u00fcdtirol\">AVS<\/abbr> gewesen war, der auf unseren Bergen einsprachige Schilder aufgestellt hatte, war das Tohuwabohu enorm. Weil es die \u00bbfalsche\u00ab Einsprachigkeit war, schalteten sich zuerst der Pr\u00e4fekt und dann die r\u00f6mische Regierung ein, die mitunter mit der Entsendung des Heeres drohte. Staatsanwalt Guido Rispoli <a title=\"La pulizia etnica secondo Rispoli.\" href=\"https:\/\/www.brennerbasisdemokratie.eu\/?p=12315\" rel=\"\">faselte<\/a> gar etwas von \u00bbethnischer S\u00e4uberung\u00ab. Bei allen Differenzen bez\u00fcglich der <a title=\"Kolonialistische Toponomastik.\" href=\"https:\/\/www.brennerbasisdemokratie.eu\/?p=70287\" rel=\"\">vom Faschismus oktroyierten<\/a> Ortsbezeichnungen schien aber gro\u00dfe Einigkeit dar\u00fcber zu herrschen, dass sicherheitsrelevante Informationen m\u00f6glichst zwei- bzw. dreisprachig sein m\u00fcssten.<\/p>\n<p>Auf die r\u00f6mische Regierung, das Heer und die Staatsanwaltschaft k\u00f6nnen wir am Kronplatz \u2014 von wegen Gleichbehandlung \u2014 wohl lange warten. Aber vielleicht k\u00f6nnten ja die betroffenen Gemeinden und die Landesregierung f\u00fcr eine angemessene Ber\u00fccksichtigung der Landessprachen sorgen? Wenn schon die Skigebietsbetreiber null sprachliche Sensibilit\u00e4t aufbringen\u2026<\/p>\n<p><strong><span style=\"font-family: Helvetica, Arial, sans-serif; text-transform: uppercase;\">C\u00ebla enghe:<\/span><\/strong> <a title=\"Ritten: Anklage wegen einsprachigen Schildes.\" href=\"https:\/\/www.brennerbasisdemokratie.eu\/?p=66491\" rel=\"\"><code>01<\/code><\/a> <a title=\"Sicherheit und Sprache.\" href=\"https:\/\/www.brennerbasisdemokratie.eu\/?p=44967\" rel=\"\"><code>02<\/code><\/a> <a title=\"Gro\u00dfer \u00bbWanderweg\u00ab.\" href=\"https:\/\/www.brennerbasisdemokratie.eu\/?p=5303\" rel=\"\"><code>03<\/code><\/a> <a title=\"\u00bb\u00dcberraschende\u00ab Entdeckung.\" href=\"https:\/\/www.brennerbasisdemokratie.eu\/?p=3070\" rel=\"\"><code>04<\/code><\/a><\/p>","protected":false},"excerpt":{"rendered":"<p>Auch auf S\u00fcdtirols Skipisten wird die deutsche Sprache immer mehr zur Fremdsprache (vgl. 01 02), wie unter anderem diese sicherheitsrelevanten Hinweise am Kronplatz\/Plan de Corones zeigen: Fotos der aktuellen Wintersaison \u2013 zum Vergr\u00f6\u00dfern anklicken Nur die internationale Lingua franca Englisch und die Staatssprache Italienisch finden hier noch Ber\u00fccksichtigung. Deutsch und Ladinisch? Fehlanzeige. Dabei befindet sich [&hellip;]<\/p>","protected":false},"author":1,"featured_media":0,"comment_status":"open","ping_status":"open","sticky":false,"template":"","format":"standard","meta":{"_crdt_document":"","ngg_post_thumbnail":0,"_jetpack_memberships_contains_paid_content":false,"footnotes":""},"categories":[1],"tags":[],"class_list":["post-82168","post","type-post","status-publish","format-standard","hentry","category-allgemein","entity-avs","entity-staat-italien","issue-bilinguismo-negato","issue-italianizzazione","location-ladinia","location-sudtirolo","language-deutsch","topic-aussendarstellung","topic-colonialismi","topic-militar","topic-minderheitenschutz","topic-minorisaziun","topic-plurilinguism","topic-sicherheit","topic-sport","topic-tourismus","topic-wirtschaft"],"jetpack_featured_media_url":"","jetpack_sharing_enabled":true,"_links":{"self":[{"href":"https:\/\/www.brennerbasisdemokratie.eu\/index.php?rest_route=\/wp\/v2\/posts\/82168","targetHints":{"allow":["GET"]}}],"collection":[{"href":"https:\/\/www.brennerbasisdemokratie.eu\/index.php?rest_route=\/wp\/v2\/posts"}],"about":[{"href":"https:\/\/www.brennerbasisdemokratie.eu\/index.php?rest_route=\/wp\/v2\/types\/post"}],"author":[{"embeddable":true,"href":"https:\/\/www.brennerbasisdemokratie.eu\/index.php?rest_route=\/wp\/v2\/users\/1"}],"replies":[{"embeddable":true,"href":"https:\/\/www.brennerbasisdemokratie.eu\/index.php?rest_route=%2Fwp%2Fv2%2Fcomments&post=82168"}],"version-history":[{"count":8,"href":"https:\/\/www.brennerbasisdemokratie.eu\/index.php?rest_route=\/wp\/v2\/posts\/82168\/revisions"}],"predecessor-version":[{"id":82182,"href":"https:\/\/www.brennerbasisdemokratie.eu\/index.php?rest_route=\/wp\/v2\/posts\/82168\/revisions\/82182"}],"wp:attachment":[{"href":"https:\/\/www.brennerbasisdemokratie.eu\/index.php?rest_route=%2Fwp%2Fv2%2Fmedia&parent=82168"}],"wp:term":[{"taxonomy":"category","embeddable":true,"href":"https:\/\/www.brennerbasisdemokratie.eu\/index.php?rest_route=%2Fwp%2Fv2%2Fcategories&post=82168"},{"taxonomy":"post_tag","embeddable":true,"href":"https:\/\/www.brennerbasisdemokratie.eu\/index.php?rest_route=%2Fwp%2Fv2%2Ftags&post=82168"}],"curies":[{"name":"wp","href":"https:\/\/api.w.org\/{rel}","templated":true}]}}