{"id":82205,"date":"2023-11-29T17:55:23","date_gmt":"2023-11-29T16:55:23","guid":{"rendered":"https:\/\/www.brennerbasisdemokratie.eu\/?p=82205"},"modified":"2025-09-30T23:23:56","modified_gmt":"2025-09-30T21:23:56","slug":"landesregierung-gutachten-gegen-gutachten","status":"publish","type":"post","link":"https:\/\/www.brennerbasisdemokratie.eu\/?p=82205","title":{"rendered":"Landesregierung: Gutachten gegen Gutachten."},"content":{"rendered":"<p>\u00dcber das Gutachten der Rechtsexpertinnen des Landtags, demzufolge auch bei einer Landesregierung mit elf Mitgliedern nur <em>eine<\/em> italienische Landesr\u00e4tin m\u00f6glich sein sollte, hat nun die Staatsadvokatur ein (einsprachig italienisches) <a title=\"Salto: Gutachten.\" href=\"https:\/\/salto.bz\/sites\/default\/files\/2023-11\/aootn-p-2023-22286.pdf\" target=\"_blank\" rel=\"noopener\">Gutachten<\/a> ver\u00f6ffentlicht.<\/p>\n<p>S\u00fcdtiroler Medien berichten dar\u00fcber folgenderma\u00dfen:<\/p>\n<blockquote><p>Staatsadvokatur: 2 italienische Landesr\u00e4te ohne Verzicht auf Ladiner m\u00f6glich<\/p>\n<p>\u2013 <em><a href=\"https:\/\/www.stol.it\/artikel\/politik\/staatsadvokatur-2-italienische-landesraete-ohne-verzicht-auf-ladiner-moeglich\">S\u00fcdtirol Online<\/a><\/em><\/p><\/blockquote>\n<blockquote><p>L&#8217;avvocatura dello Stato d\u00e0 il via libera ai due assessori italiani<\/p>\n<p>\u2013 <em><a title=\"Rai: L'avvocatura\u2026\" href=\"https:\/\/www.rainews.it\/tgr\/bolzano\/articoli\/2023\/11\/lavvocatura-dello-stato-da-il-via-libera-ai-due-assessori-italiani-3609b2c7-61d6-48b3-a7ee-145304ebf3c2.html\" target=\"_blank\" rel=\"noopener\">Rai<\/a><\/em><\/p><\/blockquote>\n<blockquote><p>Laut Staatsadvokatur gehen sich zwei italienische Landesr\u00e4te aus<\/p>\n<p>\u2013 <em><a title=\"SN: Laut Staatsadvokatur gehen sich\u2026\" href=\"https:\/\/www.suedtirolnews.it\/politik\/laut-staatsadvokatur-gehen-sich-zwei-italienische-landesraete-aus\" target=\"_blank\" rel=\"noopener\">S\u00fcdtirol News<\/a><\/em><\/p><\/blockquote>\n<blockquote><p>Stamattina, 29 novembre, l&#8217;Avvocatura di Stato di Trento ha espresso il parere chiesto dal Consiglio provinciale di Bolzano, confermando la possibilit\u00e0 di una giunta provinciale a 11 con due assessori italiani.<\/p>\n<p>\u2013 <a href=\"https:\/\/www.altoadige.it\/cronaca\/avvocatura-di-stato-via-libera-a-due-italiani-in-una-giunta-a-11-decisivo-il-numero-di-assessori-1.3645060\" target=\"_blank\" rel=\"noopener\">AA<\/a><\/p><\/blockquote>\n<blockquote><p>L\u2019Avvocatura: \u201cDue assessori italiani\u201d<\/p>\n<p>\u2013 <a title=\"Salto: L\u2019Avvocatura: \u201cDue assessori italiani\u201d\" href=\"https:\/\/salto.bz\/de\/article\/29112023\/lavvocatura-due-assessori-italiani\" target=\"_blank\" rel=\"noopener\"><em>Salto<\/em><\/a><\/p><\/blockquote>\n<blockquote><p>Die Staatsadvokatur in Trient hat entschieden: In der neuen S\u00fcdtiroler Landesregierung k\u00f6nnen acht deutsche, zwei italienische und ein ladinischer Landesrat sitzen.<\/p>\n<p>\u2013 <a href=\"https:\/\/www.tageszeitung.it\/2023\/11\/29\/die-riesen-regierung\/\" target=\"_blank\" rel=\"noopener\">TAZ<\/a><\/p><\/blockquote>\n<p>Dazu ist zu sagen:<\/p>\n<ul>\n<li>Anders als diese Medien behaupten, steht im Gutachten der Staatsadvokatur nichts Konkretes \u00fcber die Anzahl der Landesr\u00e4tinnen.<\/li>\n<li>Die Staatsadvokatur schreibt noch nicht einmal ausdr\u00fccklich, dass das Gutachten der Landtagsdienste falsch sei.<\/li>\n<li>Sehr wohl gibt die Staatsadvokatur jedoch an, \u00fcber die vom Landtag gew\u00e4hlte Berechnungsmethode \u00bbperplex\u00ab zu sein, da der Proporz ihrer Interpretation zufolge auf der Grundlage von 35 Abgeordneten (einschlie\u00dflich des Ladiners) und nicht auf der Grundlage von 34 Abgeordneten (nach Abzug des Ladiners) berechnet werden m\u00fcsse.<\/li>\n<li>Die von der Staatsadvokatur favorisierte und f\u00fcr richtig gehaltene Berechnungsmethode f\u00fchrt bekanntlich zum Ergebnis, dass der deutschen Sprachgruppe 8,29 Regierungsmitglieder zustehen und der italienischen Sprachgruppe 1,43. Beide Werte m\u00fcsste man den Regeln der Mathematik folgend abrunden. Wie damit ihrer Meinung nach umzugehen sei, sagt die Staatsadvokatur nicht.<\/li>\n<li>Grunds\u00e4tzlich haben wir jetzt also zwei offizielle Gutachten \u2014 bzw. ein Gutachten und ein Gutachten \u00fcber ein Gutachten \u2014 die sich widersprechen. Keines von beiden ist rechtlich bindend.<\/li>\n<li>Zudem haben wir noch eine Reihe von juristischen Einsch\u00e4tzungen (Eleonora Maines, Luca Crisafulli, Daniele Simonato, Igor Janes, Francesco Palermo, Karl Zeller), die sich ebenfalls nicht einig sind.<\/li>\n<\/ul>\n<p>Unabh\u00e4ngig von der Besetzung nach Sprachgruppen w\u00e4re also eine allf\u00e4llige Elferregierung f\u00fcr Einspr\u00fcche geradezu pr\u00e4destiniert.<\/p>\n<p><strong><span style=\"font-family: Helvetica, Arial, sans-serif; text-transform: uppercase;\">C\u00ebla enghe:<\/span><\/strong> <a title=\"Landesregierung: SVP soll gordischen Knoten l\u00f6sen.\" href=\"https:\/\/www.brennerbasisdemokratie.eu\/?p=82052\"><code>01<\/code><\/a> <a title=\"Due assessori \u2013 senza voti.\" href=\"https:\/\/www.brennerbasisdemokratie.eu\/?p=81781\"><code>02<\/code><\/a> <a title=\"Italienerinnen in der Landesregierung: FdI will Statut ab\u00e4ndern.\" href=\"https:\/\/www.brennerbasisdemokratie.eu\/?p=81664\"><code>03<\/code><\/a> <span style=\"font-family: Helvetica, Arial, sans-serif; font-weight: normal;\">||<\/span> <a title=\"Die Rechnung ohne Zuteilungsverfahren.\" href=\"https:\/\/www.brennerbasisdemokratie.eu\/?p=82215\"><span style=\"color: #ff8c00\"><code>01<\/code><\/span><\/a> <a title=\"Proporz und Sprache wieder unter Beschuss.\" href=\"https:\/\/www.brennerbasisdemokratie.eu\/?p=93703\"><span style=\"color: #ff8c00\"><code>02<\/code><\/span><\/a> <a href=\"https:\/\/www.brennerbasisdemokratie.eu\/?p=94929\" title=\"Korporatismus f\u00fcr den Landtag.\"><span style=\"color: #ff8c00\"><code>03<\/code><\/span><\/a><\/p>","protected":false},"excerpt":{"rendered":"<p>\u00dcber das Gutachten der Rechtsexpertinnen des Landtags, demzufolge auch bei einer Landesregierung mit elf Mitgliedern nur eine italienische Landesr\u00e4tin m\u00f6glich sein sollte, hat nun die Staatsadvokatur ein (einsprachig italienisches) Gutachten ver\u00f6ffentlicht. S\u00fcdtiroler Medien berichten dar\u00fcber folgenderma\u00dfen: Staatsadvokatur: 2 italienische Landesr\u00e4te ohne Verzicht auf Ladiner m\u00f6glich \u2013 S\u00fcdtirol Online L&#8217;avvocatura dello Stato d\u00e0 il via libera [&hellip;]<\/p>","protected":false},"author":1,"featured_media":0,"comment_status":"open","ping_status":"open","sticky":false,"template":"","format":"standard","meta":{"_crdt_document":"","ngg_post_thumbnail":0,"_jetpack_memberships_contains_paid_content":false,"footnotes":""},"categories":[1],"tags":[],"class_list":["post-82205","post","type-post","status-publish","format-standard","hentry","category-allgemein","entity-landesregierung","entity-sudtiroler-landtag","issue-landtagswahl-2023","issue-proporz","issue-zitac","location-sudtirolo","language-deutsch","language-italiano","medium-aa","medium-rai","medium-salto","medium-stol","medium-suedtirolnews","medium-taz","person-francesco-palermo","person-karl-zeller","topic-democrazia","topic-faktencheck","topic-politik","topic-recht"],"jetpack_featured_media_url":"","jetpack_sharing_enabled":true,"_links":{"self":[{"href":"https:\/\/www.brennerbasisdemokratie.eu\/index.php?rest_route=\/wp\/v2\/posts\/82205","targetHints":{"allow":["GET"]}}],"collection":[{"href":"https:\/\/www.brennerbasisdemokratie.eu\/index.php?rest_route=\/wp\/v2\/posts"}],"about":[{"href":"https:\/\/www.brennerbasisdemokratie.eu\/index.php?rest_route=\/wp\/v2\/types\/post"}],"author":[{"embeddable":true,"href":"https:\/\/www.brennerbasisdemokratie.eu\/index.php?rest_route=\/wp\/v2\/users\/1"}],"replies":[{"embeddable":true,"href":"https:\/\/www.brennerbasisdemokratie.eu\/index.php?rest_route=%2Fwp%2Fv2%2Fcomments&post=82205"}],"version-history":[{"count":15,"href":"https:\/\/www.brennerbasisdemokratie.eu\/index.php?rest_route=\/wp\/v2\/posts\/82205\/revisions"}],"predecessor-version":[{"id":94942,"href":"https:\/\/www.brennerbasisdemokratie.eu\/index.php?rest_route=\/wp\/v2\/posts\/82205\/revisions\/94942"}],"wp:attachment":[{"href":"https:\/\/www.brennerbasisdemokratie.eu\/index.php?rest_route=%2Fwp%2Fv2%2Fmedia&parent=82205"}],"wp:term":[{"taxonomy":"category","embeddable":true,"href":"https:\/\/www.brennerbasisdemokratie.eu\/index.php?rest_route=%2Fwp%2Fv2%2Fcategories&post=82205"},{"taxonomy":"post_tag","embeddable":true,"href":"https:\/\/www.brennerbasisdemokratie.eu\/index.php?rest_route=%2Fwp%2Fv2%2Ftags&post=82205"}],"curies":[{"name":"wp","href":"https:\/\/api.w.org\/{rel}","templated":true}]}}