{"id":82597,"date":"2023-12-13T23:21:00","date_gmt":"2023-12-13T22:21:00","guid":{"rendered":"https:\/\/www.brennerbasisdemokratie.eu\/?p=82597"},"modified":"2023-12-16T06:29:38","modified_gmt":"2023-12-16T05:29:38","slug":"was-wurde-eigentlich-aus-der-vollautonomie","status":"publish","type":"post","link":"https:\/\/www.brennerbasisdemokratie.eu\/?p=82597","title":{"rendered":"Was wurde eigentlich aus&#8230; der Vollautonomie?"},"content":{"rendered":"<blockquote><p>Konsequent gehen wir den erfolgreichen Weg der Autonomie hin zur Vollautonomie weiter.<\/p><\/blockquote>\n<p><em>aus dem <a href=\"https:\/\/www.yumpu.com\/de\/document\/read\/20526867\/sudtirol-gutes-bewahren-neues-wagen\" rel=\"\">SVP-Wahlprogramm 2013<\/a> &#8220;Gutes bewahren. Neues wagen.&#8221;<\/em><\/p>\n<p>Wer kann sich noch an das Jahr 2013 erinnern? Es war das Jahr der Vollautonomie. Sowohl bei den Parlamentswahlen als auch bei den Landtagswahlen propagierte die <abbr title=\"S\u00fcdtiroler Volkspartei\">SVP<\/abbr> dieses Konzept, das genaugenommen eine weitreichende, innerstaatliche <a title=\"Gloss\u00e2r \u00b7 Glossar \u00b7 Glossario.\" href=\"https:\/\/www.brennerbasisdemokratie.eu\/?page_id=8859\" rel=\"\">Teilautonomie<\/a> beschreibt. Es war wohl eine Reaktion auf die damalige freiheitliche Idee des &#8220;Freistaates&#8221; (vulgo unabh\u00e4ngiger, souver\u00e4ner Staat) und der <abbr title=\"S\u00fcd-Tiroler Freiheit\">STF<\/abbr>-Forderung nach Selbstbestimmung. Auch im <a href=\"https:\/\/www.svp.eu\/smartedit\/documents\/content\/sub\/_published\/suedtiroler-volkspartei-wahlprogramm-2018.pdf\" rel=\"\">Wahlprogramm 2018<\/a> &#8220;Stabil. Stark. S\u00fcdtirol!&#8221; findet sich ein Verweis auf dieses Ziel:<\/p>\n<blockquote><p>Um S\u00fcdtirol politisch, kulturell, wirtschaftlich und sozial eine dynamische Weiterentwicklung, vor allem auch im Interesse der Jugend zu erm\u00f6glichen, soll die Autonomie unseres Landes zu einer Vollautonomie ausgebaut werden.<\/p><\/blockquote>\n<p>Durchsucht man jedoch das <a href=\"https:\/\/www.svp.eu\/smartedit\/documents\/content\/sub\/_published\/svp-wahlprogramm-2023.pdf\" rel=\"\">Wahlprogramm 2023<\/a> &#8220;Arbeiten f\u00fcr S\u00fcdtirol&#8221;, so findet man das Wort &#8220;Vollautonomie&#8221; genau 0 mal. Versenkt. Stattdessen wird nun die m\u00f6gliche Koalition mit den postfaschistischen <abbr title=\"Fratelli d\u2019Italia\">FdI<\/abbr> einzig und allein damit gerechtfertigt, dass dadurch in den vergangenen Jahr(zehnt)en verlorengegangene Kompetenzen zur\u00fcckgeholt werden k\u00f6nnten. Aha? Hei\u00dft das also, dass in den letzten zehn Jahren statt dem vollmundig in zwei Wahlprogrammen versprochenen Ausbau der Autonomie hin zur Vollautonomie das Gegenteil stattgefunden hat? Oder wie darf man das sonst verstehen?<\/p>\n<p><strong><span style=\"font-family: Helvetica, Arial, sans-serif; text-transform: uppercase;\">C\u00ebla enghe:<\/span><\/strong> <a title=\"Aufbruch zur Vollautonomie?\" href=\"https:\/\/www.brennerbasisdemokratie.eu\/?p=8814\" rel=\"\"><code>01<\/code><\/a> <a title=\"\u00bbVollautonomie und Selbstbestimmung\u00ab.\" href=\"https:\/\/www.brennerbasisdemokratie.eu\/?p=29047\" rel=\"\"><code>02<\/code><\/a> <a title=\"Parteipositionen: Selbstbestimmung.\" href=\"https:\/\/www.brennerbasisdemokratie.eu\/?p=16766\" rel=\"\"><code>03<\/code><\/a> <a title=\"Kein Staat (und keine Vollautonomie).\" href=\"https:\/\/www.brennerbasisdemokratie.eu\/?p=56280\" rel=\"\"><code>04<\/code><\/a> <a title=\"LH Kompatscher gibt Vollautonomie auf.\" href=\"https:\/\/www.brennerbasisdemokratie.eu\/?p=22260\" rel=\"\"><code>05<\/code><\/a> <a title=\"Gespenst Vollautonomie.\" href=\"https:\/\/www.brennerbasisdemokratie.eu\/?p=17456\" rel=\"\"><code>06<\/code><\/a> <a title=\"Runder Tisch: Vollautonomie.\" href=\"https:\/\/www.brennerbasisdemokratie.eu\/?p=9978\" rel=\"\"><code>07<\/code><\/a> <a title=\"Vollautonomie (I).\" href=\"https:\/\/www.brennerbasisdemokratie.eu\/?p=9618\" rel=\"\"><code>08<\/code><\/a> <a title=\"Vollautonomie (II).\" href=\"https:\/\/www.brennerbasisdemokratie.eu\/?p=9780\" rel=\"\"><code>09<\/code><\/a><\/p>","protected":false},"excerpt":{"rendered":"<p>Konsequent gehen wir den erfolgreichen Weg der Autonomie hin zur Vollautonomie weiter. aus dem SVP-Wahlprogramm 2013 &#8220;Gutes bewahren. Neues wagen.&#8221; Wer kann sich noch an das Jahr 2013 erinnern? Es war das Jahr der Vollautonomie. Sowohl bei den Parlamentswahlen als auch bei den Landtagswahlen propagierte die SVP dieses Konzept, das genaugenommen eine weitreichende, innerstaatliche Teilautonomie [&hellip;]<\/p>","protected":false},"author":8,"featured_media":0,"comment_status":"open","ping_status":"open","sticky":false,"template":"","format":"standard","meta":{"_crdt_document":"","ngg_post_thumbnail":0,"_jetpack_memberships_contains_paid_content":false,"footnotes":""},"categories":[1],"tags":[],"class_list":["post-82597","post","type-post","status-publish","format-standard","hentry","category-allgemein","entity-fdi","entity-freiheitliche","entity-landesregierung","entity-stf","entity-svp","issue-landtagswahl-2013","issue-landtagswahl-2018","issue-landtagswahl-2023","issue-parlamentswahl-2013","issue-zitac","location-sudtirolo","language-deutsch","topic-comparatio","topic-faschismen","topic-politik","topic-recherche","topic-selbstbestimmung","topic-staatland","topic-vorzeigeautonomie","topic-zustaendigkeiten"],"jetpack_featured_media_url":"","jetpack_sharing_enabled":true,"_links":{"self":[{"href":"https:\/\/www.brennerbasisdemokratie.eu\/index.php?rest_route=\/wp\/v2\/posts\/82597","targetHints":{"allow":["GET"]}}],"collection":[{"href":"https:\/\/www.brennerbasisdemokratie.eu\/index.php?rest_route=\/wp\/v2\/posts"}],"about":[{"href":"https:\/\/www.brennerbasisdemokratie.eu\/index.php?rest_route=\/wp\/v2\/types\/post"}],"author":[{"embeddable":true,"href":"https:\/\/www.brennerbasisdemokratie.eu\/index.php?rest_route=\/wp\/v2\/users\/8"}],"replies":[{"embeddable":true,"href":"https:\/\/www.brennerbasisdemokratie.eu\/index.php?rest_route=%2Fwp%2Fv2%2Fcomments&post=82597"}],"version-history":[{"count":16,"href":"https:\/\/www.brennerbasisdemokratie.eu\/index.php?rest_route=\/wp\/v2\/posts\/82597\/revisions"}],"predecessor-version":[{"id":82624,"href":"https:\/\/www.brennerbasisdemokratie.eu\/index.php?rest_route=\/wp\/v2\/posts\/82597\/revisions\/82624"}],"wp:attachment":[{"href":"https:\/\/www.brennerbasisdemokratie.eu\/index.php?rest_route=%2Fwp%2Fv2%2Fmedia&parent=82597"}],"wp:term":[{"taxonomy":"category","embeddable":true,"href":"https:\/\/www.brennerbasisdemokratie.eu\/index.php?rest_route=%2Fwp%2Fv2%2Fcategories&post=82597"},{"taxonomy":"post_tag","embeddable":true,"href":"https:\/\/www.brennerbasisdemokratie.eu\/index.php?rest_route=%2Fwp%2Fv2%2Ftags&post=82597"}],"curies":[{"name":"wp","href":"https:\/\/api.w.org\/{rel}","templated":true}]}}