{"id":82671,"date":"2023-12-18T14:32:03","date_gmt":"2023-12-18T13:32:03","guid":{"rendered":"https:\/\/www.brennerbasisdemokratie.eu\/?p=82671"},"modified":"2025-07-21T21:58:03","modified_gmt":"2025-07-21T19:58:03","slug":"elsbeth-wallnofer-gegen-rechtskoalition","status":"publish","type":"post","link":"https:\/\/www.brennerbasisdemokratie.eu\/?p=82671","title":{"rendered":"Elsbeth Walln\u00f6fer gegen Rechtskoalition."},"content":{"rendered":"<blockquote><p>Liebe Volkspartei, wenn ihr diese Rechtskoalition eingeht, verliert das Land endg\u00fcltig seine solide b\u00fcrgerliche Mitte. Eine Mitte, die bisher Land und Leuten ein friedliches Zusammenleben erm\u00f6glichte, die Garant f\u00fcr ein solide Balance zwischen sozialen, kulturellen und wirtschaftspolitischen Interessen war.<\/p>\n<p>Verzichtet auf die Kollaboration mit rechtspopulistischen Scharfmachern, konsolidiert eine demokratische Mitte, die mit einer \u00f6kologisch-sozialen Wende das Land zukunftsfit macht.<\/p><\/blockquote>\n<p><em>Elsbeth Walln\u00f6fer, Volkskundlerin und Philosophin, <a title=\"Insta: Statement Elsbeth Walln\u00f6fer.\" href=\"https:\/\/www.instagram.com\/p\/C0z2ZSbIUXU\/?igshid=MzRlODBiNWFlZA==\" target=\"_blank\" rel=\"noopener\">Unterst\u00fctzungserkl\u00e4rung<\/a>&nbsp;f\u00fcr <\/em>No Excuses<\/p>\n<p><strong><span style=\"font-family: Helvetica, Arial, sans-serif; text-transform: uppercase;\">C\u00ebla enghe:<\/span><\/strong> <a title=\"Wertebasierte Autonomie.\" href=\"https:\/\/www.brennerbasisdemokratie.eu\/?p=82652\" rel=\"\"><code>01<\/code><\/a> <a title=\"NO EXCUSES 3.\" href=\"https:\/\/www.brennerbasisdemokratie.eu\/?p=82640\" rel=\"\"><code>02<\/code><\/a> <span style=\"font-family: Helvetica, Arial, sans-serif; font-weight: normal;\">||<\/span> <a title=\"Die Tabubr\u00fcche der SVP.\" href=\"https:\/\/www.brennerbasisdemokratie.eu\/?p=93029\"><span style=\"color: #ff8c00\"><code>01<\/code><\/span><\/a> <a href=\"https:\/\/www.brennerbasisdemokratie.eu\/?p=93539\" title=\"Halt doch mal den Steigb\u00fcgel!\"><span style=\"color: #ff8c00\"><code>02<\/code><\/span><\/a><\/p>","protected":false},"excerpt":{"rendered":"<p>Liebe Volkspartei, wenn ihr diese Rechtskoalition eingeht, verliert das Land endg\u00fcltig seine solide b\u00fcrgerliche Mitte. Eine Mitte, die bisher Land und Leuten ein friedliches Zusammenleben erm\u00f6glichte, die Garant f\u00fcr ein solide Balance zwischen sozialen, kulturellen und wirtschaftspolitischen Interessen war. Verzichtet auf die Kollaboration mit rechtspopulistischen Scharfmachern, konsolidiert eine demokratische Mitte, die mit einer \u00f6kologisch-sozialen Wende [&hellip;]<\/p>","protected":false},"author":1,"featured_media":0,"comment_status":"open","ping_status":"open","sticky":false,"template":"","format":"standard","meta":{"_crdt_document":"","ngg_post_thumbnail":0,"_jetpack_memberships_contains_paid_content":false,"footnotes":""},"categories":[1],"tags":[],"class_list":["post-82671","post","type-post","status-publish","format-standard","hentry","category-allgemein","entity-fdi","entity-freiheitliche","entity-landesregierung","entity-lega","entity-no-excuses","entity-svp","issue-good-news","issue-landtagswahl-2023","issue-quotation","location-sudtirolo","language-deutsch","medium-socialmedia","topic-ecologia","topic-kohasion","topic-soziales"],"jetpack_featured_media_url":"","jetpack_sharing_enabled":true,"_links":{"self":[{"href":"https:\/\/www.brennerbasisdemokratie.eu\/index.php?rest_route=\/wp\/v2\/posts\/82671","targetHints":{"allow":["GET"]}}],"collection":[{"href":"https:\/\/www.brennerbasisdemokratie.eu\/index.php?rest_route=\/wp\/v2\/posts"}],"about":[{"href":"https:\/\/www.brennerbasisdemokratie.eu\/index.php?rest_route=\/wp\/v2\/types\/post"}],"author":[{"embeddable":true,"href":"https:\/\/www.brennerbasisdemokratie.eu\/index.php?rest_route=\/wp\/v2\/users\/1"}],"replies":[{"embeddable":true,"href":"https:\/\/www.brennerbasisdemokratie.eu\/index.php?rest_route=%2Fwp%2Fv2%2Fcomments&post=82671"}],"version-history":[{"count":5,"href":"https:\/\/www.brennerbasisdemokratie.eu\/index.php?rest_route=\/wp\/v2\/posts\/82671\/revisions"}],"predecessor-version":[{"id":93555,"href":"https:\/\/www.brennerbasisdemokratie.eu\/index.php?rest_route=\/wp\/v2\/posts\/82671\/revisions\/93555"}],"wp:attachment":[{"href":"https:\/\/www.brennerbasisdemokratie.eu\/index.php?rest_route=%2Fwp%2Fv2%2Fmedia&parent=82671"}],"wp:term":[{"taxonomy":"category","embeddable":true,"href":"https:\/\/www.brennerbasisdemokratie.eu\/index.php?rest_route=%2Fwp%2Fv2%2Fcategories&post=82671"},{"taxonomy":"post_tag","embeddable":true,"href":"https:\/\/www.brennerbasisdemokratie.eu\/index.php?rest_route=%2Fwp%2Fv2%2Ftags&post=82671"}],"curies":[{"name":"wp","href":"https:\/\/api.w.org\/{rel}","templated":true}]}}