{"id":82690,"date":"2023-12-18T23:41:11","date_gmt":"2023-12-18T22:41:11","guid":{"rendered":"https:\/\/www.brennerbasisdemokratie.eu\/?p=82690"},"modified":"2025-10-25T23:01:31","modified_gmt":"2025-10-25T21:01:31","slug":"hochstes-gut-steht-auf-dem-spiel","status":"publish","type":"post","link":"https:\/\/www.brennerbasisdemokratie.eu\/?p=82690","title":{"rendered":"\u203aH\u00f6chstes Gut\u2039 steht auf dem Spiel."},"content":{"rendered":"<p>Am Samstag waren der Politikwissenschafter G\u00fcnther Pallaver und die Historikerin Martha Stocker (<abbr title=\"S\u00fcdtiroler Volkspartei\">SVP<\/abbr>) bei einem <em><a title=\"Rai: Martha Stocker\u2026\" href=\"https:\/\/www.rainews.it\/tgr\/tagesschau\/audio\/2023\/12\/entwurf-martha-stocker-die-freie-meinungsausserung-ist-das-hochste-gut-das-wir-haben-a2c131b0-f00e-45c4-8f45-5f0f4bcd8a8e.html\" target=\"_blank\" rel=\"noopener\">Mittagsmagazin Spezial<\/a><\/em>&nbsp;von <em>Rai S\u00fcdtirol<\/em> zu Gast. Auf die <a title=\"Galateo verklagt alles und jede.\" href=\"https:\/\/www.brennerbasisdemokratie.eu\/?p=82626\" rel=\"\">Klagedrohungen<\/a> von Marco Galateo (<abbr title=\"Fratelli d\u2019Italia\">FdI<\/abbr>) angesprochen, bezeichnete Stocker die Meinungsfreiheit als \u00bbdas h\u00f6chste Gut, das wir haben.\u00ab<\/p>\n<blockquote><p>Da verstehe ich die Welt nicht mehr. Also da kommen schon wirklich wesentliche Grundfreiheiten\u2026 werden in Frage gestellt.<\/p>\n<p><small><em>\u2013 Martha Stocker<\/em><\/small><\/p><\/blockquote>\n<p><small><em>Transkription von mir<\/em><\/small><\/p>\n<p class=\"p1\"><span class=\"s1\">Sie brachte in der Folge die Hoffnung zum Ausdruck, dass sich die SVP von dieser Haltung des wahrscheinlichen Koalitionspartners klar abgrenzt. Das finde ich einerseits gut. Andererseits spricht Martha Stocker selbst davon, dass hier das h\u00f6chste Gut, das wir haben unter die R\u00e4der zu kommen droht. Reicht es bei derart Grunds\u00e4tzlichem wirklich, einfach nur \u00e4u\u00dferlich auf Distanz zu gehen oder ein paar wohlklingende Worte in eine Pr\u00e4ambel zu schreiben? Pr\u00e4ambeln sind zwar wichtig, doch sie sind auch der Teil von Vertr\u00e4gen, wo Papier am geduldigsten ist. Ist das wirklich alles, was die SVP zur Verteidigung von Grundwerten aufzubringen gewillt ist?<\/span><\/p>\n<p class=\"p1\"><span class=\"s1\">Noch bevor die neue Koalition steht, muss die <em>Volkspartei<\/em> schon an allen Ecken Feuerwehr spielen und kommt damit kaum noch hinterher. Wie es dann erst wird, wenn die Rechtsrechten an den Schalthebeln sind, k\u00f6nnen wir uns ausmalen. Leider werden dann aber keine Distanzierungen mehr ausreichen.<\/span><\/p>\n<p>Die einzig glaubw\u00fcrdige Abgrenzung ist der rechtzeitige Abbruch der Koalitionsgespr\u00e4che.<\/p>\n<p><strong><span style=\"font-family: Helvetica, Arial, sans-serif; text-transform: uppercase;\">C\u00ebla enghe:<\/span><\/strong> <a title=\"Italien: Eingeschr\u00e4nkte Meinungsfreiheit.\" href=\"https:\/\/www.brennerbasisdemokratie.eu\/?p=82731\" rel=\"\"><span style=\"color: #ff8c00\"><code>01<\/code><\/span><\/a> <a href=\"https:\/\/www.brennerbasisdemokratie.eu\/?p=95630\" title=\"Marco Galateo verklagt den Journalisten Anton Rainer.\"><span style=\"color: #ff8c00\"><code>02<\/code><\/span><\/a><\/p>","protected":false},"excerpt":{"rendered":"<p>Am Samstag waren der Politikwissenschafter G\u00fcnther Pallaver und die Historikerin Martha Stocker (SVP) bei einem Mittagsmagazin Spezial&nbsp;von Rai S\u00fcdtirol zu Gast. Auf die Klagedrohungen von Marco Galateo (FdI) angesprochen, bezeichnete Stocker die Meinungsfreiheit als \u00bbdas h\u00f6chste Gut, das wir haben.\u00ab Da verstehe ich die Welt nicht mehr. Also da kommen schon wirklich wesentliche Grundfreiheiten\u2026 werden [&hellip;]<\/p>","protected":false},"author":1,"featured_media":0,"comment_status":"open","ping_status":"open","sticky":false,"template":"","format":"standard","meta":{"_crdt_document":"","ngg_post_thumbnail":0,"_jetpack_memberships_contains_paid_content":false,"footnotes":""},"categories":[1],"tags":[],"class_list":["post-82690","post","type-post","status-publish","format-standard","hentry","category-allgemein","entity-fdi","entity-landesregierung","entity-svp","issue-landtagswahl-2023","issue-zitac","location-sudtirolo","language-deutsch","medium-rai","person-gunther-pallaver","person-marco-galateo","person-martha-stocker","topic-faschismen","topic-grundrechte","topic-medien","topic-politik","topic-repression"],"jetpack_featured_media_url":"","jetpack_sharing_enabled":true,"_links":{"self":[{"href":"https:\/\/www.brennerbasisdemokratie.eu\/index.php?rest_route=\/wp\/v2\/posts\/82690","targetHints":{"allow":["GET"]}}],"collection":[{"href":"https:\/\/www.brennerbasisdemokratie.eu\/index.php?rest_route=\/wp\/v2\/posts"}],"about":[{"href":"https:\/\/www.brennerbasisdemokratie.eu\/index.php?rest_route=\/wp\/v2\/types\/post"}],"author":[{"embeddable":true,"href":"https:\/\/www.brennerbasisdemokratie.eu\/index.php?rest_route=\/wp\/v2\/users\/1"}],"replies":[{"embeddable":true,"href":"https:\/\/www.brennerbasisdemokratie.eu\/index.php?rest_route=%2Fwp%2Fv2%2Fcomments&post=82690"}],"version-history":[{"count":6,"href":"https:\/\/www.brennerbasisdemokratie.eu\/index.php?rest_route=\/wp\/v2\/posts\/82690\/revisions"}],"predecessor-version":[{"id":95636,"href":"https:\/\/www.brennerbasisdemokratie.eu\/index.php?rest_route=\/wp\/v2\/posts\/82690\/revisions\/95636"}],"wp:attachment":[{"href":"https:\/\/www.brennerbasisdemokratie.eu\/index.php?rest_route=%2Fwp%2Fv2%2Fmedia&parent=82690"}],"wp:term":[{"taxonomy":"category","embeddable":true,"href":"https:\/\/www.brennerbasisdemokratie.eu\/index.php?rest_route=%2Fwp%2Fv2%2Fcategories&post=82690"},{"taxonomy":"post_tag","embeddable":true,"href":"https:\/\/www.brennerbasisdemokratie.eu\/index.php?rest_route=%2Fwp%2Fv2%2Ftags&post=82690"}],"curies":[{"name":"wp","href":"https:\/\/api.w.org\/{rel}","templated":true}]}}