{"id":82749,"date":"2023-12-21T18:43:27","date_gmt":"2023-12-21T17:43:27","guid":{"rendered":"https:\/\/www.brennerbasisdemokratie.eu\/?p=82749"},"modified":"2025-06-11T13:20:26","modified_gmt":"2025-06-11T11:20:26","slug":"cpi-schockierende-antisemitische-aktion","status":"publish","type":"post","link":"https:\/\/www.brennerbasisdemokratie.eu\/?p=82749","title":{"rendered":"CPI: Schockierende antisemitische Aktion."},"content":{"rendered":"<p>Die Recken der offen faschistischen <em>CasaPound<\/em> \u2014 also die Freunde der <a title=\"Galateo weigert sich, den Faschismus zu verurteilen.\" href=\"https:\/\/www.brennerbasisdemokratie.eu\/?p=82679\" rel=\"\">weder un- noch antifaschistischen<\/a> <abbr title=\"Fratelli d\u2019Italia\">FdI<\/abbr> (vgl. <a title=\"Mit CasaPound zum Vizelandeshauptmann?\" href=\"https:\/\/www.brennerbasisdemokratie.eu\/?p=81795\" rel=\"\"><code>01<\/code><\/a> <a title=\"Lega und FdI mit CasaPound in Grosseto.\" href=\"https:\/\/www.brennerbasisdemokratie.eu\/?p=67269\" rel=\"\"><code>02<\/code><\/a> <a title=\"Richtung: Machtergreifung.\" href=\"https:\/\/www.brennerbasisdemokratie.eu\/?p=50903\" rel=\"\"><code>03<\/code><\/a>) \u2014 haben in Padua und G\u00f6rz eine schwerst antisemitische, die <em>Shoah<\/em> verharmlosende Aktion umgesetzt: In ausdr\u00fccklicher Bezugnahme auf das <a title=\"Wiki: Stolpersteine.\" href=\"https:\/\/de.wikipedia.org\/wiki\/Stolpersteine\" target=\"_blank\" rel=\"noopener\">Kunstprojekt von Gunter Demnig<\/a> zum Gedenken an die Opfer des <em>Holocausts,<\/em> verlegten sie in beiden St\u00e4dten messingfarbene T\u00e4felchen in der Gr\u00f6\u00dfe eines Pflaster- bzw. eines <em>Stolpersteins<\/em> mit der Aufschrift <em>\u00bbF\u00fcr Pal\u00e4stina und seine S\u00f6hne \u2013 Oktober &#8211; November 2023\u00ab<\/em>. Wie auch immer man zum derzeit laufenden Krieg im Nahen Osten stehen mag, der von einem brutalen terroristischen Akt der <em>Hamas<\/em> eingeleitet wurde, ist die schockierende, widerliche Tat von <em>CasaPound<\/em> in keiner Weise rechtfertigbar. Unter einem billigen Vorwand werden damit Menschen j\u00fcdischer Kultur und j\u00fcdischen Glaubens pauschal und einseitig f\u00fcr die israelische Reaktion auf einen Angriff gegen sein Existenzrecht verantwortlich gemacht, die Selbstverteidigung Israels mit der industriellen Vernichtung des j\u00fcdischen Volkes durch die Nazis auf eine Stufe gestellt und das Gedenken an die Holocaustopfer verh\u00f6hnt und verspottet. All dies, w\u00e4hrend J\u00fcdinnen auf der ganzen Welt ohnehin wieder mit schweren Anfeindungen und Gewalt konfrontiert sind und um ihre Unversehrtheit bangen m\u00fcssen.<\/p>\n<p>Die politischen Freunde und Weggef\u00e4hrten derer, die diese hinterfotzige Aktion geplant und umgesetzt haben, sitzen in Rom an den Schalthebeln der Macht und werden bald auch in S\u00fcdtirol (<a title=\"Die Landesr\u00e4te mit CasaPound.\" href=\"https:\/\/www.brennerbasisdemokratie.eu\/?p=51812\" rel=\"\">wieder<\/a>) in der Landesregierung sein. Wobei sie in dieser konkreten Frage \u2014 bez\u00fcglich Israel \u2014 gar nicht einer Meinung sein m\u00f6gen.<\/p>\n<p><strong><span style=\"font-family: Helvetica, Arial, sans-serif; text-transform: uppercase;\">C\u00ebla enghe:<\/span><\/strong> <a title=\"Antisemitische Aktion in Bozen.\" href=\"https:\/\/www.brennerbasisdemokratie.eu\/?p=86194\"><span style=\"color: #ff8c00\"><code>01<\/code><\/span><\/a><\/p>","protected":false},"excerpt":{"rendered":"<p>Die Recken der offen faschistischen CasaPound \u2014 also die Freunde der weder un- noch antifaschistischen FdI (vgl. 01 02 03) \u2014 haben in Padua und G\u00f6rz eine schwerst antisemitische, die Shoah verharmlosende Aktion umgesetzt: In ausdr\u00fccklicher Bezugnahme auf das Kunstprojekt von Gunter Demnig zum Gedenken an die Opfer des Holocausts, verlegten sie in beiden St\u00e4dten [&hellip;]<\/p>","protected":false},"author":1,"featured_media":0,"comment_status":"open","ping_status":"open","sticky":false,"template":"","format":"standard","meta":{"_crdt_document":"","ngg_post_thumbnail":0,"_jetpack_memberships_contains_paid_content":false,"footnotes":""},"categories":[1],"tags":[],"class_list":["post-82749","post","type-post","status-publish","format-standard","hentry","category-allgemein","entity-cpi","entity-fdi","entity-lega","location-friaul","location-israel","location-italy","location-palastina","location-sudtirolo","location-venetien","language-deutsch","topic-antisemitismus","topic-faschismen","topic-krieg","topic-politik","topic-racism","topic-religiun"],"jetpack_featured_media_url":"","jetpack_sharing_enabled":true,"_links":{"self":[{"href":"https:\/\/www.brennerbasisdemokratie.eu\/index.php?rest_route=\/wp\/v2\/posts\/82749","targetHints":{"allow":["GET"]}}],"collection":[{"href":"https:\/\/www.brennerbasisdemokratie.eu\/index.php?rest_route=\/wp\/v2\/posts"}],"about":[{"href":"https:\/\/www.brennerbasisdemokratie.eu\/index.php?rest_route=\/wp\/v2\/types\/post"}],"author":[{"embeddable":true,"href":"https:\/\/www.brennerbasisdemokratie.eu\/index.php?rest_route=\/wp\/v2\/users\/1"}],"replies":[{"embeddable":true,"href":"https:\/\/www.brennerbasisdemokratie.eu\/index.php?rest_route=%2Fwp%2Fv2%2Fcomments&post=82749"}],"version-history":[{"count":8,"href":"https:\/\/www.brennerbasisdemokratie.eu\/index.php?rest_route=\/wp\/v2\/posts\/82749\/revisions"}],"predecessor-version":[{"id":92743,"href":"https:\/\/www.brennerbasisdemokratie.eu\/index.php?rest_route=\/wp\/v2\/posts\/82749\/revisions\/92743"}],"wp:attachment":[{"href":"https:\/\/www.brennerbasisdemokratie.eu\/index.php?rest_route=%2Fwp%2Fv2%2Fmedia&parent=82749"}],"wp:term":[{"taxonomy":"category","embeddable":true,"href":"https:\/\/www.brennerbasisdemokratie.eu\/index.php?rest_route=%2Fwp%2Fv2%2Fcategories&post=82749"},{"taxonomy":"post_tag","embeddable":true,"href":"https:\/\/www.brennerbasisdemokratie.eu\/index.php?rest_route=%2Fwp%2Fv2%2Ftags&post=82749"}],"curies":[{"name":"wp","href":"https:\/\/api.w.org\/{rel}","templated":true}]}}