{"id":82760,"date":"2023-12-22T21:59:31","date_gmt":"2023-12-22T20:59:31","guid":{"rendered":"https:\/\/www.brennerbasisdemokratie.eu\/?p=82760"},"modified":"2024-11-20T20:12:33","modified_gmt":"2024-11-20T19:12:33","slug":"no-excuses-und-die-andere-seite","status":"publish","type":"post","link":"https:\/\/www.brennerbasisdemokratie.eu\/?p=82760","title":{"rendered":"No Excuses und \u203adie andere Seite\u2039."},"content":{"rendered":"<p>Am morgigen Samstag, den 23. Dezember um 14.00 Uhr findet <a title=\"NO EXCUSES 3.\" href=\"https:\/\/www.brennerbasisdemokratie.eu\/?p=82640\" rel=\"\">die dritte <em>No-Excuses<\/em>-Demo<\/a> gegen die Regierungsbeteiligung von Rechtsextremen statt. Das nehme ich zum Anlass, auf eine Behauptung einzugehen, die so oder \u00e4hnlich seit Beginn der Kundgebungen immer wieder zu vernehmen war:<\/p>\n<blockquote><p>Die Politik soll diesen Lichtermarsch ernst nehmen. Andererseits w\u00fcrde es gewiss ebenfalls Proteste geben \u2013 diesmal halt von der anderen Seite \u2013 wenn sich die <abbr title=\"S\u00fcdtiroler Volkspartei\">SVP<\/abbr> anders entschieden h\u00e4tte. [\u2026] Gerade auch von jenen, die mit einer Kerze vor dem Landtag stehen, kann erwartet werden, dass sie demokratische Spielregeln achten.<\/p>\n<p><em>\u2013 <a title=\"SN: Bunter Widerstand.\" href=\"https:\/\/www.suedtirolnews.it\/chronik\/bunter-widerstand\" target=\"_blank\" rel=\"noopener\">S\u00fcdtirol News<\/a><\/em><\/p><\/blockquote>\n<p>Will man es nicht verstehen oder ist es wirklich zu schwierig? Obwohl nicht wenige der Teilnehmenden vermutlich gerne eine Mittelinksregierung h\u00e4tten, geht <em>No Excuses <\/em>ganz sicher <span style=\"text-decoration: underline;\">nicht<\/span> daf\u00fcr auf die Stra\u00dfe. <em>No Excuses<\/em> geht gegen eine Regierung auf die Stra\u00dfe, die Parteien mit menschenfeindlichen und extremistischen Positionen umfasst, die mit den totalit\u00e4ren Ideologien des 20. Jahrhunderts lieb\u00e4ugeln.<\/p>\n<p>Zu sagen, dass es Proteste \u00bbvon der anderen Seite\u00ab gegeben h\u00e4tte, wenn die SVP anders entschieden h\u00e4tte, ist aus mehreren Gr\u00fcnden absurd:<\/p>\n<ol>\n<li>Meines Wissens hat es bislang noch nie Proteste gegen die Zusammensetzung einer S\u00fcdtiroler Landesregierung gegeben, egal ob die <em>Volkspartei<\/em> mit Kr\u00e4ften links oder rechts von sich koaliert hat. Auch nicht 2018. Warum h\u00e4tte es also diesmal \u00bbgewiss\u00ab dazu kommen sollen, wenn die SVP zum Beispiel mit dem <em>Team K,<\/em> den <em>Gr\u00fcnen<\/em> oder dem <abbr title=\"Partito Democratico\">PD<\/abbr> koaliert h\u00e4tte?<\/li>\n<li>Ein allf\u00e4lliger Protest gegen eine beliebige Zusammensetzung der Regierungsmehrheit w\u00e4re nicht mit <em>No Excuses<\/em> vergleichbar, da sich <em>No Excuses<\/em> weder gegen noch f\u00fcr eine bestimmte Mehrheit ausspricht, solange keine extremistischen Kr\u00e4fte Teil davon sind.<\/li>\n<li><em>No Excuses<\/em> setzt sich also nicht f\u00fcr die Linken, <em>No Excuses<\/em> setzt sich f\u00fcr die Demokratie und ihre Grundwerte ein. Die \u00bbandere Seite\u00ab w\u00e4ren also die Feinde der Demokratie und einer offenen Gesellschaft.<\/li>\n<\/ol>\n<p>Wie schon \u00f6fter geschrieben, ist Antifaschismus eine gesamtgesellschaftliche Aufgabe und darf kein Alleinstellungsmerkmal der Linken sein. Etwas anderes zu suggerieren, erweist der Demokratie einen B\u00e4rendienst.<\/p>\n<p><em><small>Hinweis: Dieser Beitrag ist <span style=\"text-decoration: underline;\">keine<\/span> Stellungnahme im Namen von <\/small><\/em><small>No Excuses.<\/small><\/p>\n<p><strong><span style=\"font-family: Helvetica, Arial, sans-serif; text-transform: uppercase;\">C\u00ebla enghe:<\/span><\/strong> <a title=\"Sprachen, Ideologie und Geschlechter im neuen Landtag.\" href=\"https:\/\/www.brennerbasisdemokratie.eu\/?p=81620\" rel=\"\"><code>01<\/code><\/a> <a title=\"Der W\u00e4hlerwille, die Italienerinnen und der Rechtsruck.\" href=\"https:\/\/www.brennerbasisdemokratie.eu\/?p=82548\" rel=\"\"><code>02<\/code><\/a> <a title=\"Galateo weigert sich, den Faschismus zu verurteilen.\" href=\"https:\/\/www.brennerbasisdemokratie.eu\/?p=82679\" rel=\"\"><code>03<\/code><\/a> <a title=\"No Excuses und \u00bbdie andere Seite\u00ab.\" href=\"https:\/\/www.brennerbasisdemokratie.eu\/?p=82760\"><code>04<\/code><\/a><\/p>","protected":false},"excerpt":{"rendered":"<p>Am morgigen Samstag, den 23. Dezember um 14.00 Uhr findet die dritte No-Excuses-Demo gegen die Regierungsbeteiligung von Rechtsextremen statt. Das nehme ich zum Anlass, auf eine Behauptung einzugehen, die so oder \u00e4hnlich seit Beginn der Kundgebungen immer wieder zu vernehmen war: Die Politik soll diesen Lichtermarsch ernst nehmen. Andererseits w\u00fcrde es gewiss ebenfalls Proteste geben [&hellip;]<\/p>","protected":false},"author":1,"featured_media":0,"comment_status":"open","ping_status":"open","sticky":false,"template":"","format":"standard","meta":{"_crdt_document":"","ngg_post_thumbnail":0,"_jetpack_memberships_contains_paid_content":false,"footnotes":""},"categories":[1],"tags":[],"class_list":["post-82760","post","type-post","status-publish","format-standard","hentry","category-allgemein","entity-fdi","entity-freiheitliche","entity-landesregierung","entity-lega","entity-no-excuses","entity-pd","entity-svp","entity-tk","entity-verc","issue-landtagswahl-2023","issue-medienkritik","issue-zitac","location-sudtirolo","language-deutsch","medium-suedtirolnews","topic-democrazia","topic-engagement","topic-faschismen","topic-grundrechte","topic-politik"],"jetpack_featured_media_url":"","jetpack_sharing_enabled":true,"_links":{"self":[{"href":"https:\/\/www.brennerbasisdemokratie.eu\/index.php?rest_route=\/wp\/v2\/posts\/82760","targetHints":{"allow":["GET"]}}],"collection":[{"href":"https:\/\/www.brennerbasisdemokratie.eu\/index.php?rest_route=\/wp\/v2\/posts"}],"about":[{"href":"https:\/\/www.brennerbasisdemokratie.eu\/index.php?rest_route=\/wp\/v2\/types\/post"}],"author":[{"embeddable":true,"href":"https:\/\/www.brennerbasisdemokratie.eu\/index.php?rest_route=\/wp\/v2\/users\/1"}],"replies":[{"embeddable":true,"href":"https:\/\/www.brennerbasisdemokratie.eu\/index.php?rest_route=%2Fwp%2Fv2%2Fcomments&post=82760"}],"version-history":[{"count":11,"href":"https:\/\/www.brennerbasisdemokratie.eu\/index.php?rest_route=\/wp\/v2\/posts\/82760\/revisions"}],"predecessor-version":[{"id":89086,"href":"https:\/\/www.brennerbasisdemokratie.eu\/index.php?rest_route=\/wp\/v2\/posts\/82760\/revisions\/89086"}],"wp:attachment":[{"href":"https:\/\/www.brennerbasisdemokratie.eu\/index.php?rest_route=%2Fwp%2Fv2%2Fmedia&parent=82760"}],"wp:term":[{"taxonomy":"category","embeddable":true,"href":"https:\/\/www.brennerbasisdemokratie.eu\/index.php?rest_route=%2Fwp%2Fv2%2Fcategories&post=82760"},{"taxonomy":"post_tag","embeddable":true,"href":"https:\/\/www.brennerbasisdemokratie.eu\/index.php?rest_route=%2Fwp%2Fv2%2Ftags&post=82760"}],"curies":[{"name":"wp","href":"https:\/\/api.w.org\/{rel}","templated":true}]}}