{"id":82859,"date":"2023-12-28T11:21:28","date_gmt":"2023-12-28T10:21:28","guid":{"rendered":"https:\/\/www.brennerbasisdemokratie.eu\/?p=82859"},"modified":"2024-01-22T07:54:46","modified_gmt":"2024-01-22T06:54:46","slug":"keinen-zentimeter","status":"publish","type":"post","link":"https:\/\/www.brennerbasisdemokratie.eu\/?p=82859","title":{"rendered":"Keinen Zentimeter."},"content":{"rendered":"<p>Landeshauptmann Arno Kompatscher (SVP) ist Medienberichten zufolge \u00fcberrascht, dass es Menschen gebe, die bef\u00fcrchten, er k\u00f6nnte in der Koalition mit den Recht(sextrem)en auch nur einen Zentimeter von seinen Werten abr\u00fccken. Doch allein schon seine Bereitschaft, ohne Not mit post- und neofaschistischen Kr\u00e4ften zusammenzuarbeiten und sie somit zu legitimieren, ist mit den Werten, die man mit ihm (und der <abbr title=\"S\u00fcdtiroler Volkspartei\">SVP<\/abbr>) bislang in Verbindung gebracht hat, nicht vereinbar. Gut m\u00f6glich allerdings, dass wir uns in der Person des Landeshauptmanns kollektiv geirrt haben, das halte ich inzwischen sogar f\u00fcr die wahrscheinlichste Option.<\/p>\n<p>Dass die SVP wohl auch in zentralen Punkten von ihren bisherigen Positionen abweichen musste, ist medial bereits durchgesickert. Gewissheit werden wir vielleicht in K\u00fcrze haben. Doch etwas anderes w\u00e4re auch unlogisch: Wozu geht man Koalitionen ein, wenn den Juniorpartnern, die gemeinsam immerhin ein Drittel der Regierungsmehrheit stellen und wertem\u00e4\u00dfig teils sehr weit vom <abbr title=\"Landeshauptmann\/-frau\">LH<\/abbr> weg sind, \u00bbkein Zentimeter\u00ab gew\u00e4hrt wird? Das wird sich niemand gefallen lassen, umso weniger Parteien, die das Faustpfand der \u00fcber alles stehenden und alles rechtfertigenden Wiederherstellung der Autonomie in ihren H\u00e4nden halten.<\/p>\n<p>Daf\u00fcr soll es aber wie schon vor f\u00fcnf Jahren im Regierungsprogramm eine wunderbare Pr\u00e4ambel geben, in der s\u00e4mtliche Werte zentimetergenau vermessen werden. Schade nur, dass Pr\u00e4ambeln sehr geduldig, weil v\u00f6llig unverbindlich sind. Oder m\u00f6chte man uns weismachen, dass damals nur alles aus dem Ruder laufen konnte, weil Franz von Papen nicht an eine Pr\u00e4ambel gedacht hatte?<\/p>\n<p>\u00dcberspitzungen beiseite \u2014 das Allerwichtigste droht unterzugehen: Selbst wenn wir uns im Landeshauptmann nicht geirrt h\u00e4tten, selbst wenn die Juniorpartner so dumm w\u00e4ren, in zentralen Bereichen auf eigene Akzente zu verzichten und selbst wenn Pr\u00e4ambeln aus \u2014 O-Ton Albert P\u00fcrgstaller \u2014 Anti-Antifaschisten lupenreine Demokratinnen machen k\u00f6nnen, gibt es da immer noch ein riesengro\u00dfes Problem. Bei den enormen Herausforderungen, die uns in den n\u00e4chsten Jahren bevorstehen, w\u00e4re \u00bbkeinen Zentimeter zur\u00fcckweichen\u00ab wohl noch lange nicht genug. Wir m\u00fcssen, um bei Kompatschers Bild zu bleiben, vermutlich meter-, ja kilometerweit von unseren jetzigen Positionen abr\u00fccken, um alle Probleme auch nur ansatzweise l\u00f6sen und die schwerwiegendsten Sch\u00e4den abwenden zu k\u00f6nnen. Allerdings wird uns dieser Weg wohl gerade nicht zur\u00fcck in eine \u00bbkuschelige\u00ab Vergangenheit f\u00fchren, wie es sich die Recht(sextrem)en w\u00fcnschen, sondern genau in die entgegengesetzte Richtung. Keinen Zentimeter nachgeben reicht also nicht.<\/p>\n<p><strong><span style=\"font-family: Helvetica, Arial, sans-serif; text-transform: uppercase;\">C\u00ebla enghe:<\/span><\/strong> <a title=\"Der W\u00e4hlerwille, die Italienerinnen und der Rechtsruck.\" href=\"https:\/\/www.brennerbasisdemokratie.eu\/?p=82548\" rel=\"\"><code>01<\/code><\/a> <a title=\"Elsbeth Walln\u00f6fer gegen Rechtskoalition.\" href=\"https:\/\/www.brennerbasisdemokratie.eu\/?p=82671\" rel=\"\"><code>02<\/code><\/a> <a title=\"Genderbefreite Handschrift.\" href=\"https:\/\/www.brennerbasisdemokratie.eu\/?p=82776\" rel=\"\"><code>03<\/code><\/a> <a title=\"Offener Brief der Akademikerinnen.\" href=\"https:\/\/www.brennerbasisdemokratie.eu\/?p=82657\" rel=\"\"><code>04<\/code><\/a> <span style=\"font-family: Helvetica, Arial, sans-serif; font-weight: normal;\">||<\/span> <a title=\"V\u00f6llig bedeutungslose Pr\u00e4ambel.\" href=\"https:\/\/www.brennerbasisdemokratie.eu\/?p=82877\"><span style=\"color: #ff8c00\"><code>01<\/code><\/span><\/a> <a href=\"https:\/\/www.brennerbasisdemokratie.eu\/?p=83182\" title=\"Politischer Kolonialismus?\"><span style=\"color: #ff8c00\"><code>02<\/code><\/span><\/a><\/p>","protected":false},"excerpt":{"rendered":"<p>Landeshauptmann Arno Kompatscher (SVP) ist Medienberichten zufolge \u00fcberrascht, dass es Menschen gebe, die bef\u00fcrchten, er k\u00f6nnte in der Koalition mit den Recht(sextrem)en auch nur einen Zentimeter von seinen Werten abr\u00fccken. Doch allein schon seine Bereitschaft, ohne Not mit post- und neofaschistischen Kr\u00e4ften zusammenzuarbeiten und sie somit zu legitimieren, ist mit den Werten, die man mit [&hellip;]<\/p>","protected":false},"author":1,"featured_media":0,"comment_status":"open","ping_status":"open","sticky":false,"template":"","format":"standard","meta":{"_crdt_document":"","ngg_post_thumbnail":0,"_jetpack_memberships_contains_paid_content":false,"footnotes":""},"categories":[1],"tags":[],"class_list":["post-82859","post","type-post","status-publish","format-standard","hentry","category-allgemein","entity-fdi","entity-freiheitliche","entity-landesregierung","entity-lega","entity-svp","issue-landtagswahl-2023","location-sudtirolo","language-deutsch","person-arno-kompatscher","topic-democrazia","topic-ecologia","topic-faschismen","topic-politik"],"jetpack_featured_media_url":"","jetpack_sharing_enabled":true,"_links":{"self":[{"href":"https:\/\/www.brennerbasisdemokratie.eu\/index.php?rest_route=\/wp\/v2\/posts\/82859","targetHints":{"allow":["GET"]}}],"collection":[{"href":"https:\/\/www.brennerbasisdemokratie.eu\/index.php?rest_route=\/wp\/v2\/posts"}],"about":[{"href":"https:\/\/www.brennerbasisdemokratie.eu\/index.php?rest_route=\/wp\/v2\/types\/post"}],"author":[{"embeddable":true,"href":"https:\/\/www.brennerbasisdemokratie.eu\/index.php?rest_route=\/wp\/v2\/users\/1"}],"replies":[{"embeddable":true,"href":"https:\/\/www.brennerbasisdemokratie.eu\/index.php?rest_route=%2Fwp%2Fv2%2Fcomments&post=82859"}],"version-history":[{"count":8,"href":"https:\/\/www.brennerbasisdemokratie.eu\/index.php?rest_route=\/wp\/v2\/posts\/82859\/revisions"}],"predecessor-version":[{"id":83199,"href":"https:\/\/www.brennerbasisdemokratie.eu\/index.php?rest_route=\/wp\/v2\/posts\/82859\/revisions\/83199"}],"wp:attachment":[{"href":"https:\/\/www.brennerbasisdemokratie.eu\/index.php?rest_route=%2Fwp%2Fv2%2Fmedia&parent=82859"}],"wp:term":[{"taxonomy":"category","embeddable":true,"href":"https:\/\/www.brennerbasisdemokratie.eu\/index.php?rest_route=%2Fwp%2Fv2%2Fcategories&post=82859"},{"taxonomy":"post_tag","embeddable":true,"href":"https:\/\/www.brennerbasisdemokratie.eu\/index.php?rest_route=%2Fwp%2Fv2%2Ftags&post=82859"}],"curies":[{"name":"wp","href":"https:\/\/api.w.org\/{rel}","templated":true}]}}