{"id":82877,"date":"2023-12-30T00:02:16","date_gmt":"2023-12-29T23:02:16","guid":{"rendered":"https:\/\/www.brennerbasisdemokratie.eu\/?p=82877"},"modified":"2025-06-03T10:02:52","modified_gmt":"2025-06-03T08:02:52","slug":"vollig-bedeutungslose-praambel","status":"publish","type":"post","link":"https:\/\/www.brennerbasisdemokratie.eu\/?p=82877","title":{"rendered":"V\u00f6llig bedeutungslose Pr\u00e4ambel."},"content":{"rendered":"<blockquote><p>Diese links-gr\u00fcnen Demonstranten und Briefeschreiber, wie gesagt, die setzen nat\u00fcrlich der <abbr title=\"S\u00fcdtiroler Volkspartei\">SVP<\/abbr> und vor allem dem Landeshauptmann zu, weil sie ihn beeinflussen wollen, aber am Verhandlungstisch spielen diese Themen, die von diesen Leuten angesprochen werden, \u00fcberhaupt keine Rolle.<\/p><\/blockquote>\n<blockquote><p>[Die] Pr\u00e4ambel ist nat\u00fcrlich f\u00fcr die SVP wichtig, aus meiner Sicht ist es v\u00f6llig bedeutungslos. Aus meiner Sicht z\u00e4hlen nur die konkreten Arbeitspunkte.<\/p><\/blockquote>\n<p><em>Otto Mahlknecht, Co-Verhandlungsf\u00fchrer der <\/em>Freiheitlichen<em> bei den Koalitionsgespr\u00e4chen, <a title=\"Rai S\u00fcdtirol: Mittagsmagazin.\" href=\"http:\/\/www.raibz.rai.it\/podcast\/deu\/mittagsmagazin\/mp3\/Mittagsmagazin_29-12-2023.mp3\" target=\"_blank\" rel=\"noopener\">Mittagsmagazin<\/a>, <\/em>Rai S\u00fcdtirol<em>, 29. Dezember \u2013 Transkription von mir<\/em><\/p>\n<p><strong><span style=\"font-family: Helvetica, Arial, sans-serif; text-transform: uppercase;\">C\u00ebla enghe:<\/span><\/strong> <a title=\"Keinen Zentimeter.\" href=\"https:\/\/www.brennerbasisdemokratie.eu\/?p=82859\"><code>01<\/code><\/a> <a title=\"No Excuses: Gelungener Protest.\" href=\"https:\/\/www.brennerbasisdemokratie.eu\/?p=82478\"><code>02<\/code><\/a> <a title=\"Feministischer Appell gegen diese Koalition.\" href=\"https:\/\/www.brennerbasisdemokratie.eu\/?p=82771\"><code>03<\/code><\/a> <a title=\"Genderbefreite Handschrift.\" href=\"https:\/\/www.brennerbasisdemokratie.eu\/?p=82776\"><code>04<\/code><\/a> <span style=\"font-family: Helvetica, Arial, sans-serif; font-weight: normal;\">||<\/span> <a title=\"Ulli Mair oder wie die Zeiten sich \u00e4ndern.\" href=\"https:\/\/www.brennerbasisdemokratie.eu\/?p=83163\"><span style=\"color: #ff8c00\"><code>01<\/code><\/span><\/a> <a title=\"Leiter-Reber geht zu FdI auf Distanz.\" href=\"https:\/\/www.brennerbasisdemokratie.eu\/?p=83461\"><span style=\"color: #ff8c00\"><code>02<\/code><\/span><\/a> <a title=\"Sternstunde der Wahldemokratie.\" href=\"https:\/\/www.brennerbasisdemokratie.eu\/?p=86690\"><span style=\"color: #ff8c00\"><code>03<\/code><\/span><\/a> <a title=\"Galateo boykottiert Regenbogenflagge.\" href=\"https:\/\/www.brennerbasisdemokratie.eu\/?p=92576\"><span style=\"color: #ff8c00\"><code>04<\/code><\/span><\/a><\/p>","protected":false},"excerpt":{"rendered":"<p>Diese links-gr\u00fcnen Demonstranten und Briefeschreiber, wie gesagt, die setzen nat\u00fcrlich der SVP und vor allem dem Landeshauptmann zu, weil sie ihn beeinflussen wollen, aber am Verhandlungstisch spielen diese Themen, die von diesen Leuten angesprochen werden, \u00fcberhaupt keine Rolle. [Die] Pr\u00e4ambel ist nat\u00fcrlich f\u00fcr die SVP wichtig, aus meiner Sicht ist es v\u00f6llig bedeutungslos. Aus meiner [&hellip;]<\/p>","protected":false},"author":1,"featured_media":0,"comment_status":"open","ping_status":"open","sticky":false,"template":"","format":"standard","meta":{"_crdt_document":"","ngg_post_thumbnail":0,"_jetpack_memberships_contains_paid_content":false,"footnotes":""},"categories":[1],"tags":[],"class_list":["post-82877","post","type-post","status-publish","format-standard","hentry","category-allgemein","entity-freiheitliche","entity-no-excuses","entity-svp","issue-landtagswahl-2023","issue-quotation","location-sudtirolo","language-deutsch","medium-rai","person-arno-kompatscher","topic-democrazia","topic-medien","topic-politik"],"jetpack_featured_media_url":"","jetpack_sharing_enabled":true,"_links":{"self":[{"href":"https:\/\/www.brennerbasisdemokratie.eu\/index.php?rest_route=\/wp\/v2\/posts\/82877","targetHints":{"allow":["GET"]}}],"collection":[{"href":"https:\/\/www.brennerbasisdemokratie.eu\/index.php?rest_route=\/wp\/v2\/posts"}],"about":[{"href":"https:\/\/www.brennerbasisdemokratie.eu\/index.php?rest_route=\/wp\/v2\/types\/post"}],"author":[{"embeddable":true,"href":"https:\/\/www.brennerbasisdemokratie.eu\/index.php?rest_route=\/wp\/v2\/users\/1"}],"replies":[{"embeddable":true,"href":"https:\/\/www.brennerbasisdemokratie.eu\/index.php?rest_route=%2Fwp%2Fv2%2Fcomments&post=82877"}],"version-history":[{"count":11,"href":"https:\/\/www.brennerbasisdemokratie.eu\/index.php?rest_route=\/wp\/v2\/posts\/82877\/revisions"}],"predecessor-version":[{"id":92592,"href":"https:\/\/www.brennerbasisdemokratie.eu\/index.php?rest_route=\/wp\/v2\/posts\/82877\/revisions\/92592"}],"wp:attachment":[{"href":"https:\/\/www.brennerbasisdemokratie.eu\/index.php?rest_route=%2Fwp%2Fv2%2Fmedia&parent=82877"}],"wp:term":[{"taxonomy":"category","embeddable":true,"href":"https:\/\/www.brennerbasisdemokratie.eu\/index.php?rest_route=%2Fwp%2Fv2%2Fcategories&post=82877"},{"taxonomy":"post_tag","embeddable":true,"href":"https:\/\/www.brennerbasisdemokratie.eu\/index.php?rest_route=%2Fwp%2Fv2%2Ftags&post=82877"}],"curies":[{"name":"wp","href":"https:\/\/api.w.org\/{rel}","templated":true}]}}